{"id":17566,"date":"2022-06-24T12:45:21","date_gmt":"2022-06-24T10:45:21","guid":{"rendered":"https:\/\/iratiirratia.eus\/?p=17566"},"modified":"2022-06-24T12:45:28","modified_gmt":"2022-06-24T10:45:28","slug":"badator-zazpeko-udako-barnetegia","status":"publish","type":"post","link":"https:\/\/iratiirratia.eus\/index.php\/2022\/06\/24\/badator-zazpeko-udako-barnetegia\/","title":{"rendered":"Badator Zazpeko udako barnetegia"},"content":{"rendered":"<p>Hamabi bat urte daramatzate<strong> udako barnetegiak <\/strong>egiten <strong>Artziko Zazpe <\/strong>herrian<strong>. <\/strong>Auzolana eta euskararen ikasketa biltzen dituen barnetegia dugu eta aurten<strong> uztailaren 22tik 31ra izanen dugu. Izen ematea zabalik da uztailaren 18a bitarte. <\/strong>Honen inguruan gaurkoan bertako arduraduna den<strong> Garoarekin <\/strong>solastu gara.<strong><br \/><\/strong><\/p>\n<p>Edozein zalantza edo izena eman nahiko bazenute idatzi <strong>zazpekobarnetegia@gmail.com<\/strong> helbidera edota hurrengo estekan agertzen den <a href=\"https:\/\/docs.google.com\/forms\/d\/e\/1FAIpQLSfkPmGE-gfTi62UIsMLMw1L-s6H1_j8My84gcr2-MJNwusNuA\/viewform?usp=pp_url\">formularioa<\/a> bete ezazue.<\/p>\n<p>\u00a0<\/p>\n<p><em>Zazpeko Barnetegiaren arduraduna den Garoa Irati Irratian:<br \/><\/em><\/p>\n<p><!--StartFragment--><\/p>\n\n\n<figure class=\"wp-block-audio\"><audio controls src=\"http:\/\/iratiirratia.eus\/audio\/22-06-24GaroaBarnetegia.mp3\"><\/audio><\/figure>\n\n\n\n<p><\/p>\n\n\n\n<figure class=\"wp-block-image size-large\"><img data-attachment-id=\"17567\" data-permalink=\"https:\/\/iratiirratia.eus\/index.php\/2022\/06\/24\/badator-zazpeko-udako-barnetegia\/whatsapp-image-2022-06-21-at-1-01-15-pm\/\" data-orig-file=\"https:\/\/i0.wp.com\/iratiirratia.eus\/wp-content\/uploads\/2022\/06\/WhatsApp-Image-2022-06-21-at-1.01.15-PM.jpeg?fit=1740%2C1239&amp;ssl=1\" data-orig-size=\"1740,1239\" data-comments-opened=\"1\" data-image-meta=\"{&quot;aperture&quot;:&quot;0&quot;,&quot;credit&quot;:&quot;&quot;,&quot;camera&quot;:&quot;&quot;,&quot;caption&quot;:&quot;&quot;,&quot;created_timestamp&quot;:&quot;0&quot;,&quot;copyright&quot;:&quot;&quot;,&quot;focal_length&quot;:&quot;0&quot;,&quot;iso&quot;:&quot;0&quot;,&quot;shutter_speed&quot;:&quot;0&quot;,&quot;title&quot;:&quot;&quot;,&quot;orientation&quot;:&quot;0&quot;}\" data-image-title=\"WhatsApp-Image-2022-06-21-at-1.01.15-PM\" data-image-description=\"\" data-image-caption=\"\" data-medium-file=\"https:\/\/i0.wp.com\/iratiirratia.eus\/wp-content\/uploads\/2022\/06\/WhatsApp-Image-2022-06-21-at-1.01.15-PM.jpeg?fit=300%2C214&amp;ssl=1\" data-large-file=\"https:\/\/i0.wp.com\/iratiirratia.eus\/wp-content\/uploads\/2022\/06\/WhatsApp-Image-2022-06-21-at-1.01.15-PM.jpeg?fit=640%2C456&amp;ssl=1\" decoding=\"async\" loading=\"lazy\" width=\"640\" height=\"456\" src=\"https:\/\/i0.wp.com\/iratiirratia.eus\/wp-content\/uploads\/2022\/06\/WhatsApp-Image-2022-06-21-at-1.01.15-PM-1024x729.jpeg?resize=640%2C456&#038;ssl=1\" alt=\"\" class=\"wp-image-17567\" srcset=\"https:\/\/i0.wp.com\/iratiirratia.eus\/wp-content\/uploads\/2022\/06\/WhatsApp-Image-2022-06-21-at-1.01.15-PM.jpeg?resize=1024%2C729&amp;ssl=1 1024w, https:\/\/i0.wp.com\/iratiirratia.eus\/wp-content\/uploads\/2022\/06\/WhatsApp-Image-2022-06-21-at-1.01.15-PM.jpeg?resize=300%2C214&amp;ssl=1 300w, https:\/\/i0.wp.com\/iratiirratia.eus\/wp-content\/uploads\/2022\/06\/WhatsApp-Image-2022-06-21-at-1.01.15-PM.jpeg?resize=768%2C547&amp;ssl=1 768w, https:\/\/i0.wp.com\/iratiirratia.eus\/wp-content\/uploads\/2022\/06\/WhatsApp-Image-2022-06-21-at-1.01.15-PM.jpeg?resize=1536%2C1094&amp;ssl=1 1536w, https:\/\/i0.wp.com\/iratiirratia.eus\/wp-content\/uploads\/2022\/06\/WhatsApp-Image-2022-06-21-at-1.01.15-PM.jpeg?resize=700%2C498&amp;ssl=1 700w, https:\/\/i0.wp.com\/iratiirratia.eus\/wp-content\/uploads\/2022\/06\/WhatsApp-Image-2022-06-21-at-1.01.15-PM.jpeg?w=1740&amp;ssl=1 1740w, https:\/\/i0.wp.com\/iratiirratia.eus\/wp-content\/uploads\/2022\/06\/WhatsApp-Image-2022-06-21-at-1.01.15-PM.jpeg?w=1280 1280w\" sizes=\"(max-width: 640px) 100vw, 640px\" data-recalc-dims=\"1\" \/><\/figure>\n\n\n<p><!--EndFragment--><\/p>\n\n\n<p><\/p>\n\n\n<p><\/p>\n<p><!-- \/wp:paragraph -\n<\/p>\n\n\n\n\n\n\n\n\n\n\n\n\n\n\n\n\n\n\n\n\n\n\n\n\n\n\n\n\n\n\n\n\n\n\n\n\n\n--><\/p>","protected":false},"excerpt":{"rendered":"<p>Hamabi bat urte daramatzate udako barnetegiak egiten Artziko Zazpe herrian. Auzolana eta euskararen ikasketa biltzen dituen barnetegia dugu eta aurten uztailaren 22tik 31ra izanen dugu. Izen ematea zabalik da uztailaren 18a bitarte. Honen inguruan gaurkoan bertako arduraduna den Garoarekin solastu gara. Edozein zalantza edo izena eman nahiko bazenute idatzi zazpekobarnetegia@gmail.com helbidera edota hurrengo estekan agertzen [&hellip;]<\/p>\n","protected":false},"author":1,"featured_media":17567,"comment_status":"open","ping_status":"open","sticky":false,"template":"","format":"standard","meta":{"jetpack_post_was_ever_published":false,"_jetpack_newsletter_access":"","_jetpack_newsletter_tier_id":0,"jetpack_publicize_message":"Badator @valledearce -n kokatua dagoen Zazpeko udako barnetegia. Bertako arduraduna den Garoarekin solastu gara gaurkoan. #Euskara #Auzolana ","jetpack_is_tweetstorm":false,"jetpack_publicize_feature_enabled":true,"jetpack_social_post_already_shared":true,"jetpack_social_options":{"image_generator_settings":{"template":"highway","enabled":false}}},"categories":[1629,2,6,59],"tags":[1495,2068,2066,2067],"jetpack_publicize_connections":[],"jetpack_featured_media_url":"https:\/\/i0.wp.com\/iratiirratia.eus\/wp-content\/uploads\/2022\/06\/WhatsApp-Image-2022-06-21-at-1.01.15-PM.jpeg?fit=1740%2C1239&ssl=1","jetpack_shortlink":"https:\/\/wp.me\/p7eaXY-4zk","jetpack_sharing_enabled":true,"jetpack-related-posts":[{"id":20041,"url":"https:\/\/iratiirratia.eus\/index.php\/2024\/06\/11\/udako-barnetegi-eskaintzak-eta-aurre-matrikulazio-kanpaina-martxan-aek-n\/","url_meta":{"origin":17566,"position":0},"title":"Udako barnetegi eskaintzak eta aurre-matrikulazio kanpaina martxan AEK-n","author":"Eneko Villegas","date":"11 ekaina, 2024","format":false,"excerpt":"Pirinioetako AEKn euskalduntzeak ez du etenik eta jada prestatzen dabiltza uda honetan izanen den eskaintza. Ohiko barnetegiak ez ezik, barnetegi ibiltaria eta Familia barnetegia ere izanen da eskaintza horren barnean. Hala ere, ez ditugu soilik bertara begira, datorren ikasturterako aurre-matrikulazio kanpaina betean baikara eta gurean maila guztietako eta modalitate desberdinetako\u2026","rel":"","context":"In &quot;Agoitz&quot;","block_context":{"text":"Agoitz","link":"https:\/\/iratiirratia.eus\/index.php\/category\/agoitz\/"},"img":{"alt_text":"","src":"https:\/\/i0.wp.com\/iratiirratia.eus\/wp-content\/uploads\/2019\/09\/aek.jpg?fit=475%2C350&ssl=1&resize=350%2C200","width":350,"height":200},"classes":[]},{"id":10740,"url":"https:\/\/iratiirratia.eus\/index.php\/2017\/06\/13\/utzi-pereza-alde-batera-eta-ikasi-euskera\/","url_meta":{"origin":17566,"position":1},"title":"Utzi pereza alde batera eta ikasi euskera","author":"Irati Irratia","date":"13 ekaina, 2017","format":false,"excerpt":"Izaskun Zabalza-rekin hizketan egon gara pasatako kurtsoaz eta datorren ikasturtearen inguruan. Izaskunek aipatu digu bai kurtsoak eta baita Korrikak ere oso zapore bikaina utzi dutela. Nola ez aurrematrikulazio kanpainan gaudenez animatu gaitu Piriniotan ditugun euskaltegietara hurreratzera eta euskara ikastera. Azaldu digu ere udan AEKak eskaintzen dituen aukerak, tokiko barnetegi zein\u2026","rel":"","context":"In &quot;Berriak&quot;","block_context":{"text":"Berriak","link":"https:\/\/iratiirratia.eus\/index.php\/category\/berriak\/"},"img":{"alt_text":"","src":"https:\/\/i0.wp.com\/iratiirratia.eus\/wp-content\/uploads\/2016\/05\/Sin-t\u00edtulo.png?fit=1002%2C358&ssl=1&resize=350%2C200","width":350,"height":200,"srcset":"https:\/\/i0.wp.com\/iratiirratia.eus\/wp-content\/uploads\/2016\/05\/Sin-t\u00edtulo.png?fit=1002%2C358&ssl=1&resize=350%2C200 1x, https:\/\/i0.wp.com\/iratiirratia.eus\/wp-content\/uploads\/2016\/05\/Sin-t\u00edtulo.png?fit=1002%2C358&ssl=1&resize=525%2C300 1.5x, https:\/\/i0.wp.com\/iratiirratia.eus\/wp-content\/uploads\/2016\/05\/Sin-t\u00edtulo.png?fit=1002%2C358&ssl=1&resize=700%2C400 2x"},"classes":[]},{"id":18735,"url":"https:\/\/iratiirratia.eus\/index.php\/2023\/07\/07\/baratze-ekologikoaren-erabileran-trebatzeko-tailerra-antolatu-du-garaitzeko-asik-arrea-elkartearen-laguntzaz\/","url_meta":{"origin":17566,"position":2},"title":"Baratze ekologikoaren erabileran trebatzeko tailerra antolatu du Garaitzeko Asik Arrea elkartearen laguntzaz","author":"Irati Irratia","date":"7 uztaila, 2023","format":false,"excerpt":"Uztailaren 8 eta 9an izanen da Arrea elkarteko Tania Gomezek gidatu behar duen tailerra. Bertan Baratze ekologiko baten erabileran trebatuko dituzte bertaratutakoak saio teoriko praktiko batean batean.\u00a0 Bertan nekazaritza ekologikoaren oinariak, lurraren emankortasun eta hobekuntzak, baratzearen aniztasuna eta baratze bera osasuntsu mantentzeko irizpideak landu eginen dituzte.Tailerrean ere bertaratuko direnen galderak\u2026","rel":"","context":"In &quot;Auritz&quot;","block_context":{"text":"Auritz","link":"https:\/\/iratiirratia.eus\/index.php\/category\/auritz\/"},"img":{"alt_text":"","src":"https:\/\/i0.wp.com\/iratiirratia.eus\/wp-content\/uploads\/2023\/07\/Imagen-de-WhatsApp-2023-07-07-a-las-09.39.13-1-e1688716245820.jpg?fit=890%2C660&ssl=1&resize=350%2C200","width":350,"height":200,"srcset":"https:\/\/i0.wp.com\/iratiirratia.eus\/wp-content\/uploads\/2023\/07\/Imagen-de-WhatsApp-2023-07-07-a-las-09.39.13-1-e1688716245820.jpg?fit=890%2C660&ssl=1&resize=350%2C200 1x, https:\/\/i0.wp.com\/iratiirratia.eus\/wp-content\/uploads\/2023\/07\/Imagen-de-WhatsApp-2023-07-07-a-las-09.39.13-1-e1688716245820.jpg?fit=890%2C660&ssl=1&resize=525%2C300 1.5x, https:\/\/i0.wp.com\/iratiirratia.eus\/wp-content\/uploads\/2023\/07\/Imagen-de-WhatsApp-2023-07-07-a-las-09.39.13-1-e1688716245820.jpg?fit=890%2C660&ssl=1&resize=700%2C400 2x"},"classes":[]},{"id":4563,"url":"https:\/\/iratiirratia.eus\/index.php\/2014\/02\/11\/baratze-soziala-quinon-comunitario\/","url_meta":{"origin":17566,"position":3},"title":"Baratze soziala-Qui\u00f1\u00f3n comunitario","author":"Irati Irratia","date":"11 otsaila, 2014","format":false,"excerpt":"Izenburua: Baratze soziala Iraupena: 0:13 ordu Klikatu hemen saioa jaisteko [audio:http:\/\/iratiirratia.net\/audio\/2huertasocial.mp3|titles=Egun on, Au\u00f1amendi! 14-02-11]","rel":"","context":"In &quot;Egun on, Au\u00f1amendi!&quot;","block_context":{"text":"Egun on, Au\u00f1amendi!","link":"https:\/\/iratiirratia.eus\/index.php\/category\/egunon-aunamendi\/"},"img":{"alt_text":"","src":"","width":0,"height":0},"classes":[]},{"id":19355,"url":"https:\/\/iratiirratia.eus\/index.php\/2023\/12\/14\/gure-zirkua-heldu-da-etb1-era\/","url_meta":{"origin":17566,"position":4},"title":"Gure Zirkua heldu da ETB1-era!","author":"Irati Irratia","date":"14 abendua, 2023","format":false,"excerpt":"\u201cGure Zirkuak\u201d, Iker Galartzak sortutako Euskal Herriko lehen zirku ibiltariak, 6 urte daramatza Euskal Herriko herri eta txokoetan magia, poza eta ilusioa zabalduz, eta laster ETB1-en \u201cGURE ZIRKUA HELDU DA\u201d saioan zirku batean 24 orduz bizitzea zer den ezagutuko dugu. Gu saioko zuzendariarekin izan gara, kontatu diezagun nola igari duten\u2026","rel":"","context":"In &quot;Berriak&quot;","block_context":{"text":"Berriak","link":"https:\/\/iratiirratia.eus\/index.php\/category\/berriak\/"},"img":{"alt_text":"","src":"https:\/\/i0.wp.com\/iratiirratia.eus\/wp-content\/uploads\/2023\/12\/gure-zirkua.jpg?fit=848%2C1200&ssl=1&resize=350%2C200","width":350,"height":200,"srcset":"https:\/\/i0.wp.com\/iratiirratia.eus\/wp-content\/uploads\/2023\/12\/gure-zirkua.jpg?fit=848%2C1200&ssl=1&resize=350%2C200 1x, https:\/\/i0.wp.com\/iratiirratia.eus\/wp-content\/uploads\/2023\/12\/gure-zirkua.jpg?fit=848%2C1200&ssl=1&resize=525%2C300 1.5x, https:\/\/i0.wp.com\/iratiirratia.eus\/wp-content\/uploads\/2023\/12\/gure-zirkua.jpg?fit=848%2C1200&ssl=1&resize=700%2C400 2x"},"classes":[]},{"id":20533,"url":"https:\/\/iratiirratia.eus\/index.php\/2024\/09\/17\/iratiko-mendietan-barna-garatuko-da-larunbatean-irati-xtrem-btt-froga\/","url_meta":{"origin":17566,"position":5},"title":"Iratiko mendietan barna garatuko da larunbatean Irati Xtrem BTT froga","author":"Eneko Villegas","date":"17 iraila, 2024","format":false,"excerpt":"Berriz ere izan gara gaurkoan I\u00f1igo Labat Irati Xtrem frogaren antolatzailearekin. Asteburu honetan ospatuko baita Otsagabian aurtengo bigarren froga, mendi bizikletan edo BTTn egin beharreko froga alegia. Jada 500 parte-hartzaile daude izena emanda eta orain eguraldiari so daude, eguraldi kaxkarra eginez gero ibilbidea moldatu beharko baitute. Ratu on bat pasa\u2026","rel":"","context":"In &quot;Berriak&quot;","block_context":{"text":"Berriak","link":"https:\/\/iratiirratia.eus\/index.php\/category\/berriak\/"},"img":{"alt_text":"","src":"https:\/\/i0.wp.com\/iratiirratia.eus\/wp-content\/uploads\/2024\/09\/IratiXtremBttIr21.jpg?fit=1080%2C1080&ssl=1&resize=350%2C200","width":350,"height":200,"srcset":"https:\/\/i0.wp.com\/iratiirratia.eus\/wp-content\/uploads\/2024\/09\/IratiXtremBttIr21.jpg?fit=1080%2C1080&ssl=1&resize=350%2C200 1x, https:\/\/i0.wp.com\/iratiirratia.eus\/wp-content\/uploads\/2024\/09\/IratiXtremBttIr21.jpg?fit=1080%2C1080&ssl=1&resize=525%2C300 1.5x, https:\/\/i0.wp.com\/iratiirratia.eus\/wp-content\/uploads\/2024\/09\/IratiXtremBttIr21.jpg?fit=1080%2C1080&ssl=1&resize=700%2C400 2x, https:\/\/i0.wp.com\/iratiirratia.eus\/wp-content\/uploads\/2024\/09\/IratiXtremBttIr21.jpg?fit=1080%2C1080&ssl=1&resize=1050%2C600 3x"},"classes":[]}],"_links":{"self":[{"href":"https:\/\/iratiirratia.eus\/index.php\/wp-json\/wp\/v2\/posts\/17566"}],"collection":[{"href":"https:\/\/iratiirratia.eus\/index.php\/wp-json\/wp\/v2\/posts"}],"about":[{"href":"https:\/\/iratiirratia.eus\/index.php\/wp-json\/wp\/v2\/types\/post"}],"author":[{"embeddable":true,"href":"https:\/\/iratiirratia.eus\/index.php\/wp-json\/wp\/v2\/users\/1"}],"replies":[{"embeddable":true,"href":"https:\/\/iratiirratia.eus\/index.php\/wp-json\/wp\/v2\/comments?post=17566"}],"version-history":[{"count":1,"href":"https:\/\/iratiirratia.eus\/index.php\/wp-json\/wp\/v2\/posts\/17566\/revisions"}],"predecessor-version":[{"id":17568,"href":"https:\/\/iratiirratia.eus\/index.php\/wp-json\/wp\/v2\/posts\/17566\/revisions\/17568"}],"wp:featuredmedia":[{"embeddable":true,"href":"https:\/\/iratiirratia.eus\/index.php\/wp-json\/wp\/v2\/media\/17567"}],"wp:attachment":[{"href":"https:\/\/iratiirratia.eus\/index.php\/wp-json\/wp\/v2\/media?parent=17566"}],"wp:term":[{"taxonomy":"category","embeddable":true,"href":"https:\/\/iratiirratia.eus\/index.php\/wp-json\/wp\/v2\/categories?post=17566"},{"taxonomy":"post_tag","embeddable":true,"href":"https:\/\/iratiirratia.eus\/index.php\/wp-json\/wp\/v2\/tags?post=17566"}],"curies":[{"name":"wp","href":"https:\/\/api.w.org\/{rel}","templated":true}]}}