{"id":18416,"date":"2023-05-04T12:49:42","date_gmt":"2023-05-04T10:49:42","guid":{"rendered":"http:\/\/iratiirratia.eus\/?p=18416"},"modified":"2023-05-04T12:49:46","modified_gmt":"2023-05-04T10:49:46","slug":"igande-honetan-hasiko-da-aunamendiko-3-antzerki-zikloa","status":"publish","type":"post","link":"https:\/\/iratiirratia.eus\/index.php\/2023\/05\/04\/igande-honetan-hasiko-da-aunamendiko-3-antzerki-zikloa\/","title":{"rendered":"Igande honetan hasiko da Au\u00f1amendiko 3. Antzerki Zikloa."},"content":{"rendered":"<p>3. edizioa da aurtengoa<strong> Au\u00f1amendiko Antzerki Zikloarentzat. <\/strong>Garaian Euskararen Ginkanara aurkeztutako lagun koadrila bati bururatu zitzaion ekimena zen zeina aurrera eramatea erabaki zuten. Horiek <strong>Au\u00f1amendiko Bitxiloreak<\/strong> taldea sortu eta ekin zioten lanari. Edizio arrakastatsuak izanda bideari jarraipena eman diote eta aurtengo edizioan lau emanaldi prestatu dituzte <strong>Irati irratia<\/strong>, <strong>Etxabarrengoa elkartea<\/strong> eta <strong>Garaitzeko Asi<\/strong> elkarteak lagunduta eta Nafar Gobernuko diru-laguntza baliatuta. Hau guztiaz solastu gara bertako kidea den <strong>Itziar Mitxelena Gamio<\/strong> lagunarekin.<strong><br \/><\/strong><\/p>\n<p><strong>Emanaldiak<\/strong>:<br \/><strong>Maiatzak 7- 18:30- Auritzeko Kultur etxean &#8211; Hiru Kortse Azukre Asko eta Brandy Gehiegi<\/strong><br \/><strong>Maiatzak 21- 18:30- Auritzeko Kultur etxean- Trapu Zikinak<\/strong><br \/><strong>Maiatzak 28- 17:30- Aurizberriko Urrobi kanpinean- Ezberdin bezain eder (haurrendako emankizuna)<\/strong><br \/><strong>Ekainak 4- 18:30- Garaioako udaletxean- Beatriz Egizabalen Magma Mia bakarrizketa<br \/><br \/>Bonuen erreserba 667974106 zenbakira mezua bidaliz<\/strong><\/p>\n<p>\u00a0<\/p>\n<p><strong>\u00a0<\/strong><\/p>\n<p>\u00a0<\/p>\n<p><strong>\u00a0<\/strong><strong>\u00a0<\/strong><\/p>\n<p><em>Itziar Mitxelena Gamio Irati Irratian:<\/em><!--StartFragment--><\/p>\n\n\n<figure class=\"wp-block-audio\"><audio controls src=\"http:\/\/iratiirratia.eus\/audio\/23-05-04ItziarAntzerki.mp3\"><\/audio><\/figure>\n\n\n\n<figure class=\"wp-block-image size-large\"><img data-attachment-id=\"18418\" data-permalink=\"https:\/\/iratiirratia.eus\/index.php\/2023\/05\/04\/igande-honetan-hasiko-da-aunamendiko-3-antzerki-zikloa\/aunamendiko-antzerki-zikloa-231\/\" data-orig-file=\"https:\/\/i0.wp.com\/iratiirratia.eus\/wp-content\/uploads\/2023\/05\/Aunamendiko-Antzerki-Zikloa-231.jpg?fit=1587%2C2245&amp;ssl=1\" data-orig-size=\"1587,2245\" data-comments-opened=\"1\" data-image-meta=\"{&quot;aperture&quot;:&quot;0&quot;,&quot;credit&quot;:&quot;&quot;,&quot;camera&quot;:&quot;&quot;,&quot;caption&quot;:&quot;&quot;,&quot;created_timestamp&quot;:&quot;0&quot;,&quot;copyright&quot;:&quot;&quot;,&quot;focal_length&quot;:&quot;0&quot;,&quot;iso&quot;:&quot;0&quot;,&quot;shutter_speed&quot;:&quot;0&quot;,&quot;title&quot;:&quot;&quot;,&quot;orientation&quot;:&quot;1&quot;}\" data-image-title=\"Au\u00f1amendiko Antzerki Zikloa 23(1)\" data-image-description=\"\" data-image-caption=\"\" data-medium-file=\"https:\/\/i0.wp.com\/iratiirratia.eus\/wp-content\/uploads\/2023\/05\/Aunamendiko-Antzerki-Zikloa-231.jpg?fit=212%2C300&amp;ssl=1\" data-large-file=\"https:\/\/i0.wp.com\/iratiirratia.eus\/wp-content\/uploads\/2023\/05\/Aunamendiko-Antzerki-Zikloa-231.jpg?fit=640%2C905&amp;ssl=1\" decoding=\"async\" loading=\"lazy\" width=\"640\" height=\"905\" src=\"https:\/\/i0.wp.com\/iratiirratia.eus\/wp-content\/uploads\/2023\/05\/Aunamendiko-Antzerki-Zikloa-231.jpg?resize=640%2C905\" alt=\"\" class=\"wp-image-18418\" srcset=\"https:\/\/i0.wp.com\/iratiirratia.eus\/wp-content\/uploads\/2023\/05\/Aunamendiko-Antzerki-Zikloa-231.jpg?resize=724%2C1024&amp;ssl=1 724w, https:\/\/i0.wp.com\/iratiirratia.eus\/wp-content\/uploads\/2023\/05\/Aunamendiko-Antzerki-Zikloa-231.jpg?resize=212%2C300&amp;ssl=1 212w, https:\/\/i0.wp.com\/iratiirratia.eus\/wp-content\/uploads\/2023\/05\/Aunamendiko-Antzerki-Zikloa-231.jpg?resize=768%2C1086&amp;ssl=1 768w, https:\/\/i0.wp.com\/iratiirratia.eus\/wp-content\/uploads\/2023\/05\/Aunamendiko-Antzerki-Zikloa-231.jpg?resize=1086%2C1536&amp;ssl=1 1086w, https:\/\/i0.wp.com\/iratiirratia.eus\/wp-content\/uploads\/2023\/05\/Aunamendiko-Antzerki-Zikloa-231.jpg?resize=1448%2C2048&amp;ssl=1 1448w, https:\/\/i0.wp.com\/iratiirratia.eus\/wp-content\/uploads\/2023\/05\/Aunamendiko-Antzerki-Zikloa-231.jpg?resize=700%2C990&amp;ssl=1 700w, https:\/\/i0.wp.com\/iratiirratia.eus\/wp-content\/uploads\/2023\/05\/Aunamendiko-Antzerki-Zikloa-231.jpg?w=1587&amp;ssl=1 1587w, https:\/\/i0.wp.com\/iratiirratia.eus\/wp-content\/uploads\/2023\/05\/Aunamendiko-Antzerki-Zikloa-231.jpg?w=1280 1280w\" sizes=\"(max-width: 640px) 100vw, 640px\" data-recalc-dims=\"1\" \/><\/figure>\n\n\n\n<figure class=\"wp-block-image size-large\"><img data-attachment-id=\"18417\" data-permalink=\"https:\/\/iratiirratia.eus\/index.php\/2023\/05\/04\/igande-honetan-hasiko-da-aunamendiko-3-antzerki-zikloa\/hirukortseborradore11\/\" data-orig-file=\"https:\/\/i0.wp.com\/iratiirratia.eus\/wp-content\/uploads\/2023\/05\/HiruKortseBorradore11.jpg?fit=1587%2C2245&amp;ssl=1\" data-orig-size=\"1587,2245\" data-comments-opened=\"1\" data-image-meta=\"{&quot;aperture&quot;:&quot;0&quot;,&quot;credit&quot;:&quot;&quot;,&quot;camera&quot;:&quot;&quot;,&quot;caption&quot;:&quot;&quot;,&quot;created_timestamp&quot;:&quot;0&quot;,&quot;copyright&quot;:&quot;&quot;,&quot;focal_length&quot;:&quot;0&quot;,&quot;iso&quot;:&quot;0&quot;,&quot;shutter_speed&quot;:&quot;0&quot;,&quot;title&quot;:&quot;&quot;,&quot;orientation&quot;:&quot;1&quot;}\" data-image-title=\"HiruKortseBorradore1(1)\" data-image-description=\"\" data-image-caption=\"\" data-medium-file=\"https:\/\/i0.wp.com\/iratiirratia.eus\/wp-content\/uploads\/2023\/05\/HiruKortseBorradore11.jpg?fit=212%2C300&amp;ssl=1\" data-large-file=\"https:\/\/i0.wp.com\/iratiirratia.eus\/wp-content\/uploads\/2023\/05\/HiruKortseBorradore11.jpg?fit=640%2C905&amp;ssl=1\" decoding=\"async\" loading=\"lazy\" width=\"640\" height=\"905\" src=\"https:\/\/i0.wp.com\/iratiirratia.eus\/wp-content\/uploads\/2023\/05\/HiruKortseBorradore11.jpg?resize=640%2C905\" alt=\"\" class=\"wp-image-18417\" srcset=\"https:\/\/i0.wp.com\/iratiirratia.eus\/wp-content\/uploads\/2023\/05\/HiruKortseBorradore11.jpg?resize=724%2C1024&amp;ssl=1 724w, https:\/\/i0.wp.com\/iratiirratia.eus\/wp-content\/uploads\/2023\/05\/HiruKortseBorradore11.jpg?resize=212%2C300&amp;ssl=1 212w, https:\/\/i0.wp.com\/iratiirratia.eus\/wp-content\/uploads\/2023\/05\/HiruKortseBorradore11.jpg?resize=768%2C1086&amp;ssl=1 768w, https:\/\/i0.wp.com\/iratiirratia.eus\/wp-content\/uploads\/2023\/05\/HiruKortseBorradore11.jpg?resize=1086%2C1536&amp;ssl=1 1086w, https:\/\/i0.wp.com\/iratiirratia.eus\/wp-content\/uploads\/2023\/05\/HiruKortseBorradore11.jpg?resize=1448%2C2048&amp;ssl=1 1448w, https:\/\/i0.wp.com\/iratiirratia.eus\/wp-content\/uploads\/2023\/05\/HiruKortseBorradore11.jpg?resize=700%2C990&amp;ssl=1 700w, https:\/\/i0.wp.com\/iratiirratia.eus\/wp-content\/uploads\/2023\/05\/HiruKortseBorradore11.jpg?w=1587&amp;ssl=1 1587w, https:\/\/i0.wp.com\/iratiirratia.eus\/wp-content\/uploads\/2023\/05\/HiruKortseBorradore11.jpg?w=1280 1280w\" sizes=\"(max-width: 640px) 100vw, 640px\" data-recalc-dims=\"1\" \/><\/figure>\n\n\n<a href=\"https:\/\/iratiirratia.eus\/wp-content\/uploads\/2023\/05\/AntzerkiZikloaTriptiko2023.pdf\" class=\"pdfemb-viewer\" style=\"\" data-width=\"max\" data-height=\"max\"  data-toolbar=\"bottom\" data-toolbar-fixed=\"off\">AntzerkiZikloaTriptiko2023<br\/><\/a>\n<p class=\"wp-block-pdfemb-pdf-embedder-viewer\"><\/p>\n\n\n<p><!--EndFragment--><\/p>\n<p><\/p>\n<p><!-- \/wp:paragraph -\n<\/p>\n\n\n\n\n\n\n\n\n\n\n\n\n\n\n\n\n\n\n\n\n\n\n\n\n\n\n\n\n\n\n\n\n\n\n\n\n\n\n\n\n\n\n\n\n\n\n\n\n\n\n\n\n\n\n\n\n\n\n\n\n\n\n\n\n\n\n\n\n\n\n\n\n\n\n\n\n\n\n\n\n\n\n\n\n\n\n\n\n\n\n\n\n\n\n\n\n\n\n\n\n\n\n\n\n\n\n\n\n\n\n\n\n\n\n\n\n\n\n\n\n\n\n\n\n\n\n\n\n\n\n\n\n\n\n\n\n\n\n\n\n\n\n\n\n\n\n\n\n\n\n\n\n\n\n\n\n\n\n\n\n\n\n\n\n\n\n\n\n\n\n\n\n\n\n\n\n\n\n\n\n\n\n\n\n\n\n\n\n\n\n\n\n\n\n\n\n\n\n\n\n\n\n\n\n\n\n\n\n\n\n\n\n\n\n\n\n\n\n\n\n\n\n\n\n\n\n\n\n\n\n\n\n\n\n\n\n\n\n\n\n\n\n\n\n\n\n\n\n\n\n\n\n\n\n\n\n\n\n\n\n\n\n\n\n\n\n\n\n\n\n\n\n\n\n\n\n\n\n\n\n\n\n\n\n\n\n\n\n\n\n\n\n\n\n\n\n\n\n\n\n\n\n\n\n\n\n\n\n\n\n\n\n\n\n\n\n\n\n\n\n\n\n\n--><\/p>","protected":false},"excerpt":{"rendered":"<p>3. edizioa da aurtengoa Au\u00f1amendiko Antzerki Zikloarentzat. Garaian Euskararen Ginkanara aurkeztutako lagun koadrila bati bururatu zitzaion ekimena zen zeina aurrera eramatea erabaki zuten. Horiek Au\u00f1amendiko Bitxiloreak taldea sortu eta ekin zioten lanari. Edizio arrakastatsuak izanda bideari jarraipena eman diote eta aurtengo edizioan lau emanaldi prestatu dituzte Irati irratia, Etxabarrengoa elkartea eta Garaitzeko Asi elkarteak lagunduta [&hellip;]<\/p>\n","protected":false},"author":1,"featured_media":18420,"comment_status":"open","ping_status":"open","sticky":false,"template":"","format":"standard","meta":{"jetpack_post_was_ever_published":false,"_jetpack_newsletter_access":"","_jetpack_newsletter_tier_id":0,"jetpack_publicize_message":"Igande honetan hasiko da Au\u00f1amendiko 3. Antzerki Zikloa. Au\u00f1amendiko Bitxiloreetako @ItziarrMitxe lagunarekin solastu gara #Au\u00f1amendiko3AntzerkiZikloa -ren inguruan.","jetpack_is_tweetstorm":false,"jetpack_publicize_feature_enabled":true,"jetpack_social_post_already_shared":false,"jetpack_social_options":{"image_generator_settings":{"template":"highway","enabled":false}}},"categories":[117,1629,587,2,228,59,608],"tags":[610,2020,1485,2416],"jetpack_publicize_connections":[],"jetpack_featured_media_url":"https:\/\/i0.wp.com\/iratiirratia.eus\/wp-content\/uploads\/2023\/05\/Aunamendiko-Bitxiloreak4.png?fit=500%2C500&ssl=1","jetpack_shortlink":"https:\/\/wp.me\/p7eaXY-4N2","jetpack_sharing_enabled":true,"jetpack-related-posts":[{"id":16192,"url":"https:\/\/iratiirratia.eus\/index.php\/2021\/05\/25\/euskarazko-antzerki-zikloa-antolatu-dute-aunamendiko-bitxiloreek\/","url_meta":{"origin":18416,"position":0},"title":"Euskarazko antzerki zikloa antolatu dute Au\u00f1amendiko Bitxiloreek","author":"Irati Irratia","date":"25 maiatza, 2021","format":false,"excerpt":"Au\u00f1amendiko Bitxiloreak Euskararen Ginkanara aurkeztutako 5 lagunek osatzen duten taldea da eta hemendik sortzen da euskarazko antzerki ziklo bat egitearen ideia. Ekainaren 27an hasi eta irailera bitarte hiru emanaldi antolatu dituzte Auritzen bat eta bi Aezkoan. Orain diru-laguntzen bila dabiltza eta ate desberdinak joz aritu dira egunotan. Bonolaguntza batzuk atera\u2026","rel":"","context":"In &quot;Aezkoa&quot;","block_context":{"text":"Aezkoa","link":"https:\/\/iratiirratia.eus\/index.php\/category\/aezkoa\/"},"img":{"alt_text":"","src":"https:\/\/i0.wp.com\/iratiirratia.eus\/wp-content\/uploads\/2021\/05\/dance-430554_1920.jpg?fit=1200%2C821&ssl=1&resize=350%2C200","width":350,"height":200,"srcset":"https:\/\/i0.wp.com\/iratiirratia.eus\/wp-content\/uploads\/2021\/05\/dance-430554_1920.jpg?fit=1200%2C821&ssl=1&resize=350%2C200 1x, https:\/\/i0.wp.com\/iratiirratia.eus\/wp-content\/uploads\/2021\/05\/dance-430554_1920.jpg?fit=1200%2C821&ssl=1&resize=525%2C300 1.5x, https:\/\/i0.wp.com\/iratiirratia.eus\/wp-content\/uploads\/2021\/05\/dance-430554_1920.jpg?fit=1200%2C821&ssl=1&resize=700%2C400 2x, https:\/\/i0.wp.com\/iratiirratia.eus\/wp-content\/uploads\/2021\/05\/dance-430554_1920.jpg?fit=1200%2C821&ssl=1&resize=1050%2C600 3x"},"classes":[]},{"id":17454,"url":"https:\/\/iratiirratia.eus\/index.php\/2022\/05\/30\/berritasunez-beteta-dator-aunamendiko-bigarren-antzerki-zikloa\/","url_meta":{"origin":18416,"position":1},"title":"Berritasunez beteta dator Au\u00f1amendiko bigarren antzerki zikloa","author":"Irati Irratia","date":"30 maiatza, 2022","format":false,"excerpt":"Ekainaren 4an hasiko da aurtengo bigarren Au\u00f1amendiko Antzerki Zikloa. 5 emankizun izanen dira osotara eta larunbat honetan izanen du lehen hitzordua ZuBi emankizunarekin. Ez hori bakarrik, egun osoko egitaraua betetzeko emankizunen goizetan Ibilaldi zikloa antolatu dute. Bost emankizunetarako bonuak atera dituzte, guztietara joan zaitezke 25 euro ordainduta. Lehendabiziko lau emankizunak\u2026","rel":"","context":"In &quot;Aezkoa&quot;","block_context":{"text":"Aezkoa","link":"https:\/\/iratiirratia.eus\/index.php\/category\/aezkoa\/"},"img":{"alt_text":"","src":"https:\/\/i0.wp.com\/iratiirratia.eus\/wp-content\/uploads\/2022\/05\/WhatsApp-Image-2022-05-24-at-10.18.23-PM.jpeg?resize=350%2C200&ssl=1","width":350,"height":200,"srcset":"https:\/\/i0.wp.com\/iratiirratia.eus\/wp-content\/uploads\/2022\/05\/WhatsApp-Image-2022-05-24-at-10.18.23-PM.jpeg?resize=350%2C200&ssl=1 1x, https:\/\/i0.wp.com\/iratiirratia.eus\/wp-content\/uploads\/2022\/05\/WhatsApp-Image-2022-05-24-at-10.18.23-PM.jpeg?resize=525%2C300&ssl=1 1.5x, https:\/\/i0.wp.com\/iratiirratia.eus\/wp-content\/uploads\/2022\/05\/WhatsApp-Image-2022-05-24-at-10.18.23-PM.jpeg?resize=700%2C400&ssl=1 2x, https:\/\/i0.wp.com\/iratiirratia.eus\/wp-content\/uploads\/2022\/05\/WhatsApp-Image-2022-05-24-at-10.18.23-PM.jpeg?resize=1050%2C600&ssl=1 3x"},"classes":[]},{"id":16295,"url":"https:\/\/iratiirratia.eus\/index.php\/2021\/06\/22\/amua-antzezlanak-emanen-dio-hasiera-aunamendiko-antzerki-zikloari\/","url_meta":{"origin":18416,"position":2},"title":"Amua antzezlanak emanen dio hasiera Au\u00f1amendiko Antzerki zikloari","author":"Irati Irratia","date":"22 ekaina, 2021","format":false,"excerpt":"Bono laguntzen aferaz solastu ginen azkenengoz Iratxe Anduezarekin, Au\u00f1amendiko Bitxiloreek erronka handia baitzuten Au\u00f1amendiko Antzerki Zikloarekin. Gaur da eguna, zeinetan zikloa egitea lortu eta igandean estreinatu eginen duten, Axut konpainiaren Amua antzezlana izanen baita estreinua egiteko arduraduna. Jende zein erakunde eta negozioen inplikazioa nabarmendu nahi izan ditu, hauek ahalbidetu baitute\u2026","rel":"","context":"In &quot;Aezkoa&quot;","block_context":{"text":"Aezkoa","link":"https:\/\/iratiirratia.eus\/index.php\/category\/aezkoa\/"},"img":{"alt_text":"","src":"https:\/\/i0.wp.com\/iratiirratia.eus\/wp-content\/uploads\/2021\/06\/WhatsApp-Image-2021-06-21-at-22.45.07-1.jpeg?fit=848%2C1200&ssl=1&resize=350%2C200","width":350,"height":200,"srcset":"https:\/\/i0.wp.com\/iratiirratia.eus\/wp-content\/uploads\/2021\/06\/WhatsApp-Image-2021-06-21-at-22.45.07-1.jpeg?fit=848%2C1200&ssl=1&resize=350%2C200 1x, https:\/\/i0.wp.com\/iratiirratia.eus\/wp-content\/uploads\/2021\/06\/WhatsApp-Image-2021-06-21-at-22.45.07-1.jpeg?fit=848%2C1200&ssl=1&resize=525%2C300 1.5x, https:\/\/i0.wp.com\/iratiirratia.eus\/wp-content\/uploads\/2021\/06\/WhatsApp-Image-2021-06-21-at-22.45.07-1.jpeg?fit=848%2C1200&ssl=1&resize=700%2C400 2x"},"classes":[]},{"id":17459,"url":"https:\/\/iratiirratia.eus\/index.php\/2022\/05\/31\/egun-on-aunamendi-xorroxin-eta-euskalerria-irratietara-bisita-eta-aunamendiko-antzerki-eta-ibilaldi-zikloa\/","url_meta":{"origin":18416,"position":3},"title":"Egun On, Au\u00f1amendi! Xorroxin eta Euskalerria irratietara bisita eta Au\u00f1amendiko Antzerki eta Ibilaldi zikloa","author":"Irati Irratia","date":"31 maiatza, 2022","format":false,"excerpt":"Gaurko lehen geldialdia Xorroxin irratian egin dugu zeinetan Julen Zelaieta izan dugu bertako kronika pasatzen. Bigarrena, Euskalerria irratian egin dugu geldialdia Haritz Pascualek bertatik kronika pasa zezan. Bukatzeko, Au\u00f1amendiko Bitxiloreetako Mikel Albisu izan dugu Au\u00f1amendiko Antzerki Eta Ibilaldi zikloaz mintzatzen. Izenburua: Maiatzaren 30eko saioa Iraupena: 2 ordu 30 minutu Klikatu\u2026","rel":"","context":"In &quot;Egun on, Au\u00f1amendi!&quot;","block_context":{"text":"Egun on, Au\u00f1amendi!","link":"https:\/\/iratiirratia.eus\/index.php\/category\/egunon-aunamendi\/"},"img":{"alt_text":"","src":"","width":0,"height":0},"classes":[]},{"id":18486,"url":"https:\/\/iratiirratia.eus\/index.php\/2023\/05\/19\/kolektiboki-trapu-zikinak-garbitzearen-ideia-antzerki-eginda\/","url_meta":{"origin":18416,"position":4},"title":"Kolektiboki trapu zikinak garbitzearen ideia antzerki eginda","author":"Irati Irratia","date":"19 maiatza, 2023","format":false,"excerpt":"Oiartzun sortu zuten Lore More konpainiakoak Trapu Zikinak antzezlana Udalbiltzaren Geuretik Sortuak ekimenaren baitan. Konpainia Maialen Diazek eta Mikele Urrozek sortu zuten eta gero batu zaizkie Laura Villanueva eta Luzia Ezker. Garai batean garbitokian arropak garbitzea nolakoa izan behar zen erakusten dute betiere gaurkotasun puntu bat emanez. Luzia Ezkerrekin izan\u2026","rel":"","context":"In &quot;Aezkoa&quot;","block_context":{"text":"Aezkoa","link":"https:\/\/iratiirratia.eus\/index.php\/category\/aezkoa\/"},"img":{"alt_text":"","src":"https:\/\/i0.wp.com\/iratiirratia.eus\/wp-content\/uploads\/2023\/05\/Imagen-de-WhatsApp-2023-05-18-a-las-09.11.13-1-e1684492409273.jpg?fit=1131%2C873&ssl=1&resize=350%2C200","width":350,"height":200,"srcset":"https:\/\/i0.wp.com\/iratiirratia.eus\/wp-content\/uploads\/2023\/05\/Imagen-de-WhatsApp-2023-05-18-a-las-09.11.13-1-e1684492409273.jpg?fit=1131%2C873&ssl=1&resize=350%2C200 1x, https:\/\/i0.wp.com\/iratiirratia.eus\/wp-content\/uploads\/2023\/05\/Imagen-de-WhatsApp-2023-05-18-a-las-09.11.13-1-e1684492409273.jpg?fit=1131%2C873&ssl=1&resize=525%2C300 1.5x, https:\/\/i0.wp.com\/iratiirratia.eus\/wp-content\/uploads\/2023\/05\/Imagen-de-WhatsApp-2023-05-18-a-las-09.11.13-1-e1684492409273.jpg?fit=1131%2C873&ssl=1&resize=700%2C400 2x, https:\/\/i0.wp.com\/iratiirratia.eus\/wp-content\/uploads\/2023\/05\/Imagen-de-WhatsApp-2023-05-18-a-las-09.11.13-1-e1684492409273.jpg?fit=1131%2C873&ssl=1&resize=1050%2C600 3x"},"classes":[]},{"id":16293,"url":"https:\/\/iratiirratia.eus\/index.php\/2021\/06\/22\/egun-on-aunamendi-aralar-irratia-aunamendiko-antzerki-zikloa-eta-covid-gakoak-2\/","url_meta":{"origin":18416,"position":5},"title":"Egun On, Au\u00f1amendi! Aralar irratia, Au\u00f1amendiko Antzerki Zikloa eta Covid gakoak","author":"Irati Irratia","date":"22 ekaina, 2021","format":false,"excerpt":"Gaurko saioan Martin Juanenarekin izan gara Larraun -Lekunberri aldeko kronika jasotzen. Ondoren Au\u00f1amendiko Antzerki zikloaren antolatzailea den Au\u00f1amendiko Bitxiloreetako Iratxe Andueza izan dugu zikloaz mintzatzen. Bukatzeko Elhuyar fundazioko Covid gakoak izan ditugu Ana Galarragaren eskutik Talde inmunitateaz aritu zaigularik. Izenburua: Ekainaren 22ko saioa Iraupena: 2:35 ordu Klikatu hemen saioa jaisteko\u2026","rel":"","context":"In &quot;Egun on, Au\u00f1amendi!&quot;","block_context":{"text":"Egun on, Au\u00f1amendi!","link":"https:\/\/iratiirratia.eus\/index.php\/category\/egunon-aunamendi\/"},"img":{"alt_text":"","src":"","width":0,"height":0},"classes":[]}],"_links":{"self":[{"href":"https:\/\/iratiirratia.eus\/index.php\/wp-json\/wp\/v2\/posts\/18416"}],"collection":[{"href":"https:\/\/iratiirratia.eus\/index.php\/wp-json\/wp\/v2\/posts"}],"about":[{"href":"https:\/\/iratiirratia.eus\/index.php\/wp-json\/wp\/v2\/types\/post"}],"author":[{"embeddable":true,"href":"https:\/\/iratiirratia.eus\/index.php\/wp-json\/wp\/v2\/users\/1"}],"replies":[{"embeddable":true,"href":"https:\/\/iratiirratia.eus\/index.php\/wp-json\/wp\/v2\/comments?post=18416"}],"version-history":[{"count":1,"href":"https:\/\/iratiirratia.eus\/index.php\/wp-json\/wp\/v2\/posts\/18416\/revisions"}],"predecessor-version":[{"id":18421,"href":"https:\/\/iratiirratia.eus\/index.php\/wp-json\/wp\/v2\/posts\/18416\/revisions\/18421"}],"wp:featuredmedia":[{"embeddable":true,"href":"https:\/\/iratiirratia.eus\/index.php\/wp-json\/wp\/v2\/media\/18420"}],"wp:attachment":[{"href":"https:\/\/iratiirratia.eus\/index.php\/wp-json\/wp\/v2\/media?parent=18416"}],"wp:term":[{"taxonomy":"category","embeddable":true,"href":"https:\/\/iratiirratia.eus\/index.php\/wp-json\/wp\/v2\/categories?post=18416"},{"taxonomy":"post_tag","embeddable":true,"href":"https:\/\/iratiirratia.eus\/index.php\/wp-json\/wp\/v2\/tags?post=18416"}],"curies":[{"name":"wp","href":"https:\/\/api.w.org\/{rel}","templated":true}]}}