{"id":18962,"date":"2023-09-07T09:37:02","date_gmt":"2023-09-07T07:37:02","guid":{"rendered":"https:\/\/iratiirratia.eus\/?p=18962"},"modified":"2023-09-07T09:37:07","modified_gmt":"2023-09-07T07:37:07","slug":"gure-ikurrak-eta-nortasuna-adieraztera-dei-egin-dute-gure-esku-dagok-eta-nafarroa-berriz-altxa-dinamikak-la-vueltaren-harira","status":"publish","type":"post","link":"https:\/\/iratiirratia.eus\/index.php\/2023\/09\/07\/gure-ikurrak-eta-nortasuna-adieraztera-dei-egin-dute-gure-esku-dagok-eta-nafarroa-berriz-altxa-dinamikak-la-vueltaren-harira\/","title":{"rendered":"Gure ikurrak eta nortasuna adieraztera dei egin dute Gure Esku Dagok eta Nafarroa Berriz Altxa dinamikak La Vueltaren harira"},"content":{"rendered":"<p>Larunbata eta igandean pasako da &#8220;La Vuelta&#8221; txirrindularitza froga gure inguruetatik. Larunbateko etapa <strong>Larra-Belaguan<\/strong> amaitu eginen da eta igandekoa aldiz <strong>Lekunberrin<\/strong>. Honen harira, ikusita Tourrean lortutako oihartzuna <strong>Gure Esku Dagok<\/strong> eta <strong>Nafarroa Berriz Altxak<\/strong> gure ikur eta nortasunak adieraztera dei egin du bi etapa hauetan <strong>Basques Decide-Euskal Herriak erabaki<\/strong> lemapean. Hainbat deialdi plazaratu dituzte bai larunbatean eta baita igandean ere. Hau guztiaz<strong> Gure Esku Dago<\/strong> ekimenaren bozeramaile den <strong>Josu Etxabururekin<\/strong> solastu gara gaurkoan.<strong><br \/><\/strong><\/p>\n<p>\u00a0<\/p>\n<p><em>Josu Etxaburu Irati Irratian:<\/em><!--StartFragment--><\/p>\n\n\n<figure class=\"wp-block-audio\"><audio controls src=\"http:\/\/iratiirratia.eus\/audio\/23-09-06JosuGureEsku.mp3\"><\/audio><\/figure>\n\n\n<p><!--EndFragment--><\/p>\n<p><\/p>\n<p><!-- \/wp:paragraph -\n<\/p>\n\n\n\n\n\n\n\n\n\n\n\n\n\n\n\n\n\n\n\n\n\n\n\n\n\n\n\n\n\n\n\n\n\n\n\n\n\n\n\n\n\n\n\n\n\n\n\n\n\n\n\n\n\n\n\n\n\n\n\n\n\n\n\n\n\n\n\n\n\n\n\n\n\n\n\n\n\n\n\n\n\n\n\n\n\n\n\n\n\n\n\n\n\n\n\n\n\n\n\n\n\n\n\n\n\n\n\n\n\n\n\n\n\n\n\n\n\n\n\n\n\n\n\n\n\n\n\n\n\n\n\n\n\n\n\n\n\n\n\n\n\n\n\n\n\n\n\n\n\n\n\n\n\n\n\n\n\n\n\n\n\n\n\n\n\n\n\n\n\n\n\n\n\n\n\n\n\n\n\n\n\n\n\n\n\n\n\n\n\n\n\n\n\n\n\n\n\n\n\n\n\n\n\n\n\n\n\n\n\n\n\n\n\n\n\n\n\n\n\n\n\n\n\n\n\n\n\n\n\n\n\n\n\n\n\n\n\n\n\n\n\n\n\n\n\n\n\n\n\n\n\n\n\n\n\n\n\n\n\n\n\n\n\n\n\n\n\n\n\n\n\n\n\n\n\n\n\n\n\n\n\n\n\n\n\n\n\n\n\n\n\n\n\n\n\n\n\n\n\n\n\n\n\n\n\n\n\n\n\n\n\n\n\n\n\n\n\n\n\n\n\n\n\n\n\n\n\n\n\n\n\n\n\n\n\n\n\n\n\n\n\n\n\n\n\n\n\n\n\n\n\n\n\n\n\n\n\n\n\n\n\n\n\n\n\n\n\n\n\n\n\n\n\n\n\n\n\n\n\n\n\n\n\n\n\n\n\n\n\n\n\n\n\n\n\n\n\n\n\n\n\n\n\n\n\n\n\n\n\n\n\n\n\n\n\n\n\n\n\n\n\n\n\n\n\n\n\n\n\n\n\n\n\n\n\n\n\n\n\n\n\n\n\n\n\n\n\n\n\n\n\n\n\n\n\n\n\n\n\n\n\n\n\n\n\n\n\n\n\n\n\n\n\n\n\n\n\n\n\n\n\n\n\n\n\n\n\n\n\n\n\n\n\n\n\n--><\/p>\n\n\n<figure class=\"wp-block-gallery has-nested-images columns-default is-cropped wp-block-gallery-1 is-layout-flex\">\n<figure class=\"wp-block-image size-large\"><img data-attachment-id=\"18964\" data-permalink=\"https:\/\/iratiirratia.eus\/index.php\/2023\/09\/07\/gure-ikurrak-eta-nortasuna-adieraztera-dei-egin-dute-gure-esku-dagok-eta-nafarroa-berriz-altxa-dinamikak-la-vueltaren-harira\/imagen-de-whatsapp-2023-09-07-a-las-09-24-43agerraldi\/\" data-orig-file=\"https:\/\/i0.wp.com\/iratiirratia.eus\/wp-content\/uploads\/2023\/09\/Imagen-de-WhatsApp-2023-09-07-a-las-09.24.43agerraldi.jpg?fit=1080%2C720&amp;ssl=1\" data-orig-size=\"1080,720\" data-comments-opened=\"1\" data-image-meta=\"{&quot;aperture&quot;:&quot;0&quot;,&quot;credit&quot;:&quot;&quot;,&quot;camera&quot;:&quot;&quot;,&quot;caption&quot;:&quot;&quot;,&quot;created_timestamp&quot;:&quot;0&quot;,&quot;copyright&quot;:&quot;&quot;,&quot;focal_length&quot;:&quot;0&quot;,&quot;iso&quot;:&quot;0&quot;,&quot;shutter_speed&quot;:&quot;0&quot;,&quot;title&quot;:&quot;&quot;,&quot;orientation&quot;:&quot;0&quot;}\" data-image-title=\"Imagen-de-WhatsApp-2023-09-07-a-las-09.24.43agerraldi\" data-image-description=\"\" data-image-caption=\"\" data-medium-file=\"https:\/\/i0.wp.com\/iratiirratia.eus\/wp-content\/uploads\/2023\/09\/Imagen-de-WhatsApp-2023-09-07-a-las-09.24.43agerraldi.jpg?fit=300%2C200&amp;ssl=1\" data-large-file=\"https:\/\/i0.wp.com\/iratiirratia.eus\/wp-content\/uploads\/2023\/09\/Imagen-de-WhatsApp-2023-09-07-a-las-09.24.43agerraldi.jpg?fit=640%2C427&amp;ssl=1\" decoding=\"async\" loading=\"lazy\" width=\"640\" height=\"427\" data-id=\"18964\"  src=\"https:\/\/i0.wp.com\/iratiirratia.eus\/wp-content\/uploads\/2023\/09\/Imagen-de-WhatsApp-2023-09-07-a-las-09.24.43agerraldi-1024x683.jpg?resize=640%2C427&#038;ssl=1\" alt=\"\" class=\"wp-image-18964\" srcset=\"https:\/\/i0.wp.com\/iratiirratia.eus\/wp-content\/uploads\/2023\/09\/Imagen-de-WhatsApp-2023-09-07-a-las-09.24.43agerraldi.jpg?resize=1024%2C683&amp;ssl=1 1024w, https:\/\/i0.wp.com\/iratiirratia.eus\/wp-content\/uploads\/2023\/09\/Imagen-de-WhatsApp-2023-09-07-a-las-09.24.43agerraldi.jpg?resize=300%2C200&amp;ssl=1 300w, https:\/\/i0.wp.com\/iratiirratia.eus\/wp-content\/uploads\/2023\/09\/Imagen-de-WhatsApp-2023-09-07-a-las-09.24.43agerraldi.jpg?resize=768%2C512&amp;ssl=1 768w, https:\/\/i0.wp.com\/iratiirratia.eus\/wp-content\/uploads\/2023\/09\/Imagen-de-WhatsApp-2023-09-07-a-las-09.24.43agerraldi.jpg?resize=700%2C467&amp;ssl=1 700w, https:\/\/i0.wp.com\/iratiirratia.eus\/wp-content\/uploads\/2023\/09\/Imagen-de-WhatsApp-2023-09-07-a-las-09.24.43agerraldi.jpg?w=1080&amp;ssl=1 1080w\" sizes=\"(max-width: 640px) 100vw, 640px\" data-recalc-dims=\"1\" \/><\/figure>\n<\/figure>\n\n\n\n<figure class=\"wp-block-image size-large\"><img data-attachment-id=\"18965\" data-permalink=\"https:\/\/iratiirratia.eus\/index.php\/2023\/09\/07\/gure-ikurrak-eta-nortasuna-adieraztera-dei-egin-dute-gure-esku-dagok-eta-nafarroa-berriz-altxa-dinamikak-la-vueltaren-harira\/imagen-de-whatsapp-2023-09-07-a-las-09-24-43-1\/\" data-orig-file=\"https:\/\/i0.wp.com\/iratiirratia.eus\/wp-content\/uploads\/2023\/09\/Imagen-de-WhatsApp-2023-09-07-a-las-09.24.43-1.jpg?fit=900%2C1600&amp;ssl=1\" data-orig-size=\"900,1600\" data-comments-opened=\"1\" data-image-meta=\"{&quot;aperture&quot;:&quot;0&quot;,&quot;credit&quot;:&quot;&quot;,&quot;camera&quot;:&quot;&quot;,&quot;caption&quot;:&quot;&quot;,&quot;created_timestamp&quot;:&quot;0&quot;,&quot;copyright&quot;:&quot;&quot;,&quot;focal_length&quot;:&quot;0&quot;,&quot;iso&quot;:&quot;0&quot;,&quot;shutter_speed&quot;:&quot;0&quot;,&quot;title&quot;:&quot;&quot;,&quot;orientation&quot;:&quot;0&quot;}\" data-image-title=\"Imagen-de-WhatsApp-2023-09-07-a-las-09.24.43-1\" data-image-description=\"\" data-image-caption=\"\" data-medium-file=\"https:\/\/i0.wp.com\/iratiirratia.eus\/wp-content\/uploads\/2023\/09\/Imagen-de-WhatsApp-2023-09-07-a-las-09.24.43-1.jpg?fit=169%2C300&amp;ssl=1\" data-large-file=\"https:\/\/i0.wp.com\/iratiirratia.eus\/wp-content\/uploads\/2023\/09\/Imagen-de-WhatsApp-2023-09-07-a-las-09.24.43-1.jpg?fit=576%2C1024&amp;ssl=1\" decoding=\"async\" loading=\"lazy\" width=\"576\" height=\"1024\" src=\"https:\/\/i0.wp.com\/iratiirratia.eus\/wp-content\/uploads\/2023\/09\/Imagen-de-WhatsApp-2023-09-07-a-las-09.24.43-1-576x1024.jpg?resize=576%2C1024&#038;ssl=1\" alt=\"\" class=\"wp-image-18965\" srcset=\"https:\/\/i0.wp.com\/iratiirratia.eus\/wp-content\/uploads\/2023\/09\/Imagen-de-WhatsApp-2023-09-07-a-las-09.24.43-1.jpg?resize=576%2C1024&amp;ssl=1 576w, https:\/\/i0.wp.com\/iratiirratia.eus\/wp-content\/uploads\/2023\/09\/Imagen-de-WhatsApp-2023-09-07-a-las-09.24.43-1.jpg?resize=169%2C300&amp;ssl=1 169w, https:\/\/i0.wp.com\/iratiirratia.eus\/wp-content\/uploads\/2023\/09\/Imagen-de-WhatsApp-2023-09-07-a-las-09.24.43-1.jpg?resize=768%2C1365&amp;ssl=1 768w, https:\/\/i0.wp.com\/iratiirratia.eus\/wp-content\/uploads\/2023\/09\/Imagen-de-WhatsApp-2023-09-07-a-las-09.24.43-1.jpg?resize=864%2C1536&amp;ssl=1 864w, https:\/\/i0.wp.com\/iratiirratia.eus\/wp-content\/uploads\/2023\/09\/Imagen-de-WhatsApp-2023-09-07-a-las-09.24.43-1.jpg?resize=700%2C1244&amp;ssl=1 700w, https:\/\/i0.wp.com\/iratiirratia.eus\/wp-content\/uploads\/2023\/09\/Imagen-de-WhatsApp-2023-09-07-a-las-09.24.43-1.jpg?w=900&amp;ssl=1 900w\" sizes=\"(max-width: 576px) 100vw, 576px\" data-recalc-dims=\"1\" \/><\/figure>\n","protected":false},"excerpt":{"rendered":"<p>Larunbata eta igandean pasako da &#8220;La Vuelta&#8221; txirrindularitza froga gure inguruetatik. Larunbateko etapa Larra-Belaguan amaitu eginen da eta igandekoa aldiz Lekunberrin. Honen harira, ikusita Tourrean lortutako oihartzuna Gure Esku Dagok eta Nafarroa Berriz Altxak gure ikur eta nortasunak adieraztera dei egin du bi etapa hauetan Basques Decide-Euskal Herriak erabaki lemapean. Hainbat deialdi plazaratu dituzte bai [&hellip;]<\/p>\n","protected":false},"author":1,"featured_media":18966,"comment_status":"open","ping_status":"open","sticky":false,"template":"","format":"standard","meta":{"jetpack_post_was_ever_published":false,"_jetpack_newsletter_access":"","_jetpack_newsletter_tier_id":0,"jetpack_publicize_message":"Gure ikurrak eta nortasuna adieraztera dei egin dute @gure_esku -k eta @altxanafarroa dinamikak La Vueltaren harira. Honetaz solastu gara @gure_esku -ko Josu Etxabururekin #EuskalHerriakErabaki #BasquesDecide","jetpack_is_tweetstorm":false,"jetpack_publicize_feature_enabled":true,"jetpack_social_post_already_shared":false,"jetpack_social_options":{"image_generator_settings":{"template":"highway","enabled":false}}},"categories":[2,6,1093,641],"tags":[1038,2625,2624,2261,1443],"jetpack_publicize_connections":[],"jetpack_featured_media_url":"https:\/\/i0.wp.com\/iratiirratia.eus\/wp-content\/uploads\/2023\/09\/Imagen-de-WhatsApp-2023-09-07-a-las-09.24.43Logo.jpg?fit=1260%2C1260&ssl=1","jetpack_shortlink":"https:\/\/wp.me\/p7eaXY-4VQ","jetpack_sharing_enabled":true,"jetpack-related-posts":[{"id":6203,"url":"https:\/\/iratiirratia.eus\/index.php\/2015\/06\/18\/gure-esku-dago-igandean-ekitaldia\/","url_meta":{"origin":18962,"position":0},"title":"Gure Esku Dago, erabakia ehuntzen","author":"Irati Irratia","date":"18 ekaina, 2015","format":false,"excerpt":"Izenburua: Jon Ziritza Gure Esku Dago dinamikako Nafarroako koordinatzailea Iraupena: 0:20 ordu Klikatu hemen saioa jaisteko [audio:http:\/\/iratiirratia.eus\/audio\/jonziritza.mp3|titles= Jon Ziritza Gure Esku Dago dinamikako Nafarroako koordinatzailea]","rel":"","context":"In &quot;Elkarrizketak&quot;","block_context":{"text":"Elkarrizketak","link":"https:\/\/iratiirratia.eus\/index.php\/category\/elkarrizketak\/"},"img":{"alt_text":"","src":"https:\/\/i0.wp.com\/iratiirratia.eus\/wp-content\/uploads\/2015\/06\/ehuntzen-.jpg?fit=1200%2C682&ssl=1&resize=350%2C200","width":350,"height":200,"srcset":"https:\/\/i0.wp.com\/iratiirratia.eus\/wp-content\/uploads\/2015\/06\/ehuntzen-.jpg?fit=1200%2C682&ssl=1&resize=350%2C200 1x, https:\/\/i0.wp.com\/iratiirratia.eus\/wp-content\/uploads\/2015\/06\/ehuntzen-.jpg?fit=1200%2C682&ssl=1&resize=525%2C300 1.5x, https:\/\/i0.wp.com\/iratiirratia.eus\/wp-content\/uploads\/2015\/06\/ehuntzen-.jpg?fit=1200%2C682&ssl=1&resize=700%2C400 2x, https:\/\/i0.wp.com\/iratiirratia.eus\/wp-content\/uploads\/2015\/06\/ehuntzen-.jpg?fit=1200%2C682&ssl=1&resize=1050%2C600 3x"},"classes":[]},{"id":17970,"url":"https:\/\/iratiirratia.eus\/index.php\/2022\/12\/15\/gure-amonen-jakintza-batu-eta-partekatzeko-proiektua-aurkeztuko-dute-auzperrin\/","url_meta":{"origin":18962,"position":1},"title":"Gure amonen jakintza batu eta partekatzeko proiektua aurkeztuko dute Auzperrin","author":"Irati Irratia","date":"15 abendua, 2022","format":false,"excerpt":"Larunbat honetan arratsaldeko 18:00 etan Auzperriko Elizan aurkeztuko dute proiektua jendaurrean. Gure amonen jakintza ondare inmateriala izanik jaso eta gorde nahi duen proiektua da \"La voz de nuestras abuelas\". Auzperri herriko amonen jakintzak, bizitakoak, ikuspegiak,... dena saiatu dira batzen eta hori da jendarteratuko dutena. Gaur proiektuaren nondik norakoak ezagutu ditugu\u2026","rel":"","context":"In &quot;Berriak&quot;","block_context":{"text":"Berriak","link":"https:\/\/iratiirratia.eus\/index.php\/category\/berriak\/"},"img":{"alt_text":"","src":"https:\/\/i0.wp.com\/iratiirratia.eus\/wp-content\/uploads\/2022\/12\/LaVozAuzperri-1-e1671117343261.jpg?fit=606%2C706&ssl=1&resize=350%2C200","width":350,"height":200,"srcset":"https:\/\/i0.wp.com\/iratiirratia.eus\/wp-content\/uploads\/2022\/12\/LaVozAuzperri-1-e1671117343261.jpg?fit=606%2C706&ssl=1&resize=350%2C200 1x, https:\/\/i0.wp.com\/iratiirratia.eus\/wp-content\/uploads\/2022\/12\/LaVozAuzperri-1-e1671117343261.jpg?fit=606%2C706&ssl=1&resize=525%2C300 1.5x"},"classes":[]},{"id":11289,"url":"https:\/\/iratiirratia.eus\/index.php\/2017\/09\/26\/gure-esku-dago-berpizten\/","url_meta":{"origin":18962,"position":2},"title":"Gure Esku Dago berpizten","author":"Irati Irratia","date":"26 iraila, 2017","format":false,"excerpt":"Helburu horrekin hasi dira antolatzen lantaldea Gure Esku Dago dinamikako kideak. Hoien artean gure gonbidatua dago Edurne Errea eta aitortu digunez duela 3 urteko Giza-kateak lortutako atxikimendua berreskuratze bidean lantaldea indartzen dabiltza. Lanean hasteko irrikaz daude Kataluniako egoerak lagunduta eta baita tokiko egoerak bultzatuta. Norbait interesa izatekotan Gure Esku Dagoko\u2026","rel":"","context":"In &quot;Berriak&quot;","block_context":{"text":"Berriak","link":"https:\/\/iratiirratia.eus\/index.php\/category\/berriak\/"},"img":{"alt_text":"","src":"https:\/\/i0.wp.com\/iratiirratia.eus\/wp-content\/uploads\/2017\/09\/maxresdefault.jpg?fit=1200%2C675&ssl=1&resize=350%2C200","width":350,"height":200,"srcset":"https:\/\/i0.wp.com\/iratiirratia.eus\/wp-content\/uploads\/2017\/09\/maxresdefault.jpg?fit=1200%2C675&ssl=1&resize=350%2C200 1x, https:\/\/i0.wp.com\/iratiirratia.eus\/wp-content\/uploads\/2017\/09\/maxresdefault.jpg?fit=1200%2C675&ssl=1&resize=525%2C300 1.5x, https:\/\/i0.wp.com\/iratiirratia.eus\/wp-content\/uploads\/2017\/09\/maxresdefault.jpg?fit=1200%2C675&ssl=1&resize=700%2C400 2x, https:\/\/i0.wp.com\/iratiirratia.eus\/wp-content\/uploads\/2017\/09\/maxresdefault.jpg?fit=1200%2C675&ssl=1&resize=1050%2C600 3x"},"classes":[]},{"id":4949,"url":"https:\/\/iratiirratia.eus\/index.php\/2014\/05\/29\/gure-esku-dago-nafarroa-eta-pirinioa\/","url_meta":{"origin":18962,"position":3},"title":"Gure esku dago, Nafarroa eta Pirinioa","author":"Irati Irratia","date":"29 maiatza, 2014","format":false,"excerpt":"Izenburua: Gure esku dago, Nafarroa eta Pirinioa Iraupena: 0:30 min Klikatu hemen saioa jaisteko [audio:http:\/\/iratiirratia.net\/audio\/4gure_esku_dagoOK.mp3|titles=Egun on, Au\u00f1amendi! 14-05-29]","rel":"","context":"In &quot;Egun on, Au\u00f1amendi!&quot;","block_context":{"text":"Egun on, Au\u00f1amendi!","link":"https:\/\/iratiirratia.eus\/index.php\/category\/egunon-aunamendi\/"},"img":{"alt_text":"","src":"","width":0,"height":0},"classes":[]},{"id":4993,"url":"https:\/\/iratiirratia.eus\/index.php\/2014\/06\/10\/gure-esku-dago-nafarroa-eta-pirinioa-balorazioa\/","url_meta":{"origin":18962,"position":4},"title":"Gure esku dago, Nafarroa eta Pirinioa (balorazioa)","author":"Irati Irratia","date":"10 ekaina, 2014","format":false,"excerpt":"Izenburua: Gure esku dago, Nafarroa eta Pirinioa Iraupena: 0:30 min Klikatu hemen saioa jaisteko [audio:http:\/\/iratiirratia.net\/audio\/2gure_esku_dago_antolakuntza.mp3|titles=Egun on, Au\u00f1amendi! 14-06-10]","rel":"","context":"In &quot;Egun on, Au\u00f1amendi!&quot;","block_context":{"text":"Egun on, Au\u00f1amendi!","link":"https:\/\/iratiirratia.eus\/index.php\/category\/egunon-aunamendi\/"},"img":{"alt_text":"","src":"","width":0,"height":0},"classes":[]},{"id":22497,"url":"https:\/\/iratiirratia.eus\/index.php\/2025\/09\/01\/gazarako-bidean-den-flotillarekin-elkartasuna-adierazteko-elkarretaratzea-izan-zen-uztarrozen\/","url_meta":{"origin":18962,"position":5},"title":"Gazarako bidean den flotillarekin elkartasuna adierazteko elkarretaratzea izan zen Uztarrozen","author":"Eneko Villegas","date":"1 iraila, 2025","format":false,"excerpt":"Palestinan Israelek eragiten dabilen genozidioa salatuz eta Gazarako bidea hartu duen nazioarteko flotillari babesa adierazteko elkarretaratzea egin zuten Uztarrozeko herritarrek. Ez hori bakarrik, \"La Vuelta\" txirrindularitza frogan Israeleko taldearen parte-hartzea gaitzetsi egin zuten eta astearterako deialdia luzatu zuten, Palestinar ikurrekin bidea josteko.Atzokoan abiatu ziren Bartzelonatik 30 barku Palestinarrei giza-laguntza eramateko\u2026","rel":"","context":"In &quot;Berriak&quot;","block_context":{"text":"Berriak","link":"https:\/\/iratiirratia.eus\/index.php\/category\/berriak\/"},"img":{"alt_text":"","src":"https:\/\/i0.wp.com\/iratiirratia.eus\/wp-content\/uploads\/2025\/09\/Imagen-de-WhatsApp-2025-09-01-a-las-13.44.54_70ff8861.jpg?fit=1200%2C539&ssl=1&resize=350%2C200","width":350,"height":200,"srcset":"https:\/\/i0.wp.com\/iratiirratia.eus\/wp-content\/uploads\/2025\/09\/Imagen-de-WhatsApp-2025-09-01-a-las-13.44.54_70ff8861.jpg?fit=1200%2C539&ssl=1&resize=350%2C200 1x, https:\/\/i0.wp.com\/iratiirratia.eus\/wp-content\/uploads\/2025\/09\/Imagen-de-WhatsApp-2025-09-01-a-las-13.44.54_70ff8861.jpg?fit=1200%2C539&ssl=1&resize=525%2C300 1.5x, https:\/\/i0.wp.com\/iratiirratia.eus\/wp-content\/uploads\/2025\/09\/Imagen-de-WhatsApp-2025-09-01-a-las-13.44.54_70ff8861.jpg?fit=1200%2C539&ssl=1&resize=700%2C400 2x, https:\/\/i0.wp.com\/iratiirratia.eus\/wp-content\/uploads\/2025\/09\/Imagen-de-WhatsApp-2025-09-01-a-las-13.44.54_70ff8861.jpg?fit=1200%2C539&ssl=1&resize=1050%2C600 3x"},"classes":[]}],"_links":{"self":[{"href":"https:\/\/iratiirratia.eus\/index.php\/wp-json\/wp\/v2\/posts\/18962"}],"collection":[{"href":"https:\/\/iratiirratia.eus\/index.php\/wp-json\/wp\/v2\/posts"}],"about":[{"href":"https:\/\/iratiirratia.eus\/index.php\/wp-json\/wp\/v2\/types\/post"}],"author":[{"embeddable":true,"href":"https:\/\/iratiirratia.eus\/index.php\/wp-json\/wp\/v2\/users\/1"}],"replies":[{"embeddable":true,"href":"https:\/\/iratiirratia.eus\/index.php\/wp-json\/wp\/v2\/comments?post=18962"}],"version-history":[{"count":1,"href":"https:\/\/iratiirratia.eus\/index.php\/wp-json\/wp\/v2\/posts\/18962\/revisions"}],"predecessor-version":[{"id":18967,"href":"https:\/\/iratiirratia.eus\/index.php\/wp-json\/wp\/v2\/posts\/18962\/revisions\/18967"}],"wp:featuredmedia":[{"embeddable":true,"href":"https:\/\/iratiirratia.eus\/index.php\/wp-json\/wp\/v2\/media\/18966"}],"wp:attachment":[{"href":"https:\/\/iratiirratia.eus\/index.php\/wp-json\/wp\/v2\/media?parent=18962"}],"wp:term":[{"taxonomy":"category","embeddable":true,"href":"https:\/\/iratiirratia.eus\/index.php\/wp-json\/wp\/v2\/categories?post=18962"},{"taxonomy":"post_tag","embeddable":true,"href":"https:\/\/iratiirratia.eus\/index.php\/wp-json\/wp\/v2\/tags?post=18962"}],"curies":[{"name":"wp","href":"https:\/\/api.w.org\/{rel}","templated":true}]}}