{"id":19091,"date":"2023-10-06T13:15:17","date_gmt":"2023-10-06T11:15:17","guid":{"rendered":"http:\/\/iratiirratia.eus\/?p=19091"},"modified":"2023-10-06T13:15:44","modified_gmt":"2023-10-06T11:15:44","slug":"1080-eurotako-pentsioen-eskakizunekin-bat-egin-dute-zenbait-eragilek-eta-azaroaren-11n-mobilizatzera-deitu","status":"publish","type":"post","link":"https:\/\/iratiirratia.eus\/index.php\/2023\/10\/06\/1080-eurotako-pentsioen-eskakizunekin-bat-egin-dute-zenbait-eragilek-eta-azaroaren-11n-mobilizatzera-deitu\/","title":{"rendered":"1080 eurotako pentsioen eskakizunekin bat egin dute zenbait eragilek eta azaroaren 11n mobilizatzera deitu"},"content":{"rendered":"<p><strong>1080 Orain plataformaren<\/strong> baitan egituratu dira pentsiodunen mugimenduaren eskaerari laguntzeko asmoz. Sindikatuak, kolektiboak, eragile sozialak eta mugimendu feminista izan dira bertan dabiltzanak eta azaroaren 11n mobilizazioa deitu dute. <strong>Mugimendu feministako eta plataformako kide<\/strong> den <strong>Paula Garcia Garcia<\/strong> izan dugu gaur gurean eta berak adierazi bezala pentsioen eskakizun hori azaroaren 30eko greba feministan ere txertatu dutela, zaintza sistema kolektiboaren bueltan.<\/p>\n<p>\u00a0<\/p>\n<p><strong>\u00a0<\/strong><\/p>\n<p><strong>\u00a0<\/strong><\/p>\n<p><strong>Paula Garcia Garcia<\/strong><em> Irati Irratian:<\/em><\/p>\n<p><!--StartFragment--><\/p>\n\n\n<figure class=\"wp-block-audio\"><audio controls src=\"http:\/\/iratiirratia.eus\/audio\/23-10-06Paula1080.mp3\"><\/audio><\/figure>\n\n\n<p><!--EndFragment--><\/p>\n<p><!-- \/wp:paragraph -\n<\/p>\n\n\n\n\n\n\n\n\n\n\n\n\n\n\n\n\n\n\n\n\n\n\n\n\n\n\n\n\n\n\n\n\n\n\n\n\n\n\n\n\n\n\n\n\n\n\n\n\n\n\n\n\n\n\n\n\n\n\n\n\n\n\n\n\n\n\n\n\n\n\n\n\n\n\n\n\n\n\n\n\n\n\n\n\n\n\n\n\n\n\n\n\n\n\n\n\n\n\n\n\n\n\n\n\n\n\n\n\n\n\n\n\n\n\n\n\n\n\n\n\n\n\n\n\n\n\n\n\n\n\n\n\n\n\n\n\n\n\n\n\n\n\n\n\n\n\n\n\n\n\n\n\n\n\n\n\n\n\n\n\n\n\n\n\n\n\n\n\n\n\n\n\n\n\n\n\n\n\n\n\n\n\n\n\n\n\n\n\n\n\n\n\n\n\n\n\n\n\n\n\n\n\n\n\n\n\n\n\n\n\n\n\n\n\n\n\n\n\n\n\n\n\n\n\n\n\n\n\n\n\n\n\n\n\n\n\n\n\n\n\n\n\n\n\n\n\n\n\n\n\n\n\n\n\n\n\n\n\n\n\n\n\n\n\n\n\n\n\n\n\n\n\n\n\n\n\n\n\n\n\n\n\n\n\n\n\n\n\n\n\n\n\n\n\n\n\n\n\n\n\n\n\n\n\n\n\n\n\n\n\n\n\n\n\n\n\n\n\n\n\n\n\n\n\n\n\n\n\n\n\n\n\n\n\n\n\n\n\n\n\n\n\n\n\n\n\n\n\n\n\n\n\n\n\n\n\n\n\n\n\n\n\n\n\n\n\n\n\n\n\n\n\n\n\n\n\n\n\n\n\n\n\n\n\n\n\n\n\n\n\n\n\n\n\n\n\n\n\n\n\n\n\n\n\n\n\n\n\n\n\n\n\n\n\n\n\n\n\n\n\n\n\n\n\n\n\n\n\n\n\n\n\n\n\n\n\n\n\n\n\n\n\n\n\n\n\n\n\n\n\n\n\n\n\n\n\n\n\n\n\n\n\n\n\n\n\n\n\n\n\n\n\n\n\n\n\n\n\n\n\n\n\n\n\n\n\n\n\n\n\n\n\n\n\n\n\n\n\n\n\n\n\n\n\n\n\n\n\n\n\n\n\n\n\n\n\n\n\n\n\n\n\n\n\n\n\n\n\n\n\n\n\n\n\n\n\n\n\n\n\n\n\n\n\n\n\n\n\n\n\n\n\n\n\n\n\n\n\n\n\n\n\n\n\n\n\n\n\n\n\n\n\n\n\n\n\n\n\n\n\n\n\n\n\n\n\n\n\n\n\n\n\n\n\n\n\n\n\n\n\n\n\n\n\n\n--><\/p>","protected":false},"excerpt":{"rendered":"<p>1080 Orain plataformaren baitan egituratu dira pentsiodunen mugimenduaren eskaerari laguntzeko asmoz. Sindikatuak, kolektiboak, eragile sozialak eta mugimendu feminista izan dira bertan dabiltzanak eta azaroaren 11n mobilizazioa deitu dute. Mugimendu feministako eta plataformako kide den Paula Garcia Garcia izan dugu gaur gurean eta berak adierazi bezala pentsioen eskakizun hori azaroaren 30eko greba feministan ere txertatu dutela, [&hellip;]<\/p>\n","protected":false},"author":1,"featured_media":19092,"comment_status":"open","ping_status":"open","sticky":false,"template":"","format":"standard","meta":{"jetpack_post_was_ever_published":false,"_jetpack_newsletter_access":"","_jetpack_newsletter_tier_id":0,"jetpack_publicize_message":"1080 eurotako pentsioen eskakizunekin bat egin dute zenbait eragilek eta azaroaren 11n mobilizatzera deitu #1080Orain #Pentsionistak ","jetpack_is_tweetstorm":false,"jetpack_publicize_feature_enabled":true,"jetpack_social_post_already_shared":false,"jetpack_social_options":{"image_generator_settings":{"template":"highway","enabled":false}}},"categories":[2,58,6,416,641],"tags":[2674,2676,2677,2678,2675,650],"jetpack_publicize_connections":[],"jetpack_featured_media_url":"https:\/\/i0.wp.com\/iratiirratia.eus\/wp-content\/uploads\/2023\/10\/1080orain-e1696590814131.jpg?fit=480%2C331&ssl=1","jetpack_shortlink":"https:\/\/wp.me\/p7eaXY-4XV","jetpack_sharing_enabled":true,"jetpack-related-posts":[{"id":21777,"url":"https:\/\/iratiirratia.eus\/index.php\/2025\/04\/04\/soldata-eta-pentsio-duinak-aldarrikatzeko-mobilizazioa-izanen-da-bihar-irunean\/","url_meta":{"origin":19091,"position":0},"title":"Soldata eta pentsio duinak aldarrikatzeko mobilizazioa izanen da bihar Iru\u00f1ean","author":"Eneko Villegas","date":"4 apirila, 2025","format":false,"excerpt":"Hainbat eragilek bat egin dute larunbata honetan pentsio eta soldata duinak exijitzeko eskaria eginen duen mobilizazioarekin. Aldarrikapenetan, bertan, Nafarroan , soldata eta pentsio minimoak adostea izanen litzateke baita 1600 eurotara soldata eta pentsio minimoak igotzea ere. Sustatzaileen artean LAB sindikatua dugu eta gaur gurean izan dugu Nafarroako Idazkari nagusia den\u2026","rel":"","context":"In &quot;Berriak&quot;","block_context":{"text":"Berriak","link":"https:\/\/iratiirratia.eus\/index.php\/category\/berriak\/"},"img":{"alt_text":"","src":"https:\/\/i0.wp.com\/iratiirratia.eus\/wp-content\/uploads\/2025\/04\/Imagen-de-WhatsApp-2025-04-04-a-las-12.11.33_2be82fff.jpg?fit=848%2C1200&ssl=1&resize=350%2C200","width":350,"height":200,"srcset":"https:\/\/i0.wp.com\/iratiirratia.eus\/wp-content\/uploads\/2025\/04\/Imagen-de-WhatsApp-2025-04-04-a-las-12.11.33_2be82fff.jpg?fit=848%2C1200&ssl=1&resize=350%2C200 1x, https:\/\/i0.wp.com\/iratiirratia.eus\/wp-content\/uploads\/2025\/04\/Imagen-de-WhatsApp-2025-04-04-a-las-12.11.33_2be82fff.jpg?fit=848%2C1200&ssl=1&resize=525%2C300 1.5x, https:\/\/i0.wp.com\/iratiirratia.eus\/wp-content\/uploads\/2025\/04\/Imagen-de-WhatsApp-2025-04-04-a-las-12.11.33_2be82fff.jpg?fit=848%2C1200&ssl=1&resize=700%2C400 2x"},"classes":[]},{"id":19881,"url":"https:\/\/iratiirratia.eus\/index.php\/2024\/05\/03\/un-malentendido-obra-eskainiko-dute-agoitzeko-erretiratu-alargunen-eta-pentsiodunen-plataformako-kideak-agoitzen\/","url_meta":{"origin":19091,"position":1},"title":"&#8220;Un malentendido&#8221; obra eskainiko dute Agoitzeko erretiratu, alargunen eta pentsiodunen plataformako kideak Agoitzen","author":"Eneko Villegas","date":"3 maiatza, 2024","format":false,"excerpt":"4. urtea da horrelako antzezlanak antolatzen dituela Agoitzeko erretiratu, alargun eta pentsiodunen plataformak. Garai batean antzerkigintzan ibilitako lagunak batu eta Irati Antzerki taldeko lagunen laguntzarekin hasi ziren euren obrak eraikitzen. Antzezlanak Agoitzen eskaini badira ere iaz ere Ezkarozen izan ziren antzezlanarekin. Honetaz solasteko Bittori Itxaso Paternain erretiratu, alargun eta pentsiodunen\u2026","rel":"","context":"In &quot;Agoitz&quot;","block_context":{"text":"Agoitz","link":"https:\/\/iratiirratia.eus\/index.php\/category\/agoitz\/"},"img":{"alt_text":"","src":"https:\/\/i0.wp.com\/iratiirratia.eus\/wp-content\/uploads\/2024\/05\/Imagen-de-WhatsApp-2024-05-03-a-las-12.38.01_587af3cf.jpg?fit=849%2C1200&ssl=1&resize=350%2C200","width":350,"height":200,"srcset":"https:\/\/i0.wp.com\/iratiirratia.eus\/wp-content\/uploads\/2024\/05\/Imagen-de-WhatsApp-2024-05-03-a-las-12.38.01_587af3cf.jpg?fit=849%2C1200&ssl=1&resize=350%2C200 1x, https:\/\/i0.wp.com\/iratiirratia.eus\/wp-content\/uploads\/2024\/05\/Imagen-de-WhatsApp-2024-05-03-a-las-12.38.01_587af3cf.jpg?fit=849%2C1200&ssl=1&resize=525%2C300 1.5x, https:\/\/i0.wp.com\/iratiirratia.eus\/wp-content\/uploads\/2024\/05\/Imagen-de-WhatsApp-2024-05-03-a-las-12.38.01_587af3cf.jpg?fit=849%2C1200&ssl=1&resize=700%2C400 2x"},"classes":[]},{"id":21028,"url":"https:\/\/iratiirratia.eus\/index.php\/2024\/11\/07\/azaroa-bete-ekitaldi-zaraitzun-emakumeen-kontrako-indarkeria-salatzeko\/","url_meta":{"origin":19091,"position":2},"title":"Azaroa bete ekitaldi Zaraitzun emakumeen kontrako indarkeria salatzeko","author":"Eneko Villegas","date":"7 azaroa, 2024","format":false,"excerpt":"Azaroaren 25a emakumeen kontrako indarkeria salatzeko eguna dugu eta urtero aldarrikapenak kalera ateratzeko galdu ezin den zita bilakatu da mugimendu feministaren lanaren ondorioz. Urtero Pirinioetako emakume elkarteek ere ekitaldi andana antolatu ohi dituzte eta halan egin dute aurten ere. Horietako elkarte bat Xaiki emakume taldea da zeina Zaraitzu ibarra daukan\u2026","rel":"","context":"In &quot;Berriak&quot;","block_context":{"text":"Berriak","link":"https:\/\/iratiirratia.eus\/index.php\/category\/berriak\/"},"img":{"alt_text":"","src":"https:\/\/i0.wp.com\/iratiirratia.eus\/wp-content\/uploads\/2024\/11\/AzaroMoreaZaraitzu.jpg?fit=848%2C1200&ssl=1&resize=350%2C200","width":350,"height":200,"srcset":"https:\/\/i0.wp.com\/iratiirratia.eus\/wp-content\/uploads\/2024\/11\/AzaroMoreaZaraitzu.jpg?fit=848%2C1200&ssl=1&resize=350%2C200 1x, https:\/\/i0.wp.com\/iratiirratia.eus\/wp-content\/uploads\/2024\/11\/AzaroMoreaZaraitzu.jpg?fit=848%2C1200&ssl=1&resize=525%2C300 1.5x, https:\/\/i0.wp.com\/iratiirratia.eus\/wp-content\/uploads\/2024\/11\/AzaroMoreaZaraitzu.jpg?fit=848%2C1200&ssl=1&resize=700%2C400 2x"},"classes":[]},{"id":21162,"url":"https:\/\/iratiirratia.eus\/index.php\/2024\/12\/02\/haur-eskoletan-dagoen-euskarazko-eskaintza-eskasa-salatuko-du-iruneko-euskalgintzak-abenduaren-11n\/","url_meta":{"origin":19091,"position":3},"title":"Haur eskoletan dagoen euskarazko eskaintza eskasa salatuko du Iru\u00f1eko euskalgintzak abenduaren 11n","author":"Eneko Villegas","date":"2 abendua, 2024","format":false,"excerpt":"Iru\u00f1eko Euskalgintzak nafar jendartea mobilizatzera deitu du datorren abenduaren 11n Iru\u00f1ean udalak egindako haur eskoletan euskarazko lerroaren eskaintza eskasa salatzeko. Udal gobernua aldatu arren ezer gutxi aldatu da alor honetan eta hori bera salatuko dute arratsaldeko 17:30tan izanen den mobilizazioarekin. Honen inguruan Iru\u00f1eko Euskalgintzako kidea den Amaia Razkinekin solastu gara.\u2026","rel":"","context":"In &quot;Berriak&quot;","block_context":{"text":"Berriak","link":"https:\/\/iratiirratia.eus\/index.php\/category\/berriak\/"},"img":{"alt_text":"","src":"https:\/\/i0.wp.com\/iratiirratia.eus\/wp-content\/uploads\/2024\/12\/prentsaurreoa.jpg?fit=1200%2C900&ssl=1&resize=350%2C200","width":350,"height":200,"srcset":"https:\/\/i0.wp.com\/iratiirratia.eus\/wp-content\/uploads\/2024\/12\/prentsaurreoa.jpg?fit=1200%2C900&ssl=1&resize=350%2C200 1x, https:\/\/i0.wp.com\/iratiirratia.eus\/wp-content\/uploads\/2024\/12\/prentsaurreoa.jpg?fit=1200%2C900&ssl=1&resize=525%2C300 1.5x, https:\/\/i0.wp.com\/iratiirratia.eus\/wp-content\/uploads\/2024\/12\/prentsaurreoa.jpg?fit=1200%2C900&ssl=1&resize=700%2C400 2x, https:\/\/i0.wp.com\/iratiirratia.eus\/wp-content\/uploads\/2024\/12\/prentsaurreoa.jpg?fit=1200%2C900&ssl=1&resize=1050%2C600 3x"},"classes":[]},{"id":14480,"url":"https:\/\/iratiirratia.eus\/index.php\/2020\/01\/29\/u30grebaorokorra-pentsionistak-ere-grebarekin-bat\/","url_meta":{"origin":19091,"position":4},"title":"#U30GrebaOrokorra, pentsionistak ere grebarekin bat!","author":"Irati Irratia","date":"29 urtarrila, 2020","format":false,"excerpt":"Bihar da eguna. Bihar Eskubide Sozialen Kartak Greba Orokorrerako deialdia luzatu du. Deialdi honetara, beste askoren artean, pentsionisten mugimenduko zenbait taldek batu dira. Horietariko bat Pentsionistak Martxan eta haien taldeko Bentio Utergarekin arrazoien inguruan solasten. Benito Uterga Irati irratian [audio:http:\/\/www.iratiirratia.eus\/audio\/20-01-29BenitoPentsionistak.mp3]","rel":"","context":"In &quot;Berriak&quot;","block_context":{"text":"Berriak","link":"https:\/\/iratiirratia.eus\/index.php\/category\/berriak\/"},"img":{"alt_text":"","src":"","width":0,"height":0},"classes":[]},{"id":21044,"url":"https:\/\/iratiirratia.eus\/index.php\/2024\/11\/11\/azaroa-bete-ekitaldi-izanen-dute-agoitzen-emakumeenganako-indarkeriaz-jabetu-eta-hauxe-bera-salatzeko\/","url_meta":{"origin":19091,"position":5},"title":"Azaroa bete ekitaldi izanen dute Agoitzen Emakumeenganako indarkeriaz jabetu eta hauxe bera salatzeko","author":"Eneko Villegas","date":"11 azaroa, 2024","format":false,"excerpt":"Azaroaren 25a Emakumeenganako indarkeriaren kontrako eguna izaki herriz herri antolatu izan ohi dituzte ekimenak indarkeriaz jabetu eta hori bera salatzeko. Agoitzen urriaren 31an hasi ziren Pamela Palencianoren \"Si es Amor no duele\" liburuaren inguruan solasaldi bat eginez eta bakarrizketa bat antzeztuz DBH 3. mailako ikasleekin. Honek segida izanen du aste\u2026","rel":"","context":"In &quot;Agoitz&quot;","block_context":{"text":"Agoitz","link":"https:\/\/iratiirratia.eus\/index.php\/category\/agoitz\/"},"img":{"alt_text":"","src":"https:\/\/i0.wp.com\/iratiirratia.eus\/wp-content\/uploads\/2024\/11\/AgoitzEmakume25N.jpg?fit=848%2C1200&ssl=1&resize=350%2C200","width":350,"height":200,"srcset":"https:\/\/i0.wp.com\/iratiirratia.eus\/wp-content\/uploads\/2024\/11\/AgoitzEmakume25N.jpg?fit=848%2C1200&ssl=1&resize=350%2C200 1x, https:\/\/i0.wp.com\/iratiirratia.eus\/wp-content\/uploads\/2024\/11\/AgoitzEmakume25N.jpg?fit=848%2C1200&ssl=1&resize=525%2C300 1.5x, https:\/\/i0.wp.com\/iratiirratia.eus\/wp-content\/uploads\/2024\/11\/AgoitzEmakume25N.jpg?fit=848%2C1200&ssl=1&resize=700%2C400 2x"},"classes":[]}],"_links":{"self":[{"href":"https:\/\/iratiirratia.eus\/index.php\/wp-json\/wp\/v2\/posts\/19091"}],"collection":[{"href":"https:\/\/iratiirratia.eus\/index.php\/wp-json\/wp\/v2\/posts"}],"about":[{"href":"https:\/\/iratiirratia.eus\/index.php\/wp-json\/wp\/v2\/types\/post"}],"author":[{"embeddable":true,"href":"https:\/\/iratiirratia.eus\/index.php\/wp-json\/wp\/v2\/users\/1"}],"replies":[{"embeddable":true,"href":"https:\/\/iratiirratia.eus\/index.php\/wp-json\/wp\/v2\/comments?post=19091"}],"version-history":[{"count":1,"href":"https:\/\/iratiirratia.eus\/index.php\/wp-json\/wp\/v2\/posts\/19091\/revisions"}],"predecessor-version":[{"id":19093,"href":"https:\/\/iratiirratia.eus\/index.php\/wp-json\/wp\/v2\/posts\/19091\/revisions\/19093"}],"wp:featuredmedia":[{"embeddable":true,"href":"https:\/\/iratiirratia.eus\/index.php\/wp-json\/wp\/v2\/media\/19092"}],"wp:attachment":[{"href":"https:\/\/iratiirratia.eus\/index.php\/wp-json\/wp\/v2\/media?parent=19091"}],"wp:term":[{"taxonomy":"category","embeddable":true,"href":"https:\/\/iratiirratia.eus\/index.php\/wp-json\/wp\/v2\/categories?post=19091"},{"taxonomy":"post_tag","embeddable":true,"href":"https:\/\/iratiirratia.eus\/index.php\/wp-json\/wp\/v2\/tags?post=19091"}],"curies":[{"name":"wp","href":"https:\/\/api.w.org\/{rel}","templated":true}]}}