{"id":19324,"date":"2023-12-07T16:33:07","date_gmt":"2023-12-07T15:33:07","guid":{"rendered":"http:\/\/iratiirratia.eus\/?p=19324"},"modified":"2023-12-07T17:01:59","modified_gmt":"2023-12-07T16:01:59","slug":"ganado-o-desierto-filme-dokumental-arrakastatsua-eman-dute-izabako-zineman","status":"publish","type":"post","link":"https:\/\/iratiirratia.eus\/index.php\/2023\/12\/07\/ganado-o-desierto-filme-dokumental-arrakastatsua-eman-dute-izabako-zineman\/","title":{"rendered":"&#8220;Ganado o desierto&#8221; filme-dokumental arrakastatsua eman dute Izabako zineman"},"content":{"rendered":"<p><em>Metafora Visual<\/em> ekoiztetxe independienteak aurkeztu zuen atzo filmea, Izabako zinema bete-betearen aitzinean. Abeltzaintza estentsiboa balioan imini nahi du dokumentalak, eta ingurugirorako ezinbesteko tresnatzat planteatzen du. Mundu osoan barna eraman dute lana, baita zenbait sari jaso ere. Orain, landa-eremuan aurkeztera ekion diote bere egileek. Gu Francisco Vaquerorekin izan gara, filmearen zuzendaria.\u00a0<\/p>\n<p>Zure herrian filma ikusi nahi baduzu, imini harremanetan ekoiztetxearekin: info@ganado-o-desierto.com<\/p>\n<p>Ikusi trailerra <a href=\"_wp_link_placeholder\" data-wplink-edit=\"true\">keben.<\/a><\/p>\n<p>\u00a0<\/p>\n<p><strong>\u00a0<\/strong><\/p>\n<p><strong>\u00a0<\/strong><\/p>\n<p>\u00a0<\/p>\n<p><strong>\u00a0<\/strong><\/p>\n<p><strong>Francisco Vaquero<\/strong><em> Irati Irratian:<\/em><\/p>\n<p><!--StartFragment--><\/p>\n\n\n<figure class=\"wp-block-audio\"><audio controls src=\"http:\/\/iratiirratia.eus\/audio\/23-12-07Ganado o desierto.mp3\"><\/audio><\/figure>\n","protected":false},"excerpt":{"rendered":"<p>Metafora Visual ekoiztetxe independienteak aurkeztu zuen atzo filmea, Izabako zinema bete-betearen aitzinean. Abeltzaintza estentsiboa balioan imini nahi du dokumentalak, eta ingurugirorako ezinbesteko tresnatzat planteatzen du. Mundu osoan barna eraman dute lana, baita zenbait sari jaso ere. Orain, landa-eremuan aurkeztera ekion diote bere egileek. Gu Francisco Vaquerorekin izan gara, filmearen zuzendaria.\u00a0 Zure herrian filma ikusi nahi [&hellip;]<\/p>\n","protected":false},"author":1,"featured_media":19325,"comment_status":"open","ping_status":"open","sticky":false,"template":"","format":"standard","meta":{"jetpack_post_was_ever_published":false,"_jetpack_newsletter_access":"","_jetpack_newsletter_tier_id":0,"jetpack_publicize_message":"","jetpack_is_tweetstorm":false,"jetpack_publicize_feature_enabled":true,"jetpack_social_post_already_shared":true,"jetpack_social_options":{"image_generator_settings":{"template":"highway","enabled":false}}},"categories":[2798,116,2799,608,636,2800],"tags":[2805,2801,2803,2804],"jetpack_publicize_connections":[],"jetpack_featured_media_url":"https:\/\/i0.wp.com\/iratiirratia.eus\/wp-content\/uploads\/2023\/12\/ganado-o-desierto.jpg?fit=1066%2C1600&ssl=1","jetpack_shortlink":"https:\/\/wp.me\/p7eaXY-51G","jetpack_sharing_enabled":true,"jetpack-related-posts":[{"id":22143,"url":"https:\/\/iratiirratia.eus\/index.php\/2025\/06\/24\/puy-oria-eta-montxo-armendariz-omenduko-dituzte-izabako-zinemaren-egunean\/","url_meta":{"origin":19324,"position":0},"title":"Puy Oria eta Montxo Armendariz omenduko dituzte Izabako Zinemaren Egunean","author":"Eneko Villegas","date":"24 ekaina, 2025","format":false,"excerpt":"Izabako zinemak urteetan zehar bertakoen topagune izan da eta honi garrantzia ematearren Zinemaren eguna antolatu dute, Izabako Udalak, Kurruskla Elkarteak, El Sabaiao eta Zinea kudeatzen duen taldea. Egun honetan estreinatuko dute zinemaren historia barnebiltzen duen \"Sue\u00f1os de cart\u00f3n\" dokumentala, 4 pase izanen dituelarik. Ez hori bakarrik, pelikulen kartelen erakusketa ere\u2026","rel":"","context":"In &quot;Berriak&quot;","block_context":{"text":"Berriak","link":"https:\/\/iratiirratia.eus\/index.php\/category\/berriak\/"},"img":{"alt_text":"","src":"https:\/\/i0.wp.com\/iratiirratia.eus\/wp-content\/uploads\/2025\/06\/IzabaZinemaEGuna.jpg?fit=1080%2C764&ssl=1&resize=350%2C200","width":350,"height":200,"srcset":"https:\/\/i0.wp.com\/iratiirratia.eus\/wp-content\/uploads\/2025\/06\/IzabaZinemaEGuna.jpg?fit=1080%2C764&ssl=1&resize=350%2C200 1x, https:\/\/i0.wp.com\/iratiirratia.eus\/wp-content\/uploads\/2025\/06\/IzabaZinemaEGuna.jpg?fit=1080%2C764&ssl=1&resize=525%2C300 1.5x, https:\/\/i0.wp.com\/iratiirratia.eus\/wp-content\/uploads\/2025\/06\/IzabaZinemaEGuna.jpg?fit=1080%2C764&ssl=1&resize=700%2C400 2x, https:\/\/i0.wp.com\/iratiirratia.eus\/wp-content\/uploads\/2025\/06\/IzabaZinemaEGuna.jpg?fit=1080%2C764&ssl=1&resize=1050%2C600 3x"},"classes":[]},{"id":11362,"url":"https:\/\/iratiirratia.eus\/index.php\/2017\/10\/11\/neskatoak-emakumearen-egoera-aldarrikatzen\/","url_meta":{"origin":19324,"position":1},"title":"Neskatoak: Emakumearen egoera aldarrikatzen","author":"Irati Irratia","date":"11 urria, 2017","format":false,"excerpt":"hala adierazi digu dokumentalaren zuzendaria de Jon Abrilek. Aitortu digu emakumeen paperen inguruko dokumentalik ez egoteak eta bere inguruan entzundako hainbat istorio bultzatu zuen dokumental hau ekoiztera. Aipatu digunez oso istorio latzak zein interesgarriak barnebiltzen ditu bere lanak. 15 testigantza jasota egin zuen halere aitortu duenez jakin badaki ehundaka emakume\u2026","rel":"","context":"In &quot;Berriak&quot;","block_context":{"text":"Berriak","link":"https:\/\/iratiirratia.eus\/index.php\/category\/berriak\/"},"img":{"alt_text":"","src":"https:\/\/i0.wp.com\/iratiirratia.eus\/wp-content\/uploads\/2017\/10\/WhatsApp-Image-2017-10-11-at-14.27.51-1-e1507724964466.jpeg?fit=1068%2C512&ssl=1&resize=350%2C200","width":350,"height":200,"srcset":"https:\/\/i0.wp.com\/iratiirratia.eus\/wp-content\/uploads\/2017\/10\/WhatsApp-Image-2017-10-11-at-14.27.51-1-e1507724964466.jpeg?fit=1068%2C512&ssl=1&resize=350%2C200 1x, https:\/\/i0.wp.com\/iratiirratia.eus\/wp-content\/uploads\/2017\/10\/WhatsApp-Image-2017-10-11-at-14.27.51-1-e1507724964466.jpeg?fit=1068%2C512&ssl=1&resize=525%2C300 1.5x, https:\/\/i0.wp.com\/iratiirratia.eus\/wp-content\/uploads\/2017\/10\/WhatsApp-Image-2017-10-11-at-14.27.51-1-e1507724964466.jpeg?fit=1068%2C512&ssl=1&resize=700%2C400 2x, https:\/\/i0.wp.com\/iratiirratia.eus\/wp-content\/uploads\/2017\/10\/WhatsApp-Image-2017-10-11-at-14.27.51-1-e1507724964466.jpeg?fit=1068%2C512&ssl=1&resize=1050%2C600 3x"},"classes":[]},{"id":9996,"url":"https:\/\/iratiirratia.eus\/index.php\/2017\/02\/03\/adopziozko-semea-izendapena-kendu-dio-francisco-franco-ri\/","url_meta":{"origin":19324,"position":2},"title":"ADOPZIOZKO SEMEA IZENDAPENA KENDU DIO FRANCISCO FRANCO-RI","author":"Irati Irratia","date":"3 otsaila, 2017","format":false,"excerpt":"Memoria Historikoaren Legeak ezarritakoari jarraikiz, dagoeneko, Francisco Franco jenerala eta Enrique Mart\u00ednez Arburua apaiza ez dira Agoizko adopziozko semeak, Osoko Bilkurak aho batez bertan behera utzi zuelako ohoragarri hori. Unai Lako oraingo alkateak uste du \u201cudalaren betebehar morala dela entitate publikoetatik ezabatzea diktadura frankistaren arrasto guztiak. Aurreko batean kendu ziren\u2026","rel":"","context":"In &quot;Berriak&quot;","block_context":{"text":"Berriak","link":"https:\/\/iratiirratia.eus\/index.php\/category\/berriak\/"},"img":{"alt_text":"","src":"","width":0,"height":0},"classes":[]},{"id":21423,"url":"https:\/\/iratiirratia.eus\/index.php\/2025\/01\/29\/far-west-antzezlana-taularatuko-du-yllana-ekoiztetxeak-igandean-agoitzen\/","url_meta":{"origin":19324,"position":3},"title":"Far West antzezlana taularatuko du Yllana ekoiztetxeak igandean Agoitzen","author":"Eneko Villegas","date":"29 urtarrila, 2025","format":false,"excerpt":"Igande honetan Agoitzen Yllana Ekoiztetxeak euren FAR WEST umore edo komedia antzezlana taularatuko du Agoitzen. Ekoiztetxe honek mundu zabalean aurkeztu ditu bere obrak eta hauxe era hainbatetan taularatu dute ikusleengandik kritika bikaina jasoz. Western itxurako komedia honek 90 minututan ikusleen aurpegietan irri bat marraztea du helburu eta horretan jarduten dira\u2026","rel":"","context":"In &quot;Agoitz&quot;","block_context":{"text":"Agoitz","link":"https:\/\/iratiirratia.eus\/index.php\/category\/agoitz\/"},"img":{"alt_text":"","src":"https:\/\/i0.wp.com\/iratiirratia.eus\/wp-content\/uploads\/2025\/01\/far-west-car.jpg?fit=860%2C1200&ssl=1&resize=350%2C200","width":350,"height":200,"srcset":"https:\/\/i0.wp.com\/iratiirratia.eus\/wp-content\/uploads\/2025\/01\/far-west-car.jpg?fit=860%2C1200&ssl=1&resize=350%2C200 1x, https:\/\/i0.wp.com\/iratiirratia.eus\/wp-content\/uploads\/2025\/01\/far-west-car.jpg?fit=860%2C1200&ssl=1&resize=525%2C300 1.5x, https:\/\/i0.wp.com\/iratiirratia.eus\/wp-content\/uploads\/2025\/01\/far-west-car.jpg?fit=860%2C1200&ssl=1&resize=700%2C400 2x"},"classes":[]},{"id":14212,"url":"https:\/\/iratiirratia.eus\/index.php\/2019\/11\/05\/zinelur-elikadura-eta-nekazaritza-lantzen-dituen-zinemaldia-irunean\/","url_meta":{"origin":19324,"position":4},"title":"Zinelur, elikadura eta nekazaritza lantzen dituen zinemaldia Iru\u00f1ean","author":"Irati Irratia","date":"5 azaroa, 2019","format":false,"excerpt":"Zinelur elikadura eta nekazaritzari buruzko dokumentalak lantzeko zinemaldia da, gaur hasi eta hiru egunez Iru\u00f1ean Nafarroako filmotekan eskainiko dutena. Guk Juanma Intxaurrandieta elkarrizketatu dugu Intia Reyno Gourmeteko arduraduna. Elkarrizketa entzuteko. [audio:http:\/\/www.iratiirratia.eus\/audio\/19-11-05zinelur.mp3]","rel":"","context":"In &quot;Berriak&quot;","block_context":{"text":"Berriak","link":"https:\/\/iratiirratia.eus\/index.php\/category\/berriak\/"},"img":{"alt_text":"","src":"https:\/\/i0.wp.com\/iratiirratia.eus\/wp-content\/uploads\/2019\/11\/zinelur.jpg?fit=360%2C240&ssl=1&resize=350%2C200","width":350,"height":200},"classes":[]},{"id":4828,"url":"https:\/\/iratiirratia.eus\/index.php\/2014\/04\/23\/virgenes-o-putas\/","url_meta":{"origin":19324,"position":5},"title":"\u00bfV\u00edrgenes o putas?","author":"Irati Irratia","date":"23 apirila, 2014","format":false,"excerpt":"Izenburua: \u00bfV\u00edrgenes o putas? Iraupena: 0:15 min Klikatu hemen saioa jaisteko [audio:http:\/\/iratiirratia.net\/audio\/3virgensoputas.mp3|titles=Egun on, Au\u00f1amendi! 14-04-23]","rel":"","context":"In &quot;Egun on, Au\u00f1amendi!&quot;","block_context":{"text":"Egun on, Au\u00f1amendi!","link":"https:\/\/iratiirratia.eus\/index.php\/category\/egunon-aunamendi\/"},"img":{"alt_text":"","src":"","width":0,"height":0},"classes":[]}],"_links":{"self":[{"href":"https:\/\/iratiirratia.eus\/index.php\/wp-json\/wp\/v2\/posts\/19324"}],"collection":[{"href":"https:\/\/iratiirratia.eus\/index.php\/wp-json\/wp\/v2\/posts"}],"about":[{"href":"https:\/\/iratiirratia.eus\/index.php\/wp-json\/wp\/v2\/types\/post"}],"author":[{"embeddable":true,"href":"https:\/\/iratiirratia.eus\/index.php\/wp-json\/wp\/v2\/users\/1"}],"replies":[{"embeddable":true,"href":"https:\/\/iratiirratia.eus\/index.php\/wp-json\/wp\/v2\/comments?post=19324"}],"version-history":[{"count":3,"href":"https:\/\/iratiirratia.eus\/index.php\/wp-json\/wp\/v2\/posts\/19324\/revisions"}],"predecessor-version":[{"id":19329,"href":"https:\/\/iratiirratia.eus\/index.php\/wp-json\/wp\/v2\/posts\/19324\/revisions\/19329"}],"wp:featuredmedia":[{"embeddable":true,"href":"https:\/\/iratiirratia.eus\/index.php\/wp-json\/wp\/v2\/media\/19325"}],"wp:attachment":[{"href":"https:\/\/iratiirratia.eus\/index.php\/wp-json\/wp\/v2\/media?parent=19324"}],"wp:term":[{"taxonomy":"category","embeddable":true,"href":"https:\/\/iratiirratia.eus\/index.php\/wp-json\/wp\/v2\/categories?post=19324"},{"taxonomy":"post_tag","embeddable":true,"href":"https:\/\/iratiirratia.eus\/index.php\/wp-json\/wp\/v2\/tags?post=19324"}],"curies":[{"name":"wp","href":"https:\/\/api.w.org\/{rel}","templated":true}]}}