{"id":1959,"date":"2011-11-23T11:00:52","date_gmt":"2011-11-23T10:00:52","guid":{"rendered":"http:\/\/iratiirratia.net\/?p=1959"},"modified":"2011-11-23T11:00:52","modified_gmt":"2011-11-23T10:00:52","slug":"aetzak-bildu-mahai-inguruaren-grabaketa","status":"publish","type":"post","link":"https:\/\/iratiirratia.eus\/index.php\/2011\/11\/23\/aetzak-bildu-mahai-inguruaren-grabaketa\/","title":{"rendered":"Aetzak-Bildu mahai-inguruaren grabaketa"},"content":{"rendered":"<p>Bildu eta Aetzak zerrendei haien parte hartzea eskertzen diegu, jendeak lehen eskutik informazioa jasotzea oso garrantzitsua dela pentsatzen dugu Irati irratikook. Esker mila.<\/p>\n<p><a title=\"Aezkoako Batzordeko hauteskundeak\" href=\"http:\/\/iratiirratia.net\/audio\/Hauteskunde mahai-ingurua.mp3\" target=\"_blank\">Klikatu hemen saioa jaisteko<\/a><\/p>\n<p class=\"audioplayer_container\"><span style=\"display:block;padding:5px;border:1px solid #dddddd;background:#f8f8f8\" id=\"audioplayer_1\">Audio clip: Adobe Flash Player (version 9 or above) is required to play this audio clip. Download the latest version <a href=\"http:\/\/www.adobe.com\/shockwave\/download\/download.cgi?P1_Prod_Version=ShockwaveFlash&amp;promoid=BIOW\" title=\"Download Adobe Flash Player\">here<\/a>. You also need to have JavaScript enabled in your browser.<\/span><\/p>\n<p>&nbsp;<\/p>\n","protected":false},"excerpt":{"rendered":"<p>Bildu eta Aetzak zerrendei haien parte hartzea eskertzen diegu, jendeak lehen eskutik informazioa jasotzea oso garrantzitsua dela pentsatzen dugu Irati irratikook. Esker mila. Klikatu hemen saioa jaisteko [Audio clip: view full post to listen] &nbsp;<\/p>\n","protected":false},"author":1,"featured_media":0,"comment_status":"open","ping_status":"open","sticky":false,"template":"","format":"standard","meta":{"jetpack_post_was_ever_published":false,"_jetpack_newsletter_access":"","_jetpack_newsletter_tier_id":0,"jetpack_publicize_message":"","jetpack_is_tweetstorm":false,"jetpack_publicize_feature_enabled":true,"jetpack_social_post_already_shared":false,"jetpack_social_options":{"image_generator_settings":{"template":"highway","enabled":false}}},"categories":[2],"tags":[],"jetpack_publicize_connections":[],"jetpack_featured_media_url":"","jetpack_shortlink":"https:\/\/wp.me\/p7eaXY-vB","jetpack_sharing_enabled":true,"jetpack-related-posts":[{"id":5841,"url":"https:\/\/iratiirratia.eus\/index.php\/2015\/04\/23\/alderdiekin-egindako-mahai-inguruako-audioa-audio-de-la-mesa-redonda-con-los-partidos\/","url_meta":{"origin":1959,"position":0},"title":"Alderdiekin egindako mahai-inguruko audioa &#8211; Audio de la mesa redonda con los partidos","author":"Irati Irratia","date":"23 apirila, 2015","format":false,"excerpt":"Izenburua: Mahai-inguruko audioa Iraupena: 2:30 ordu Klikatu hemen saioa jaisteko [audio:http:\/\/iratiirratia.eus\/audio\/Mahai_ingurua.MP3|titles=Egun on, Au\u00f1amendi! 15-04-23]","rel":"","context":"In &quot;Egun on, Au\u00f1amendi!&quot;","block_context":{"text":"Egun on, Au\u00f1amendi!","link":"https:\/\/iratiirratia.eus\/index.php\/category\/egunon-aunamendi\/"},"img":{"alt_text":"","src":"","width":0,"height":0},"classes":[]},{"id":9307,"url":"https:\/\/iratiirratia.eus\/index.php\/2016\/09\/15\/aezkoako-egunera-aetzez-jantzita-joateko-deia-egin-dute\/","url_meta":{"origin":1959,"position":1},"title":"Aezkoako Egunera aetzez jantzita joateko deia egin dute","author":"Irati Irratia","date":"15 iraila, 2016","format":false,"excerpt":"Igandean ospatuko da 39. Aezkoako Eguna, Hiriberrin. Aezkoa Kultur Elkartetik aetzez jantzita joateko gonbitea luzatu dute. Anima zaitez! \u00a0 \u00a0","rel":"","context":"In &quot;Berriak&quot;","block_context":{"text":"Berriak","link":"https:\/\/iratiirratia.eus\/index.php\/category\/berriak\/"},"img":{"alt_text":"","src":"https:\/\/i0.wp.com\/iratiirratia.eus\/wp-content\/uploads\/2016\/09\/trajes-aezkoa-aria-1-e1473938479500.jpg?fit=553%2C235&ssl=1&resize=350%2C200","width":350,"height":200,"srcset":"https:\/\/i0.wp.com\/iratiirratia.eus\/wp-content\/uploads\/2016\/09\/trajes-aezkoa-aria-1-e1473938479500.jpg?fit=553%2C235&ssl=1&resize=350%2C200 1x, https:\/\/i0.wp.com\/iratiirratia.eus\/wp-content\/uploads\/2016\/09\/trajes-aezkoa-aria-1-e1473938479500.jpg?fit=553%2C235&ssl=1&resize=525%2C300 1.5x"},"classes":[]},{"id":20098,"url":"https:\/\/iratiirratia.eus\/index.php\/2024\/06\/28\/pirinioko-mahaiak-uztailaren-3ko-deialdia-mantendu-eginen-du-toki-administrazio-eta-despopulazio-zuzendari-nagusiarekin-bildu-eta-gero\/","url_meta":{"origin":1959,"position":2},"title":"Pirinioko Mahaiak uztailaren 3ko deialdia mantendu eginen du Toki Administrazio eta Despopulazio zuzendari nagusiarekin bildu eta gero","author":"Eneko Villegas","date":"28 ekaina, 2024","format":false,"excerpt":"Astelehenean Leire Remiro Esnoz Erroibarko alkatea izan genuen kontua behar bezala azaltzen, berak esan zigun ostegunean bilkura izanen zutela. Hala izan zen, atzokoan bildu ziren Pirinioko Mahaia eta Toki Administrazio eta Despopulazio zuzendari nagusia den Jesus Mari Rodriguez. Hori aitzaki hartuta gaur azken bilera honen inguruan Karlos Bueno Reka Aezkoako\u2026","rel":"","context":"In &quot;Berriak&quot;","block_context":{"text":"Berriak","link":"https:\/\/iratiirratia.eus\/index.php\/category\/berriak\/"},"img":{"alt_text":"","src":"https:\/\/i0.wp.com\/iratiirratia.eus\/wp-content\/uploads\/2024\/06\/PiriniokoMahaia.jpeg?fit=477%2C265&ssl=1&resize=350%2C200","width":350,"height":200},"classes":[]},{"id":15348,"url":"https:\/\/iratiirratia.eus\/index.php\/2020\/09\/24\/aezkoako-batzarrerako-bozak-igandean-eh-bildu-aezkoako-kideekin-solasaldia\/","url_meta":{"origin":1959,"position":3},"title":"Aezkoako Batzarrerako bozak igandean, EH Bildu Aezkoako kideekin solasaldia","author":"Irati Irratia","date":"24 iraila, 2020","format":false,"excerpt":"Igandean izanen dira hauteskundeak ibarreko juntarako. Hautagaitza bakarra aurkeztu da, eraberritua eta programa parte-hartzaile batekin. Hau guztiaz solasteko Aezkoako EHBilduko hautagaitzako Leire, Gonzalo eta Karlosekin egon gara hitz egiten. Datorren legealdirako gardentasuna, lana tokiko garapena eta parte hartzea izango dute irizpide eta helburu. Beste hautagaitza bat egotea nahiko lukete lehia\u2026","rel":"","context":"In &quot;Aezkoa&quot;","block_context":{"text":"Aezkoa","link":"https:\/\/iratiirratia.eus\/index.php\/category\/aezkoa\/"},"img":{"alt_text":"","src":"https:\/\/i0.wp.com\/iratiirratia.eus\/wp-content\/uploads\/2020\/09\/00016.jpg?fit=1200%2C846&ssl=1&resize=350%2C200","width":350,"height":200,"srcset":"https:\/\/i0.wp.com\/iratiirratia.eus\/wp-content\/uploads\/2020\/09\/00016.jpg?fit=1200%2C846&ssl=1&resize=350%2C200 1x, https:\/\/i0.wp.com\/iratiirratia.eus\/wp-content\/uploads\/2020\/09\/00016.jpg?fit=1200%2C846&ssl=1&resize=525%2C300 1.5x, https:\/\/i0.wp.com\/iratiirratia.eus\/wp-content\/uploads\/2020\/09\/00016.jpg?fit=1200%2C846&ssl=1&resize=700%2C400 2x, https:\/\/i0.wp.com\/iratiirratia.eus\/wp-content\/uploads\/2020\/09\/00016.jpg?fit=1200%2C846&ssl=1&resize=1050%2C600 3x"},"classes":[]},{"id":18545,"url":"https:\/\/iratiirratia.eus\/index.php\/2023\/06\/05\/aetz-bat-rockin-1000-madrilen\/","url_meta":{"origin":1959,"position":4},"title":"Aetz bat Rockin 1000 Madrilen","author":"Irati Irratia","date":"5 ekaina, 2023","format":false,"excerpt":"Irrati batean entzundako iragarki batek dauka amets honen hasiera. Josiko bere lana egiten ari zela entzun zuen musikari bila zebiltzala Rockin 1000 Madrid erakustaldian parte-hartzeko. Musikan ibilia da eta eskarmentua badu gaur egun Kalatre taldean dabilena eta iritsi zitzaion aukera paregabea eta bitan pentsatu gabe ekin zion lanari. Horrek Madrileko\u2026","rel":"","context":"In &quot;Aezkoa&quot;","block_context":{"text":"Aezkoa","link":"https:\/\/iratiirratia.eus\/index.php\/category\/aezkoa\/"},"img":{"alt_text":"","src":"https:\/\/i0.wp.com\/iratiirratia.eus\/wp-content\/uploads\/2023\/06\/Imagen-de-WhatsApp-2023-06-05-a-las-10.40.00.jpg?fit=903%2C1200&ssl=1&resize=350%2C200","width":350,"height":200,"srcset":"https:\/\/i0.wp.com\/iratiirratia.eus\/wp-content\/uploads\/2023\/06\/Imagen-de-WhatsApp-2023-06-05-a-las-10.40.00.jpg?fit=903%2C1200&ssl=1&resize=350%2C200 1x, https:\/\/i0.wp.com\/iratiirratia.eus\/wp-content\/uploads\/2023\/06\/Imagen-de-WhatsApp-2023-06-05-a-las-10.40.00.jpg?fit=903%2C1200&ssl=1&resize=525%2C300 1.5x, https:\/\/i0.wp.com\/iratiirratia.eus\/wp-content\/uploads\/2023\/06\/Imagen-de-WhatsApp-2023-06-05-a-las-10.40.00.jpg?fit=903%2C1200&ssl=1&resize=700%2C400 2x"},"classes":[]},{"id":10612,"url":"https:\/\/iratiirratia.eus\/index.php\/2017\/05\/23\/pirinioko-mahaia-bertan-da\/","url_meta":{"origin":1959,"position":5},"title":"Pirinioko mahaia bertan da","author":"Irati Irratia","date":"23 maiatza, 2017","format":false,"excerpt":"Gaur Joseba Martinez Pirinioaren mahaiko kidea izan dugu saioan, ostiral honetan bilduko baita mahai honen lehen asanblada. Oso pausu garrantzitsua iruditzen zaio Josebari eta bide batez animatu gaitu bertaratzeko, mahai honetan Pirinio bizi batzuen alde lan egiten duen orok bere tokia bait dauka mahai honetan. Asanbladarako deialdia: Ostirala, MAIATZAK 26\u2026","rel":"","context":"In &quot;Berriak&quot;","block_context":{"text":"Berriak","link":"https:\/\/iratiirratia.eus\/index.php\/category\/berriak\/"},"img":{"alt_text":"","src":"https:\/\/i0.wp.com\/iratiirratia.eus\/wp-content\/uploads\/2017\/03\/Todoelgrupo-e1490877143863.jpg?fit=1200%2C519&ssl=1&resize=350%2C200","width":350,"height":200,"srcset":"https:\/\/i0.wp.com\/iratiirratia.eus\/wp-content\/uploads\/2017\/03\/Todoelgrupo-e1490877143863.jpg?fit=1200%2C519&ssl=1&resize=350%2C200 1x, https:\/\/i0.wp.com\/iratiirratia.eus\/wp-content\/uploads\/2017\/03\/Todoelgrupo-e1490877143863.jpg?fit=1200%2C519&ssl=1&resize=525%2C300 1.5x, https:\/\/i0.wp.com\/iratiirratia.eus\/wp-content\/uploads\/2017\/03\/Todoelgrupo-e1490877143863.jpg?fit=1200%2C519&ssl=1&resize=700%2C400 2x, https:\/\/i0.wp.com\/iratiirratia.eus\/wp-content\/uploads\/2017\/03\/Todoelgrupo-e1490877143863.jpg?fit=1200%2C519&ssl=1&resize=1050%2C600 3x"},"classes":[]}],"_links":{"self":[{"href":"https:\/\/iratiirratia.eus\/index.php\/wp-json\/wp\/v2\/posts\/1959"}],"collection":[{"href":"https:\/\/iratiirratia.eus\/index.php\/wp-json\/wp\/v2\/posts"}],"about":[{"href":"https:\/\/iratiirratia.eus\/index.php\/wp-json\/wp\/v2\/types\/post"}],"author":[{"embeddable":true,"href":"https:\/\/iratiirratia.eus\/index.php\/wp-json\/wp\/v2\/users\/1"}],"replies":[{"embeddable":true,"href":"https:\/\/iratiirratia.eus\/index.php\/wp-json\/wp\/v2\/comments?post=1959"}],"version-history":[{"count":0,"href":"https:\/\/iratiirratia.eus\/index.php\/wp-json\/wp\/v2\/posts\/1959\/revisions"}],"wp:attachment":[{"href":"https:\/\/iratiirratia.eus\/index.php\/wp-json\/wp\/v2\/media?parent=1959"}],"wp:term":[{"taxonomy":"category","embeddable":true,"href":"https:\/\/iratiirratia.eus\/index.php\/wp-json\/wp\/v2\/categories?post=1959"},{"taxonomy":"post_tag","embeddable":true,"href":"https:\/\/iratiirratia.eus\/index.php\/wp-json\/wp\/v2\/tags?post=1959"}],"curies":[{"name":"wp","href":"https:\/\/api.w.org\/{rel}","templated":true}]}}