{"id":19876,"date":"2024-05-03T13:55:37","date_gmt":"2024-05-03T11:55:37","guid":{"rendered":"http:\/\/iratiirratia.eus\/?p=19876"},"modified":"2024-05-03T13:55:37","modified_gmt":"2024-05-03T11:55:37","slug":"soinua-eta-musikari-eskainitako-erakusketa-dakar-uholdeak-24-programa-agoitzera","status":"publish","type":"post","link":"https:\/\/iratiirratia.eus\/index.php\/2024\/05\/03\/soinua-eta-musikari-eskainitako-erakusketa-dakar-uholdeak-24-programa-agoitzera\/","title":{"rendered":"Soinua eta musikari eskainitako erakusketa dakar Uholdeak 24 programa Agoitzera"},"content":{"rendered":"<p><strong>Audiolab kultur elkartea da ekintza honen komisario lanak egiten dituena Xabier Erkiziaren eskuetan. Uharteko Arte Garaikideko Zentroak aurrera eramaten duen Uholdeak 24 programaren baitan etorri da Bat Bitan. Oharrak, zirriborroak, partiturak eta beste hainbat belarrirako idazkerak izenburua duen erakusketa. Ixila den soinu eta musikaren inguruko erakusketa bat izanik gonbidapena luzatzen digu ikusleoi partiturak eta begiratuta gure musika imajinatzera. Ekimena aprobetxatuz Audiolabeko kidea den eta erakusketako komisarioa den Xabier Erkiziarekin izan gara honen inguruan solasean.<br \/><\/strong><\/p>\n<p><strong>Erakusketaz aparte bi ekimen barnebilduko ditu bata gaurkoa (maiatzak 3, 18:30) Elisa Artetaren &#8220;Partitura bat dantzatzea&#8221; performancea eta azken eguneko (maiatzak 25, 19:00) Ramon de Andres eta Xabier Erkiziaren &#8220;Airea idaztea&#8221; solasaldia.<\/strong><\/p>\n<p>\u00a0<\/p>\n<p><strong>\u00a0<\/strong><\/p>\n<p><strong>Xabier Erkizia<\/strong> <em>Irati Irratian <\/em><\/p>\n<p><!--StartFragment--><\/p>\n\n\n<figure class=\"wp-block-audio\"><audio controls src=\"http:\/\/iratiirratia.eus\/audio\/24-05-03XabierBatBitan.mp3\"><\/audio><\/figure>\n\n\n\n<figure class=\"wp-block-image size-large\"><img data-attachment-id=\"19878\" data-permalink=\"https:\/\/iratiirratia.eus\/index.php\/2024\/05\/03\/soinua-eta-musikari-eskainitako-erakusketa-dakar-uholdeak-24-programa-agoitzera\/imagen-de-whatsapp-2024-05-03-a-las-12-38-00_82e1152d\/\" data-orig-file=\"https:\/\/i0.wp.com\/iratiirratia.eus\/wp-content\/uploads\/2024\/05\/Imagen-de-WhatsApp-2024-05-03-a-las-12.38.00_82e1152d.jpg?fit=1131%2C1600&amp;ssl=1\" data-orig-size=\"1131,1600\" data-comments-opened=\"1\" data-image-meta=\"{&quot;aperture&quot;:&quot;0&quot;,&quot;credit&quot;:&quot;&quot;,&quot;camera&quot;:&quot;&quot;,&quot;caption&quot;:&quot;&quot;,&quot;created_timestamp&quot;:&quot;0&quot;,&quot;copyright&quot;:&quot;&quot;,&quot;focal_length&quot;:&quot;0&quot;,&quot;iso&quot;:&quot;0&quot;,&quot;shutter_speed&quot;:&quot;0&quot;,&quot;title&quot;:&quot;&quot;,&quot;orientation&quot;:&quot;0&quot;}\" data-image-title=\"Imagen-de-WhatsApp-2024-05-03-a-las-12.38.00_82e1152d\" data-image-description=\"\" data-image-caption=\"\" data-medium-file=\"https:\/\/i0.wp.com\/iratiirratia.eus\/wp-content\/uploads\/2024\/05\/Imagen-de-WhatsApp-2024-05-03-a-las-12.38.00_82e1152d.jpg?fit=212%2C300&amp;ssl=1\" data-large-file=\"https:\/\/i0.wp.com\/iratiirratia.eus\/wp-content\/uploads\/2024\/05\/Imagen-de-WhatsApp-2024-05-03-a-las-12.38.00_82e1152d.jpg?fit=640%2C905&amp;ssl=1\" decoding=\"async\" loading=\"lazy\" width=\"640\" height=\"905\" src=\"https:\/\/i0.wp.com\/iratiirratia.eus\/wp-content\/uploads\/2024\/05\/Imagen-de-WhatsApp-2024-05-03-a-las-12.38.00_82e1152d.jpg?resize=640%2C905\" alt=\"\" class=\"wp-image-19878\" srcset=\"https:\/\/i0.wp.com\/iratiirratia.eus\/wp-content\/uploads\/2024\/05\/Imagen-de-WhatsApp-2024-05-03-a-las-12.38.00_82e1152d.jpg?resize=724%2C1024&amp;ssl=1 724w, https:\/\/i0.wp.com\/iratiirratia.eus\/wp-content\/uploads\/2024\/05\/Imagen-de-WhatsApp-2024-05-03-a-las-12.38.00_82e1152d.jpg?resize=212%2C300&amp;ssl=1 212w, https:\/\/i0.wp.com\/iratiirratia.eus\/wp-content\/uploads\/2024\/05\/Imagen-de-WhatsApp-2024-05-03-a-las-12.38.00_82e1152d.jpg?resize=768%2C1086&amp;ssl=1 768w, https:\/\/i0.wp.com\/iratiirratia.eus\/wp-content\/uploads\/2024\/05\/Imagen-de-WhatsApp-2024-05-03-a-las-12.38.00_82e1152d.jpg?resize=1086%2C1536&amp;ssl=1 1086w, https:\/\/i0.wp.com\/iratiirratia.eus\/wp-content\/uploads\/2024\/05\/Imagen-de-WhatsApp-2024-05-03-a-las-12.38.00_82e1152d.jpg?resize=700%2C990&amp;ssl=1 700w, https:\/\/i0.wp.com\/iratiirratia.eus\/wp-content\/uploads\/2024\/05\/Imagen-de-WhatsApp-2024-05-03-a-las-12.38.00_82e1152d.jpg?w=1131&amp;ssl=1 1131w\" sizes=\"(max-width: 640px) 100vw, 640px\" data-recalc-dims=\"1\" \/><\/figure>\n\n\n\n<p><\/p>\n","protected":false},"excerpt":{"rendered":"<p>Audiolab kultur elkartea da ekintza honen komisario lanak egiten dituena Xabier Erkiziaren eskuetan. Uharteko Arte Garaikideko Zentroak aurrera eramaten duen Uholdeak 24 programaren baitan etorri da Bat Bitan. Oharrak, zirriborroak, partiturak eta beste hainbat belarrirako idazkerak izenburua duen erakusketa. Ixila den soinu eta musikaren inguruko erakusketa bat izanik gonbidapena luzatzen digu ikusleoi partiturak eta begiratuta [&hellip;]<\/p>\n","protected":false},"author":6,"featured_media":19879,"comment_status":"open","ping_status":"open","sticky":false,"template":"","format":"standard","meta":{"jetpack_post_was_ever_published":false,"_jetpack_newsletter_access":"","_jetpack_newsletter_tier_id":0,"jetpack_publicize_message":"","jetpack_is_tweetstorm":false,"jetpack_publicize_feature_enabled":true,"jetpack_social_post_already_shared":true,"jetpack_social_options":{"image_generator_settings":{"template":"highway","enabled":false}}},"categories":[716,2,6,608],"tags":[273,274,3061,3059,3060],"jetpack_publicize_connections":[],"jetpack_featured_media_url":"https:\/\/i0.wp.com\/iratiirratia.eus\/wp-content\/uploads\/2024\/05\/Xabier_Erkizia.jpg?fit=1000%2C666&ssl=1","jetpack_shortlink":"https:\/\/wp.me\/p7eaXY-5aA","jetpack_sharing_enabled":true,"jetpack-related-posts":[{"id":18480,"url":"https:\/\/iratiirratia.eus\/index.php\/2023\/05\/19\/arte-garaikidea-denon-eskura-maiatzaren-27a-bitarte-agoitzen\/","url_meta":{"origin":19876,"position":0},"title":"Arte garaikidea denon eskura maiatzaren 27a bitarte Agoitzen","author":"Irati Irratia","date":"19 maiatza, 2023","format":false,"excerpt":"Arte garaikidea zenbaitetan ulertezina izan da eta baita eskuraezina ere. Museoetan egiten den artetzat hartu izan da eta horri buelta emateko Uharte Arte Garaikideko zentroak abiatu zuen Uholdeak programa, arte garaikidea Nafarroako txoko desberdinetara iris zedin. Honen baitan kokatzen da Materialak Amatu erakusketa zeina\u00a0 zaintzaren, amatasunaren edota ez-amatasunaren inguruko ikuspegi\u2026","rel":"","context":"In &quot;Agoitz&quot;","block_context":{"text":"Agoitz","link":"https:\/\/iratiirratia.eus\/index.php\/category\/agoitz\/"},"img":{"alt_text":"","src":"https:\/\/i0.wp.com\/iratiirratia.eus\/wp-content\/uploads\/2023\/05\/materialakamatu-1-e1684483362679.jpg?fit=554%2C628&ssl=1&resize=350%2C200","width":350,"height":200,"srcset":"https:\/\/i0.wp.com\/iratiirratia.eus\/wp-content\/uploads\/2023\/05\/materialakamatu-1-e1684483362679.jpg?fit=554%2C628&ssl=1&resize=350%2C200 1x, https:\/\/i0.wp.com\/iratiirratia.eus\/wp-content\/uploads\/2023\/05\/materialakamatu-1-e1684483362679.jpg?fit=554%2C628&ssl=1&resize=525%2C300 1.5x"},"classes":[]},{"id":18402,"url":"https:\/\/iratiirratia.eus\/index.php\/2023\/05\/03\/sormenezko-idazkera-arte-garaikidearen-baitan-kokatzeko-tailerra-agoitzen\/","url_meta":{"origin":19876,"position":1},"title":"Sormenezko idazkera arte garaikidearen baitan kokatzeko tailerra Agoitzen","author":"Irati Irratia","date":"3 maiatza, 2023","format":false,"excerpt":"UH-Arte arte garaikideko zentroak Uholdeak programaren bitartez zenbait herritara bideratu nahi ditu arte garaikidea ezagutzeko erakusketak eta horietako bat da Materialak Amatu-Materiales Maternales, zeinetan honen baitan Karekin Kulturako Kati Leatxe Aristuri egokitu dioten sormenezko idazkera tailer bat egitea. Horretaz solastu gara gaurkoan Katirekin. Tailerra datozen ostegunetan (Maiatzak 4-11) arratsaldeko 17:00etan\u2026","rel":"","context":"In &quot;Agoitz&quot;","block_context":{"text":"Agoitz","link":"https:\/\/iratiirratia.eus\/index.php\/category\/agoitz\/"},"img":{"alt_text":"","src":"https:\/\/i0.wp.com\/iratiirratia.eus\/wp-content\/uploads\/2016\/12\/karekin-e1481289743729.jpg?fit=399%2C214&ssl=1&resize=350%2C200","width":350,"height":200},"classes":[]},{"id":14054,"url":"https:\/\/iratiirratia.eus\/index.php\/2019\/10\/08\/nafarroako-artisten-lanak-ikusgai-agoitzen\/","url_meta":{"origin":19876,"position":2},"title":"Nafarroako artisten lanak ikusgai Agoitzen","author":"Irati Irratia","date":"8 urria, 2019","format":false,"excerpt":"Arte garaikide erakusketa paratu dute Agoitzko kultur etxean Uholdeak - mahaian izenburupean. Huarte arte zentroko Oskia Abarzuza izan da gurekin Irati irratian. Amaia Molinet, Maia Villot, Ferm\u00edn Jim\u00e9nez Landa, Greta Alfaro, Leire Urbeltz eta Ferm\u00edn D\u00edez de Ulzurrun artisten lanei buruz mintzatu zaigu arte ekoizpenaren arduraduna. Oskia Abarzuza Irati irratian.\u2026","rel":"","context":"In &quot;Berriak&quot;","block_context":{"text":"Berriak","link":"https:\/\/iratiirratia.eus\/index.php\/category\/berriak\/"},"img":{"alt_text":"","src":"https:\/\/i0.wp.com\/iratiirratia.eus\/wp-content\/uploads\/2019\/10\/uharte.png?fit=552%2C250&ssl=1&resize=350%2C200","width":350,"height":200,"srcset":"https:\/\/i0.wp.com\/iratiirratia.eus\/wp-content\/uploads\/2019\/10\/uharte.png?fit=552%2C250&ssl=1&resize=350%2C200 1x, https:\/\/i0.wp.com\/iratiirratia.eus\/wp-content\/uploads\/2019\/10\/uharte.png?fit=552%2C250&ssl=1&resize=525%2C300 1.5x"},"classes":[]},{"id":21523,"url":"https:\/\/iratiirratia.eus\/index.php\/2025\/02\/12\/euskal-pilotaren-historia-ardatz-hitzaldia-eta-erakusketa-bana-izanen-dira-agoitzen\/","url_meta":{"origin":19876,"position":3},"title":"Euskal Pilotaren historia ardatz hitzaldia eta erakusketa bana izanen dira Agoitzen","author":"Eneko Villegas","date":"12 otsaila, 2025","format":false,"excerpt":"Historian zehar toki askotan jolastu izan da pilotekin, hala ere ohitura hori bereganatu eta nortasunaren zati bilakatzeraino soilik hemen gertatu da, Euskal Herrian eta batez ere Nafarroan. XVIII. mendean heldu zen gutxi gora behera pilota gurera eta ezkeroztik ezinbesteko gizarte topagune bilakatu. Honen ikerketa eta ondarearen jasoketaz arduratzen da Napike\u2026","rel":"","context":"In &quot;Agoitz&quot;","block_context":{"text":"Agoitz","link":"https:\/\/iratiirratia.eus\/index.php\/category\/agoitz\/"},"img":{"alt_text":"","src":"https:\/\/i0.wp.com\/iratiirratia.eus\/wp-content\/uploads\/2025\/02\/Logo-napike-b.png?fit=681%2C264&ssl=1&resize=350%2C200","width":350,"height":200,"srcset":"https:\/\/i0.wp.com\/iratiirratia.eus\/wp-content\/uploads\/2025\/02\/Logo-napike-b.png?fit=681%2C264&ssl=1&resize=350%2C200 1x, https:\/\/i0.wp.com\/iratiirratia.eus\/wp-content\/uploads\/2025\/02\/Logo-napike-b.png?fit=681%2C264&ssl=1&resize=525%2C300 1.5x"},"classes":[]},{"id":22795,"url":"https:\/\/iratiirratia.eus\/index.php\/2025\/10\/23\/arte-on-nafarroako-eskuahaldunak-elkarteak-kultur-aniztasuna-eta-bizikidetza-erakusketa-ibiltaria-antolatu-du-agoizko-kultur-etxeanurriaren-10etik-31ra\/","url_meta":{"origin":19876,"position":4},"title":"Arte ON Nafarroako Eskuahaldunak Elkarteak &#8220;Kultur-aniztasuna eta Bizikidetza&#8221; erakusketa ibiltaria antolatu du Agoizko Kultur Etxean,urriaren 10etik 31ra.","author":"Eneko Villegas","date":"23 urria, 2025","format":false,"excerpt":"24 artistek euren obrak eskainiko dituzte Agoitzeko Kultur etxeko areto nagusian urriaren 31a bitarte. Material eta ikuspegi desberdinetatik etorritakoak euren ekarpena egin nahi izan diote kultur aniztasun eta bizikidetzari. Urriaren 10ean izan zen inaugurazioa eta urriaren 12an bisita gidatua egin zuten euskaraz. Larunbata honetan bisita gidatua eginen dute gazteleraz kasu\u2026","rel":"","context":"In &quot;Agoitz&quot;","block_context":{"text":"Agoitz","link":"https:\/\/iratiirratia.eus\/index.php\/category\/agoitz\/"},"img":{"alt_text":"","src":"https:\/\/i0.wp.com\/iratiirratia.eus\/wp-content\/uploads\/2025\/10\/558159315_1255171519984396_5061612266727102599_n.jpg?fit=960%2C1200&ssl=1&resize=350%2C200","width":350,"height":200,"srcset":"https:\/\/i0.wp.com\/iratiirratia.eus\/wp-content\/uploads\/2025\/10\/558159315_1255171519984396_5061612266727102599_n.jpg?fit=960%2C1200&ssl=1&resize=350%2C200 1x, https:\/\/i0.wp.com\/iratiirratia.eus\/wp-content\/uploads\/2025\/10\/558159315_1255171519984396_5061612266727102599_n.jpg?fit=960%2C1200&ssl=1&resize=525%2C300 1.5x, https:\/\/i0.wp.com\/iratiirratia.eus\/wp-content\/uploads\/2025\/10\/558159315_1255171519984396_5061612266727102599_n.jpg?fit=960%2C1200&ssl=1&resize=700%2C400 2x"},"classes":[]},{"id":14057,"url":"https:\/\/iratiirratia.eus\/index.php\/2019\/10\/08\/egunon-aunamendi-aralarretik-agoitzera-albisteak-kantuak-eta-artea\/","url_meta":{"origin":19876,"position":5},"title":"Egunon Au\u00f1amendi! Aralarretik Agoitzera; albisteak, kantuak eta artea","author":"Irati Irratia","date":"8 urria, 2019","format":false,"excerpt":"Aralar irratiko Martin Juanenak egunan jarri gaitu Lekunberrik festetarako gonbitea eginez. Aizkolariak, herri kirolariak eta pilotari ezagunak arituko dira bertan. Eskualdeko berriak eman eta bertara joateko gogoa piztu zaigu. Huarte arte zentroko Oskia Abarzuzak berriz Agoitzen ireki berri den Uholdeak - mahaian arte erakusketaren berri eman digu irratian. Quark zientzia\u2026","rel":"","context":"In &quot;Egun on, Au\u00f1amendi!&quot;","block_context":{"text":"Egun on, Au\u00f1amendi!","link":"https:\/\/iratiirratia.eus\/index.php\/category\/egunon-aunamendi\/"},"img":{"alt_text":"","src":"","width":0,"height":0},"classes":[]}],"_links":{"self":[{"href":"https:\/\/iratiirratia.eus\/index.php\/wp-json\/wp\/v2\/posts\/19876"}],"collection":[{"href":"https:\/\/iratiirratia.eus\/index.php\/wp-json\/wp\/v2\/posts"}],"about":[{"href":"https:\/\/iratiirratia.eus\/index.php\/wp-json\/wp\/v2\/types\/post"}],"author":[{"embeddable":true,"href":"https:\/\/iratiirratia.eus\/index.php\/wp-json\/wp\/v2\/users\/6"}],"replies":[{"embeddable":true,"href":"https:\/\/iratiirratia.eus\/index.php\/wp-json\/wp\/v2\/comments?post=19876"}],"version-history":[{"count":1,"href":"https:\/\/iratiirratia.eus\/index.php\/wp-json\/wp\/v2\/posts\/19876\/revisions"}],"predecessor-version":[{"id":19880,"href":"https:\/\/iratiirratia.eus\/index.php\/wp-json\/wp\/v2\/posts\/19876\/revisions\/19880"}],"wp:featuredmedia":[{"embeddable":true,"href":"https:\/\/iratiirratia.eus\/index.php\/wp-json\/wp\/v2\/media\/19879"}],"wp:attachment":[{"href":"https:\/\/iratiirratia.eus\/index.php\/wp-json\/wp\/v2\/media?parent=19876"}],"wp:term":[{"taxonomy":"category","embeddable":true,"href":"https:\/\/iratiirratia.eus\/index.php\/wp-json\/wp\/v2\/categories?post=19876"},{"taxonomy":"post_tag","embeddable":true,"href":"https:\/\/iratiirratia.eus\/index.php\/wp-json\/wp\/v2\/tags?post=19876"}],"curies":[{"name":"wp","href":"https:\/\/api.w.org\/{rel}","templated":true}]}}