{"id":20250,"date":"2024-08-02T14:16:23","date_gmt":"2024-08-02T12:16:23","guid":{"rendered":"http:\/\/iratiirratia.eus\/?p=20250"},"modified":"2024-08-02T14:16:23","modified_gmt":"2024-08-02T12:16:23","slug":"ekimenez-beterik-dator-artzibarko-eguna","status":"publish","type":"post","link":"https:\/\/iratiirratia.eus\/index.php\/2024\/08\/02\/ekimenez-beterik-dator-artzibarko-eguna\/","title":{"rendered":"Ekimenez beterik dator Artzibarko Eguna"},"content":{"rendered":"<p><strong>Artzibarko bizilagun eta bizilagun-ohiak jai giroan batzeko aukera ematen duen Artzibarko Eguna ospatuko da gaurtik hasita eta igandera bitarte Nagore eta Artzibarko zelaiaren artean. Mimo handiz, urtez urte errepikatzen den zita den arren beti badu toki berezia bertakoengan eta faltatu ezinezko eguna izan ohi da. Aurten Patxi Labordaren hitzaldi batek emanen dio hasiera gerora ohiko ospakizunei bide emanen zaielarik. Egitaraua eta Artzibarko Egunaren nondik norakoak ezagutu ditugu Artzibarko Kultura Batzordeko kidea den Cristina Larrea Irigoien lagunaren laguntzarekin.<br \/><\/strong><\/p>\n<p>\u00a0<\/p>\n<p><strong>\u00a0<\/strong><\/p>\n<p><strong>Cristina Larrea Irigoien<\/strong> <em>Irati Irratian <\/em><\/p>\n<p><!--StartFragment--><\/p>\n\n\n<figure class=\"wp-block-audio\"><audio controls src=\"http:\/\/iratiirratia.eus\/audio\/24-08-02CristinaArtzibar.mp3\"><\/audio><\/figure>\n\n\n\n<figure class=\"wp-block-image size-large\"><img data-attachment-id=\"20251\" data-permalink=\"https:\/\/iratiirratia.eus\/index.php\/2024\/08\/02\/ekimenez-beterik-dator-artzibarko-eguna\/artzibarkoeguna\/\" data-orig-file=\"https:\/\/i0.wp.com\/iratiirratia.eus\/wp-content\/uploads\/2024\/08\/ArtzibarkoEguna.jpg?fit=1448%2C2048&amp;ssl=1\" data-orig-size=\"1448,2048\" data-comments-opened=\"1\" data-image-meta=\"{&quot;aperture&quot;:&quot;0&quot;,&quot;credit&quot;:&quot;&quot;,&quot;camera&quot;:&quot;&quot;,&quot;caption&quot;:&quot;&quot;,&quot;created_timestamp&quot;:&quot;0&quot;,&quot;copyright&quot;:&quot;&quot;,&quot;focal_length&quot;:&quot;0&quot;,&quot;iso&quot;:&quot;0&quot;,&quot;shutter_speed&quot;:&quot;0&quot;,&quot;title&quot;:&quot;&quot;,&quot;orientation&quot;:&quot;0&quot;}\" data-image-title=\"ArtzibarkoEguna\" data-image-description=\"\" data-image-caption=\"\" data-medium-file=\"https:\/\/i0.wp.com\/iratiirratia.eus\/wp-content\/uploads\/2024\/08\/ArtzibarkoEguna.jpg?fit=212%2C300&amp;ssl=1\" data-large-file=\"https:\/\/i0.wp.com\/iratiirratia.eus\/wp-content\/uploads\/2024\/08\/ArtzibarkoEguna.jpg?fit=640%2C905&amp;ssl=1\" decoding=\"async\" loading=\"lazy\" width=\"640\" height=\"905\" src=\"https:\/\/i0.wp.com\/iratiirratia.eus\/wp-content\/uploads\/2024\/08\/ArtzibarkoEguna.jpg?resize=640%2C905\" alt=\"\" class=\"wp-image-20251\" srcset=\"https:\/\/i0.wp.com\/iratiirratia.eus\/wp-content\/uploads\/2024\/08\/ArtzibarkoEguna.jpg?resize=724%2C1024&amp;ssl=1 724w, https:\/\/i0.wp.com\/iratiirratia.eus\/wp-content\/uploads\/2024\/08\/ArtzibarkoEguna.jpg?resize=212%2C300&amp;ssl=1 212w, https:\/\/i0.wp.com\/iratiirratia.eus\/wp-content\/uploads\/2024\/08\/ArtzibarkoEguna.jpg?resize=768%2C1086&amp;ssl=1 768w, https:\/\/i0.wp.com\/iratiirratia.eus\/wp-content\/uploads\/2024\/08\/ArtzibarkoEguna.jpg?resize=1086%2C1536&amp;ssl=1 1086w, https:\/\/i0.wp.com\/iratiirratia.eus\/wp-content\/uploads\/2024\/08\/ArtzibarkoEguna.jpg?resize=700%2C990&amp;ssl=1 700w, https:\/\/i0.wp.com\/iratiirratia.eus\/wp-content\/uploads\/2024\/08\/ArtzibarkoEguna.jpg?w=1448&amp;ssl=1 1448w, https:\/\/i0.wp.com\/iratiirratia.eus\/wp-content\/uploads\/2024\/08\/ArtzibarkoEguna.jpg?w=1280 1280w\" sizes=\"(max-width: 640px) 100vw, 640px\" data-recalc-dims=\"1\" \/><\/figure>\n\n\n\n<p><\/p>\n","protected":false},"excerpt":{"rendered":"<p>Artzibarko bizilagun eta bizilagun-ohiak jai giroan batzeko aukera ematen duen Artzibarko Eguna ospatuko da gaurtik hasita eta igandera bitarte Nagore eta Artzibarko zelaiaren artean. Mimo handiz, urtez urte errepikatzen den zita den arren beti badu toki berezia bertakoengan eta faltatu ezinezko eguna izan ohi da. Aurten Patxi Labordaren hitzaldi batek emanen dio hasiera gerora ohiko [&hellip;]<\/p>\n","protected":false},"author":6,"featured_media":20251,"comment_status":"open","ping_status":"open","sticky":false,"template":"","format":"standard","meta":{"jetpack_post_was_ever_published":false,"_jetpack_newsletter_access":"","_jetpack_newsletter_tier_id":0,"jetpack_publicize_message":"","jetpack_is_tweetstorm":false,"jetpack_publicize_feature_enabled":true,"jetpack_social_post_already_shared":true,"jetpack_social_options":{"image_generator_settings":{"template":"highway","enabled":false}}},"categories":[1629,2,6,608],"tags":[167,3210,504,2345,3212],"jetpack_publicize_connections":[],"jetpack_featured_media_url":"https:\/\/i0.wp.com\/iratiirratia.eus\/wp-content\/uploads\/2024\/08\/ArtzibarkoEguna.jpg?fit=1448%2C2048&ssl=1","jetpack_shortlink":"https:\/\/wp.me\/p7eaXY-5gC","jetpack_sharing_enabled":true,"jetpack-related-posts":[{"id":22324,"url":"https:\/\/iratiirratia.eus\/index.php\/2025\/08\/01\/ekimenez-beterik-ospatuko-da-asteburu-honetan-artzibarko-eguna\/","url_meta":{"origin":20250,"position":0},"title":"Ekimenez beterik ospatuko da asteburu honetan Artzibarko Eguna","author":"Eneko Villegas","date":"1 abuztua, 2025","format":false,"excerpt":"Nagorek, Artziko zelai eta baselizak hartuko dute beste behin Artzibarko Egunaren programazioa. Urtero errepikatzen den zita honek garrantzia handia dauka bailaran, herritar andana batzen baitira harremanak estutzeko asmoz. Aurten ere hala izanen da. Larunbatean auzolanak emanen dio hasiera ospakizunei, igandean izanen delarik plater nagusia.Estreinakoz, Artziko Jauregiko jatetxeak hartuko du Artzibarko\u2026","rel":"","context":"In &quot;Artzibar&quot;","block_context":{"text":"Artzibar","link":"https:\/\/iratiirratia.eus\/index.php\/category\/artzibar\/"},"img":{"alt_text":"","src":"https:\/\/i0.wp.com\/iratiirratia.eus\/wp-content\/uploads\/2025\/08\/518760214_1170856131735992_5728195859194078626_n.jpg?fit=848%2C1200&ssl=1&resize=350%2C200","width":350,"height":200,"srcset":"https:\/\/i0.wp.com\/iratiirratia.eus\/wp-content\/uploads\/2025\/08\/518760214_1170856131735992_5728195859194078626_n.jpg?fit=848%2C1200&ssl=1&resize=350%2C200 1x, https:\/\/i0.wp.com\/iratiirratia.eus\/wp-content\/uploads\/2025\/08\/518760214_1170856131735992_5728195859194078626_n.jpg?fit=848%2C1200&ssl=1&resize=525%2C300 1.5x, https:\/\/i0.wp.com\/iratiirratia.eus\/wp-content\/uploads\/2025\/08\/518760214_1170856131735992_5728195859194078626_n.jpg?fit=848%2C1200&ssl=1&resize=700%2C400 2x"},"classes":[]},{"id":22334,"url":"https:\/\/iratiirratia.eus\/index.php\/2025\/08\/04\/artziko-ingurutxo-berpizteko-eta-berreraikitzeko-ekinaldia\/","url_meta":{"origin":20250,"position":1},"title":"Artziko Ingurutxo berpizteko eta berreraikitzeko ekinaldia","author":"Eneko Villegas","date":"4 abuztua, 2025","format":false,"excerpt":"\u00a0 Euskal Dantzen berreskurapena helburu harat eta honat ibili ohi dira Aiko taldeko kideak, tartean Patxi Laborda Larrea dagoelarik. Uztaila amaieran Ariben izan genuen Aribeko Thun Thuna entsaiatzen eta horren ostean bihartik aurrera Artzibar dantzan ekimenan izanen da buru belarri. Ekinaldi honetan Artzibarko Ingurutxoa berpiztu edo hobe esanda birsortu eginen\u2026","rel":"","context":"In &quot;Aezkoa&quot;","block_context":{"text":"Aezkoa","link":"https:\/\/iratiirratia.eus\/index.php\/category\/aezkoa\/"},"img":{"alt_text":"","src":"https:\/\/i0.wp.com\/iratiirratia.eus\/wp-content\/uploads\/2025\/08\/Imagen-de-WhatsApp-2025-07-21-a-las-12.07.50_c7e31c05.jpg?fit=848%2C1200&ssl=1&resize=350%2C200","width":350,"height":200,"srcset":"https:\/\/i0.wp.com\/iratiirratia.eus\/wp-content\/uploads\/2025\/08\/Imagen-de-WhatsApp-2025-07-21-a-las-12.07.50_c7e31c05.jpg?fit=848%2C1200&ssl=1&resize=350%2C200 1x, https:\/\/i0.wp.com\/iratiirratia.eus\/wp-content\/uploads\/2025\/08\/Imagen-de-WhatsApp-2025-07-21-a-las-12.07.50_c7e31c05.jpg?fit=848%2C1200&ssl=1&resize=525%2C300 1.5x, https:\/\/i0.wp.com\/iratiirratia.eus\/wp-content\/uploads\/2025\/08\/Imagen-de-WhatsApp-2025-07-21-a-las-12.07.50_c7e31c05.jpg?fit=848%2C1200&ssl=1&resize=700%2C400 2x"},"classes":[]},{"id":20245,"url":"https:\/\/iratiirratia.eus\/index.php\/2024\/08\/02\/dantzak-eta-tradizioak-hizketa-eta-ikasgai-izanen-dira-artzibar-eta-erroibarren\/","url_meta":{"origin":20250,"position":2},"title":"Dantzak eta tradizioak hizketa eta ikasgai izanen dira Artzibar eta Erroibarren","author":"Eneko Villegas","date":"2 abuztua, 2024","format":false,"excerpt":"Artzibarko eta Erroibarko udalek bertako euskara zerbitzutik dantza eta tradizioaren inguruko hitzaldi eta tailerrak antolatu dituzte. Dantzaren historia landu eta bertako dantzak ezagutu eginen dituzte Patxi Laborda Larreak gidatutako hitzaldi eta ikastaroen bidez. Dantzaz, tradizioaz, erroetaz eta programazioaz solastu gara gaurkoan Patxi Laborda Larrearekin. \u00a0 \u00a0 \u00a0 Patxi Laborda Larrea\u2026","rel":"","context":"In &quot;Artzibar&quot;","block_context":{"text":"Artzibar","link":"https:\/\/iratiirratia.eus\/index.php\/category\/artzibar\/"},"img":{"alt_text":"","src":"https:\/\/i0.wp.com\/iratiirratia.eus\/wp-content\/uploads\/2024\/08\/PatxiLaborda.jpeg?fit=480%2C360&ssl=1&resize=350%2C200","width":350,"height":200},"classes":[]},{"id":9175,"url":"https:\/\/iratiirratia.eus\/index.php\/2016\/08\/04\/egun-on-aunamendi-680\/","url_meta":{"origin":20250,"position":3},"title":"Egun on, Au\u00f1amendi!","author":"Irati Irratia","date":"4 abuztua, 2016","format":false,"excerpt":"Patxi Iriartek argitaratu berri duen On Egin! liburua ezagutu dugu gaur. Zaraitzuko emakumeen 94 errezeta biltzen ditu. Artzibarko Udaleko Cristina Larrea zinegotzia izan dugu ondoren, eta harekin Artzibarko Egunaren inguruan aritu gara. Aurizberriko liburutegia bisitatu dugu eta Idoia Zabalza Euskara Teknikariaren bisita jaso dugu estudioan. Eta, nola ez, berriak, inguruko\u2026","rel":"","context":"In &quot;Egun on, Au\u00f1amendi!&quot;","block_context":{"text":"Egun on, Au\u00f1amendi!","link":"https:\/\/iratiirratia.eus\/index.php\/category\/egunon-aunamendi\/"},"img":{"alt_text":"","src":"","width":0,"height":0},"classes":[]},{"id":16500,"url":"https:\/\/iratiirratia.eus\/index.php\/2021\/08\/09\/udal-plan-estrategikoa-eratzeko-parte-hartze-prozesua-abiatu-dute-artzibarko-udalak-eta-bizilagun-talde-batek\/","url_meta":{"origin":20250,"position":4},"title":"Udal plan estrategikoa eratzeko parte-hartze prozesua abiatu dute Artzibarko udalak eta bizilagun talde batek","author":"Irati Irratia","date":"9 abuztua, 2021","format":false,"excerpt":"Artzibar Pirinioan\/Aurrepirinioan kokatuta dagoen ibarra bat da. 262 lagunek osatzen dute bere populazioa 18 kontzeju\/udaletan banatuta. Azken 20 urteetan poblazioa mantetzea lortu duten arren, egoera irauli nahiean udal plan estrategiko bat martxan jarri nahi dute. Honetarako bertako bizilagunen parte-hartze eta laguntza baliatuz eramanen dute aurrera. Parte-hartze prozesu honetan udalak eta\u2026","rel":"","context":"In &quot;Artzibar&quot;","block_context":{"text":"Artzibar","link":"https:\/\/iratiirratia.eus\/index.php\/category\/artzibar\/"},"img":{"alt_text":"","src":"https:\/\/i0.wp.com\/iratiirratia.eus\/wp-content\/uploads\/2021\/08\/Artzipartehartzel-e1628511209703.jpg?fit=1200%2C641&ssl=1&resize=350%2C200","width":350,"height":200,"srcset":"https:\/\/i0.wp.com\/iratiirratia.eus\/wp-content\/uploads\/2021\/08\/Artzipartehartzel-e1628511209703.jpg?fit=1200%2C641&ssl=1&resize=350%2C200 1x, https:\/\/i0.wp.com\/iratiirratia.eus\/wp-content\/uploads\/2021\/08\/Artzipartehartzel-e1628511209703.jpg?fit=1200%2C641&ssl=1&resize=525%2C300 1.5x, https:\/\/i0.wp.com\/iratiirratia.eus\/wp-content\/uploads\/2021\/08\/Artzipartehartzel-e1628511209703.jpg?fit=1200%2C641&ssl=1&resize=700%2C400 2x, https:\/\/i0.wp.com\/iratiirratia.eus\/wp-content\/uploads\/2021\/08\/Artzipartehartzel-e1628511209703.jpg?fit=1200%2C641&ssl=1&resize=1050%2C600 3x"},"classes":[]},{"id":3853,"url":"https:\/\/iratiirratia.eus\/index.php\/2013\/05\/21\/artzibar-eta-arkeologia\/","url_meta":{"origin":20250,"position":5},"title":"Artzibar eta Arkeologia","author":"Irati Irratia","date":"21 maiatza, 2013","format":false,"excerpt":"Datorren larunbatean, hilaren 25ean, hitzaldi interesgarri bat izango dugu Artzibarko Udaletxean (Nagore). Juan Mari Martinez Txoperena ikertzaileak Artzibarko ondare arkeologikoaz hitz eginen digu, arratsaldeko 19.00etan. El pr\u00f3ximo s\u00e1bado, d\u00eda 25 de mayo, tendr\u00e1 lugar una charla en el Ayuntamiento de Artzibar (Nagore), que analizar\u00e1 el patrimonio y la arqueolog\u00eda de\u2026","rel":"","context":"In &quot;Oharrak&quot;","block_context":{"text":"Oharrak","link":"https:\/\/iratiirratia.eus\/index.php\/category\/abisuak\/"},"img":{"alt_text":"","src":"https:\/\/i0.wp.com\/iratiirratia.net\/wp-content\/uploads\/2013\/05\/nagore1-214x300.jpg?resize=350%2C200","width":350,"height":200},"classes":[]}],"_links":{"self":[{"href":"https:\/\/iratiirratia.eus\/index.php\/wp-json\/wp\/v2\/posts\/20250"}],"collection":[{"href":"https:\/\/iratiirratia.eus\/index.php\/wp-json\/wp\/v2\/posts"}],"about":[{"href":"https:\/\/iratiirratia.eus\/index.php\/wp-json\/wp\/v2\/types\/post"}],"author":[{"embeddable":true,"href":"https:\/\/iratiirratia.eus\/index.php\/wp-json\/wp\/v2\/users\/6"}],"replies":[{"embeddable":true,"href":"https:\/\/iratiirratia.eus\/index.php\/wp-json\/wp\/v2\/comments?post=20250"}],"version-history":[{"count":1,"href":"https:\/\/iratiirratia.eus\/index.php\/wp-json\/wp\/v2\/posts\/20250\/revisions"}],"predecessor-version":[{"id":20252,"href":"https:\/\/iratiirratia.eus\/index.php\/wp-json\/wp\/v2\/posts\/20250\/revisions\/20252"}],"wp:featuredmedia":[{"embeddable":true,"href":"https:\/\/iratiirratia.eus\/index.php\/wp-json\/wp\/v2\/media\/20251"}],"wp:attachment":[{"href":"https:\/\/iratiirratia.eus\/index.php\/wp-json\/wp\/v2\/media?parent=20250"}],"wp:term":[{"taxonomy":"category","embeddable":true,"href":"https:\/\/iratiirratia.eus\/index.php\/wp-json\/wp\/v2\/categories?post=20250"},{"taxonomy":"post_tag","embeddable":true,"href":"https:\/\/iratiirratia.eus\/index.php\/wp-json\/wp\/v2\/tags?post=20250"}],"curies":[{"name":"wp","href":"https:\/\/api.w.org\/{rel}","templated":true}]}}