{"id":20600,"date":"2024-09-26T14:48:05","date_gmt":"2024-09-26T12:48:05","guid":{"rendered":"http:\/\/iratiirratia.eus\/?p=20600"},"modified":"2024-09-26T14:48:05","modified_gmt":"2024-09-26T12:48:05","slug":"el-club-de-lectura-feminista-sera-presentado-manana-en-la-biblioteca-de-roncal","status":"publish","type":"post","link":"https:\/\/iratiirratia.eus\/index.php\/2024\/09\/26\/el-club-de-lectura-feminista-sera-presentado-manana-en-la-biblioteca-de-roncal\/","title":{"rendered":"El Club de Lectura Feminista ser\u00e1 presentado ma\u00f1ana en la biblioteca de Roncal"},"content":{"rendered":"<p><strong>Ma\u00f1ana 27 de septiembre a las 17:00 dar\u00e1 comienzo el Club de Lectura Feminista organizada por la asociaci\u00f3n de mujeres Gaztelu en la biblioteca de Roncal. Para explicarnos qu\u00e9 va hacer este club de lectura hemos hablado con Amparo Vi\u00f1uales, compa\u00f1era de la mencionada asociaci\u00f3n de mujeres. <br \/><\/strong><\/p>\n<p><strong>\u00a0<\/strong><\/p>\n<p><strong>Amparo Vi\u00f1uales<\/strong> <em>Irati Irratian <\/em><\/p>\n<p><!--StartFragment--><\/p>\n\n\n<figure class=\"wp-block-audio\"><audio controls src=\"http:\/\/iratiirratia.eus\/audio\/24-09-26AmparoFeministak.mp3\"><\/audio><\/figure>\n\n\n\n<figure class=\"wp-block-image size-large\"><img data-attachment-id=\"20601\" data-permalink=\"https:\/\/iratiirratia.eus\/index.php\/2024\/09\/26\/el-club-de-lectura-feminista-sera-presentado-manana-en-la-biblioteca-de-roncal\/lecturafem\/\" data-orig-file=\"https:\/\/i0.wp.com\/iratiirratia.eus\/wp-content\/uploads\/2024\/09\/lecturafem.jpg?fit=1004%2C1412&amp;ssl=1\" data-orig-size=\"1004,1412\" data-comments-opened=\"1\" data-image-meta=\"{&quot;aperture&quot;:&quot;0&quot;,&quot;credit&quot;:&quot;&quot;,&quot;camera&quot;:&quot;&quot;,&quot;caption&quot;:&quot;&quot;,&quot;created_timestamp&quot;:&quot;0&quot;,&quot;copyright&quot;:&quot;&quot;,&quot;focal_length&quot;:&quot;0&quot;,&quot;iso&quot;:&quot;0&quot;,&quot;shutter_speed&quot;:&quot;0&quot;,&quot;title&quot;:&quot;&quot;,&quot;orientation&quot;:&quot;0&quot;}\" data-image-title=\"lecturafem\" data-image-description=\"\" data-image-caption=\"\" data-medium-file=\"https:\/\/i0.wp.com\/iratiirratia.eus\/wp-content\/uploads\/2024\/09\/lecturafem.jpg?fit=213%2C300&amp;ssl=1\" data-large-file=\"https:\/\/i0.wp.com\/iratiirratia.eus\/wp-content\/uploads\/2024\/09\/lecturafem.jpg?fit=640%2C900&amp;ssl=1\" decoding=\"async\" loading=\"lazy\" width=\"640\" height=\"900\" src=\"https:\/\/i0.wp.com\/iratiirratia.eus\/wp-content\/uploads\/2024\/09\/lecturafem.jpg?resize=640%2C900\" alt=\"\" class=\"wp-image-20601\" srcset=\"https:\/\/i0.wp.com\/iratiirratia.eus\/wp-content\/uploads\/2024\/09\/lecturafem.jpg?resize=728%2C1024&amp;ssl=1 728w, https:\/\/i0.wp.com\/iratiirratia.eus\/wp-content\/uploads\/2024\/09\/lecturafem.jpg?resize=213%2C300&amp;ssl=1 213w, https:\/\/i0.wp.com\/iratiirratia.eus\/wp-content\/uploads\/2024\/09\/lecturafem.jpg?resize=768%2C1080&amp;ssl=1 768w, https:\/\/i0.wp.com\/iratiirratia.eus\/wp-content\/uploads\/2024\/09\/lecturafem.jpg?resize=700%2C984&amp;ssl=1 700w, https:\/\/i0.wp.com\/iratiirratia.eus\/wp-content\/uploads\/2024\/09\/lecturafem.jpg?w=1004&amp;ssl=1 1004w\" sizes=\"(max-width: 640px) 100vw, 640px\" data-recalc-dims=\"1\" \/><\/figure>\n\n\n\n<p><\/p>\n","protected":false},"excerpt":{"rendered":"<p>Ma\u00f1ana 27 de septiembre a las 17:00 dar\u00e1 comienzo el Club de Lectura Feminista organizada por la asociaci\u00f3n de mujeres Gaztelu en la biblioteca de Roncal. Para explicarnos qu\u00e9 va hacer este club de lectura hemos hablado con Amparo Vi\u00f1uales, compa\u00f1era de la mencionada asociaci\u00f3n de mujeres. \u00a0 Amparo Vi\u00f1uales Irati Irratian<\/p>\n","protected":false},"author":6,"featured_media":20601,"comment_status":"open","ping_status":"open","sticky":false,"template":"","format":"standard","meta":{"jetpack_post_was_ever_published":false,"_jetpack_newsletter_access":"","_jetpack_newsletter_tier_id":0,"jetpack_publicize_message":"","jetpack_is_tweetstorm":false,"jetpack_publicize_feature_enabled":true,"jetpack_social_post_already_shared":true,"jetpack_social_options":{"image_generator_settings":{"template":"highway","enabled":false}}},"categories":[116],"tags":[3304,3303,226,174,3305,2721,3302],"jetpack_publicize_connections":[],"jetpack_featured_media_url":"https:\/\/i0.wp.com\/iratiirratia.eus\/wp-content\/uploads\/2024\/09\/lecturafem.jpg?fit=1004%2C1412&ssl=1","jetpack_shortlink":"https:\/\/wp.me\/p7eaXY-5mg","jetpack_sharing_enabled":true,"jetpack-related-posts":[{"id":20674,"url":"https:\/\/iratiirratia.eus\/index.php\/2024\/10\/10\/hablamos-con-alvaro-embid-encargado-de-impartir-el-taller-hombres-que-se-benefician-de-la-inteligencia-emocional-en-la-biblioteca-de-espinal\/","url_meta":{"origin":20600,"position":0},"title":"Hablamos con Alvaro Embid encargado de impartir el taller &#8220;HOMBRES QUE SE BENEFICIAN DE LA INTELIGENCIA EMOCIONAL&#8221; en la Biblioteca de Espinal","author":"Eneko Villegas","date":"10 urria, 2024","format":false,"excerpt":"Alvaro Embid es el encargado de impartir el taller \"HOMBRES QUE SE BENEFICIAN DE LA INTELIGENCIA EMOCIONAL\". Un taller destinado exclusivamente para hombres en los que se trabajaran los privilegios de estos y como hacerles frente para educar la sociedad en el feminismo mediante unas \u00e1reas de mejora. Hoy en\u2026","rel":"","context":"In &quot;Elkarrizketak&quot;","block_context":{"text":"Elkarrizketak","link":"https:\/\/iratiirratia.eus\/index.php\/category\/elkarrizketak\/"},"img":{"alt_text":"","src":"https:\/\/i0.wp.com\/iratiirratia.eus\/wp-content\/uploads\/2024\/10\/hombres.jpg?fit=800%2C566&ssl=1&resize=350%2C200","width":350,"height":200,"srcset":"https:\/\/i0.wp.com\/iratiirratia.eus\/wp-content\/uploads\/2024\/10\/hombres.jpg?fit=800%2C566&ssl=1&resize=350%2C200 1x, https:\/\/i0.wp.com\/iratiirratia.eus\/wp-content\/uploads\/2024\/10\/hombres.jpg?fit=800%2C566&ssl=1&resize=525%2C300 1.5x, https:\/\/i0.wp.com\/iratiirratia.eus\/wp-content\/uploads\/2024\/10\/hombres.jpg?fit=800%2C566&ssl=1&resize=700%2C400 2x"},"classes":[]},{"id":21625,"url":"https:\/\/iratiirratia.eus\/index.php\/2025\/03\/06\/emakumearen-hilabetea-eta-irakurle-talde-feminista-hizketagai-gaztelu-emakume-elkartearekin\/","url_meta":{"origin":20600,"position":1},"title":"Emakumearen hilabetea eta irakurle talde feminista hizketagai Gaztelu Emakume elkartearekin","author":"Eneko Villegas","date":"6 martxoa, 2025","format":false,"excerpt":"Martxoaren 8a iristear dela, Emakume elkarte eta asanbladek beti antolatzen ohi dituzte aldarrikapen ekitaldiak. Zoritxarrez, oraindik ere bada zer aldarrikatu ez baikara berdintasunean bizi, are gehiago epe erreakzionario baten erdian are garrantzitsuagoa bihurtu da aurtengo martxoaren 8an kalera ateratzea. Lan honetan dihardu Gaztelu Emakume taldeak zeina Berdintoki eta Emakume asanbladarekin\u2026","rel":"","context":"In &quot;Berriak&quot;","block_context":{"text":"Berriak","link":"https:\/\/iratiirratia.eus\/index.php\/category\/berriak\/"},"img":{"alt_text":"","src":"https:\/\/i0.wp.com\/iratiirratia.eus\/wp-content\/uploads\/2025\/03\/Imagen-de-WhatsApp-2025-03-05-a-las-16.34.19_7d1158a8.jpg?fit=720%2C1020&ssl=1&resize=350%2C200","width":350,"height":200,"srcset":"https:\/\/i0.wp.com\/iratiirratia.eus\/wp-content\/uploads\/2025\/03\/Imagen-de-WhatsApp-2025-03-05-a-las-16.34.19_7d1158a8.jpg?fit=720%2C1020&ssl=1&resize=350%2C200 1x, https:\/\/i0.wp.com\/iratiirratia.eus\/wp-content\/uploads\/2025\/03\/Imagen-de-WhatsApp-2025-03-05-a-las-16.34.19_7d1158a8.jpg?fit=720%2C1020&ssl=1&resize=525%2C300 1.5x, https:\/\/i0.wp.com\/iratiirratia.eus\/wp-content\/uploads\/2025\/03\/Imagen-de-WhatsApp-2025-03-05-a-las-16.34.19_7d1158a8.jpg?fit=720%2C1020&ssl=1&resize=700%2C400 2x"},"classes":[]},{"id":20610,"url":"https:\/\/iratiirratia.eus\/index.php\/2024\/09\/27\/manana-comenzaran-las-jornadas-europeas-de-patrimonio-en-aoiz\/","url_meta":{"origin":20600,"position":2},"title":"Ma\u00f1ana comenzar\u00e1n las Jornadas Europeas de Patrimonio en Aoiz","author":"Eneko Villegas","date":"27 iraila, 2024","format":false,"excerpt":"Estas jornadas europeas de patrimonio se inauguraran con la \"Representaci\u00f3n de la firma de la paz entre Agramonteses y Beamonteses. Ma\u00f1ana 28 de septiembre, s\u00e1bado a la 13:00 en la plaza Baja Navarra. Las jornadas se extienden hasta el fin de semana que viene. Para hablar al detalle de estas\u2026","rel":"","context":"In &quot;Agoitz&quot;","block_context":{"text":"Agoitz","link":"https:\/\/iratiirratia.eus\/index.php\/category\/agoitz\/"},"img":{"alt_text":"","src":"https:\/\/i0.wp.com\/iratiirratia.eus\/wp-content\/uploads\/2024\/09\/JEP-cast.png?fit=1116%2C1141&ssl=1&resize=350%2C200","width":350,"height":200,"srcset":"https:\/\/i0.wp.com\/iratiirratia.eus\/wp-content\/uploads\/2024\/09\/JEP-cast.png?fit=1116%2C1141&ssl=1&resize=350%2C200 1x, https:\/\/i0.wp.com\/iratiirratia.eus\/wp-content\/uploads\/2024\/09\/JEP-cast.png?fit=1116%2C1141&ssl=1&resize=525%2C300 1.5x, https:\/\/i0.wp.com\/iratiirratia.eus\/wp-content\/uploads\/2024\/09\/JEP-cast.png?fit=1116%2C1141&ssl=1&resize=700%2C400 2x, https:\/\/i0.wp.com\/iratiirratia.eus\/wp-content\/uploads\/2024\/09\/JEP-cast.png?fit=1116%2C1141&ssl=1&resize=1050%2C600 3x"},"classes":[]},{"id":6423,"url":"https:\/\/iratiirratia.eus\/index.php\/2015\/07\/30\/nazioartean-ere-ikusi-dute-koldo-camposen-olerki-irakurketa\/","url_meta":{"origin":20600,"position":3},"title":"Nazioartean ere ikusi dute Koldo Camposen olerki irakurketa","author":"Irati Irratia","date":"30 uztaila, 2015","format":false,"excerpt":"Ayer estuvimos muy a gusto en la lectura de poemas de Koldo. Tuvimos invitad@s por skype desde Paris a la gente de la...Posted by Aurizberriko Liburutegi Publikoa - Biblioteca P\u00fablica de Espinal on\u00a0Ostegun, 2015.eko Uztailak 30 Esta tarde vamos a retransmitir en directo via Skype la lectura de poemas de\u2026","rel":"","context":"In &quot;Berriak&quot;","block_context":{"text":"Berriak","link":"https:\/\/iratiirratia.eus\/index.php\/category\/berriak\/"},"img":{"alt_text":"","src":"","width":0,"height":0},"classes":[]},{"id":20694,"url":"https:\/\/iratiirratia.eus\/index.php\/2024\/10\/14\/motxila-21-estaran-este-domingo-en-el-nafarroa-oinez-hablamos-con-dos-de-sus-miembros-xabi-y-jose\/","url_meta":{"origin":20600,"position":4},"title":"&#8220;MOTXILA 21&#8221; estar\u00e1n este domingo en el Nafarroa Oinez. Hablamos con dos de sus miembros Xabi y Jose.","author":"Eneko Villegas","date":"14 urria, 2024","format":false,"excerpt":"El grupo \"Motxila 21\" estar\u00e1 actuando este pr\u00f3ximo domingo en la fiesta Nafarra Oinez organizada este a\u00f1o por la ikastola de Zangoza. Los podremos ver en el \u00e1rea 1 \"PIZTU\" el domingo a las 12:00 de la ma\u00f1ana. Hoy hemos charlado con dos de sus miembros Xabi y Jose, m\u00fasicos\u2026","rel":"","context":"In &quot;Elkarrizketak&quot;","block_context":{"text":"Elkarrizketak","link":"https:\/\/iratiirratia.eus\/index.php\/category\/elkarrizketak\/"},"img":{"alt_text":"","src":"https:\/\/i0.wp.com\/iratiirratia.eus\/wp-content\/uploads\/2024\/10\/NO24-astebururako-egitaraua-pdf-1.jpg?resize=350%2C200&ssl=1","width":350,"height":200,"srcset":"https:\/\/i0.wp.com\/iratiirratia.eus\/wp-content\/uploads\/2024\/10\/NO24-astebururako-egitaraua-pdf-1.jpg?resize=350%2C200&ssl=1 1x, https:\/\/i0.wp.com\/iratiirratia.eus\/wp-content\/uploads\/2024\/10\/NO24-astebururako-egitaraua-pdf-1.jpg?resize=525%2C300&ssl=1 1.5x, https:\/\/i0.wp.com\/iratiirratia.eus\/wp-content\/uploads\/2024\/10\/NO24-astebururako-egitaraua-pdf-1.jpg?resize=700%2C400&ssl=1 2x, https:\/\/i0.wp.com\/iratiirratia.eus\/wp-content\/uploads\/2024\/10\/NO24-astebururako-egitaraua-pdf-1.jpg?resize=1050%2C600&ssl=1 3x"},"classes":[]},{"id":9635,"url":"https:\/\/iratiirratia.eus\/index.php\/2016\/11\/25\/historia-de-las-mujeres-en-euskal-herria-liburua-azaldu-digute\/","url_meta":{"origin":20600,"position":5},"title":"&#8220;Historia de las mujeres en Euskal Herria&#8221; liburua azaldu digute","author":"Irati Irratia","date":"25 azaroa, 2016","format":false,"excerpt":"Gaurkoan Ana Iziz \"La historia de las mujeres en Euskal Herria\" liburuaren idazlearekin egon gara liburuaz eta historiaz hitzegiten [audio:http:\/\/iratiirratia.eus\/audio\/historiadelasmujeres.mp3|titles= HistoriaMujeres] Klikatu hemen elkarrizketa jaisteko","rel":"","context":"In &quot;Berriak&quot;","block_context":{"text":"Berriak","link":"https:\/\/iratiirratia.eus\/index.php\/category\/berriak\/"},"img":{"alt_text":"","src":"https:\/\/i0.wp.com\/iratiirratia.eus\/wp-content\/uploads\/2016\/11\/historiamujeres-e1480082376311.jpg?fit=490%2C439&ssl=1&resize=350%2C200","width":350,"height":200},"classes":[]}],"_links":{"self":[{"href":"https:\/\/iratiirratia.eus\/index.php\/wp-json\/wp\/v2\/posts\/20600"}],"collection":[{"href":"https:\/\/iratiirratia.eus\/index.php\/wp-json\/wp\/v2\/posts"}],"about":[{"href":"https:\/\/iratiirratia.eus\/index.php\/wp-json\/wp\/v2\/types\/post"}],"author":[{"embeddable":true,"href":"https:\/\/iratiirratia.eus\/index.php\/wp-json\/wp\/v2\/users\/6"}],"replies":[{"embeddable":true,"href":"https:\/\/iratiirratia.eus\/index.php\/wp-json\/wp\/v2\/comments?post=20600"}],"version-history":[{"count":1,"href":"https:\/\/iratiirratia.eus\/index.php\/wp-json\/wp\/v2\/posts\/20600\/revisions"}],"predecessor-version":[{"id":20602,"href":"https:\/\/iratiirratia.eus\/index.php\/wp-json\/wp\/v2\/posts\/20600\/revisions\/20602"}],"wp:featuredmedia":[{"embeddable":true,"href":"https:\/\/iratiirratia.eus\/index.php\/wp-json\/wp\/v2\/media\/20601"}],"wp:attachment":[{"href":"https:\/\/iratiirratia.eus\/index.php\/wp-json\/wp\/v2\/media?parent=20600"}],"wp:term":[{"taxonomy":"category","embeddable":true,"href":"https:\/\/iratiirratia.eus\/index.php\/wp-json\/wp\/v2\/categories?post=20600"},{"taxonomy":"post_tag","embeddable":true,"href":"https:\/\/iratiirratia.eus\/index.php\/wp-json\/wp\/v2\/tags?post=20600"}],"curies":[{"name":"wp","href":"https:\/\/api.w.org\/{rel}","templated":true}]}}