{"id":20610,"date":"2024-09-27T14:33:38","date_gmt":"2024-09-27T12:33:38","guid":{"rendered":"http:\/\/iratiirratia.eus\/?p=20610"},"modified":"2024-09-27T14:33:38","modified_gmt":"2024-09-27T12:33:38","slug":"manana-comenzaran-las-jornadas-europeas-de-patrimonio-en-aoiz","status":"publish","type":"post","link":"https:\/\/iratiirratia.eus\/index.php\/2024\/09\/27\/manana-comenzaran-las-jornadas-europeas-de-patrimonio-en-aoiz\/","title":{"rendered":"Ma\u00f1ana comenzar\u00e1n las Jornadas Europeas de Patrimonio en Aoiz"},"content":{"rendered":"<p><strong>Estas jornadas europeas de patrimonio se inauguraran con la &#8220;Representaci\u00f3n de la firma de la paz entre Agramonteses y Beamonteses. Ma\u00f1ana 28 de septiembre, s\u00e1bado a la 13:00 en la plaza Baja Navarra. Las jornadas se extienden hasta el fin de semana que viene. Para hablar al detalle de estas jornadas nos ha visitado Carlos Garcia agente de desarrollo de CEDERNA-GARALUR del pre-pirineo.<br \/><\/strong><\/p>\n<p><strong>\u00a0<\/strong><\/p>\n<p><strong>Carlos Garcia<\/strong> <em>Irati Irratian <\/em><\/p>\n<p><!--StartFragment--><\/p>\n\n\n<figure class=\"wp-block-audio\"><audio controls src=\"http:\/\/iratiirratia.eus\/audio\/24-09-27CarlosPatrimonio.mp3\"><\/audio><\/figure>\n\n\n\n<figure class=\"wp-block-image size-large\"><img data-attachment-id=\"20611\" data-permalink=\"https:\/\/iratiirratia.eus\/index.php\/2024\/09\/27\/manana-comenzaran-las-jornadas-europeas-de-patrimonio-en-aoiz\/jep-cast\/\" data-orig-file=\"https:\/\/i0.wp.com\/iratiirratia.eus\/wp-content\/uploads\/2024\/09\/JEP-cast.png?fit=1116%2C1141&amp;ssl=1\" data-orig-size=\"1116,1141\" data-comments-opened=\"1\" data-image-meta=\"{&quot;aperture&quot;:&quot;0&quot;,&quot;credit&quot;:&quot;&quot;,&quot;camera&quot;:&quot;&quot;,&quot;caption&quot;:&quot;&quot;,&quot;created_timestamp&quot;:&quot;0&quot;,&quot;copyright&quot;:&quot;&quot;,&quot;focal_length&quot;:&quot;0&quot;,&quot;iso&quot;:&quot;0&quot;,&quot;shutter_speed&quot;:&quot;0&quot;,&quot;title&quot;:&quot;&quot;,&quot;orientation&quot;:&quot;0&quot;}\" data-image-title=\"JEP-cast\" data-image-description=\"\" data-image-caption=\"\" data-medium-file=\"https:\/\/i0.wp.com\/iratiirratia.eus\/wp-content\/uploads\/2024\/09\/JEP-cast.png?fit=293%2C300&amp;ssl=1\" data-large-file=\"https:\/\/i0.wp.com\/iratiirratia.eus\/wp-content\/uploads\/2024\/09\/JEP-cast.png?fit=640%2C654&amp;ssl=1\" decoding=\"async\" loading=\"lazy\" width=\"640\" height=\"654\" src=\"https:\/\/i0.wp.com\/iratiirratia.eus\/wp-content\/uploads\/2024\/09\/JEP-cast.png?resize=640%2C654\" alt=\"\" class=\"wp-image-20611\" srcset=\"https:\/\/i0.wp.com\/iratiirratia.eus\/wp-content\/uploads\/2024\/09\/JEP-cast.png?resize=1002%2C1024&amp;ssl=1 1002w, https:\/\/i0.wp.com\/iratiirratia.eus\/wp-content\/uploads\/2024\/09\/JEP-cast.png?resize=293%2C300&amp;ssl=1 293w, https:\/\/i0.wp.com\/iratiirratia.eus\/wp-content\/uploads\/2024\/09\/JEP-cast.png?resize=768%2C785&amp;ssl=1 768w, https:\/\/i0.wp.com\/iratiirratia.eus\/wp-content\/uploads\/2024\/09\/JEP-cast.png?resize=700%2C716&amp;ssl=1 700w, https:\/\/i0.wp.com\/iratiirratia.eus\/wp-content\/uploads\/2024\/09\/JEP-cast.png?w=1116&amp;ssl=1 1116w\" sizes=\"(max-width: 640px) 100vw, 640px\" data-recalc-dims=\"1\" \/><\/figure>\n\n\n\n<p><\/p>\n","protected":false},"excerpt":{"rendered":"<p>Estas jornadas europeas de patrimonio se inauguraran con la &#8220;Representaci\u00f3n de la firma de la paz entre Agramonteses y Beamonteses. Ma\u00f1ana 28 de septiembre, s\u00e1bado a la 13:00 en la plaza Baja Navarra. Las jornadas se extienden hasta el fin de semana que viene. Para hablar al detalle de estas jornadas nos ha visitado Carlos [&hellip;]<\/p>\n","protected":false},"author":6,"featured_media":20611,"comment_status":"open","ping_status":"open","sticky":false,"template":"","format":"standard","meta":{"jetpack_post_was_ever_published":false,"_jetpack_newsletter_access":"","_jetpack_newsletter_tier_id":0,"jetpack_publicize_message":"","jetpack_is_tweetstorm":false,"jetpack_publicize_feature_enabled":true,"jetpack_social_post_already_shared":true,"jetpack_social_options":{"image_generator_settings":{"template":"highway","enabled":false}}},"categories":[716],"tags":[273,3309,3310,226,1273,3308,137],"jetpack_publicize_connections":[],"jetpack_featured_media_url":"https:\/\/i0.wp.com\/iratiirratia.eus\/wp-content\/uploads\/2024\/09\/JEP-cast.png?fit=1116%2C1141&ssl=1","jetpack_shortlink":"https:\/\/wp.me\/p7eaXY-5mq","jetpack_sharing_enabled":true,"jetpack-related-posts":[{"id":20600,"url":"https:\/\/iratiirratia.eus\/index.php\/2024\/09\/26\/el-club-de-lectura-feminista-sera-presentado-manana-en-la-biblioteca-de-roncal\/","url_meta":{"origin":20610,"position":0},"title":"El Club de Lectura Feminista ser\u00e1 presentado ma\u00f1ana en la biblioteca de Roncal","author":"Eneko Villegas","date":"26 iraila, 2024","format":false,"excerpt":"Ma\u00f1ana 27 de septiembre a las 17:00 dar\u00e1 comienzo el Club de Lectura Feminista organizada por la asociaci\u00f3n de mujeres Gaztelu en la biblioteca de Roncal. Para explicarnos qu\u00e9 va hacer este club de lectura hemos hablado con Amparo Vi\u00f1uales, compa\u00f1era de la mencionada asociaci\u00f3n de mujeres. \u00a0 Amparo Vi\u00f1uales\u2026","rel":"","context":"In &quot;Erronkari&quot;","block_context":{"text":"Erronkari","link":"https:\/\/iratiirratia.eus\/index.php\/category\/erronkari\/"},"img":{"alt_text":"","src":"https:\/\/i0.wp.com\/iratiirratia.eus\/wp-content\/uploads\/2024\/09\/lecturafem.jpg?fit=853%2C1200&ssl=1&resize=350%2C200","width":350,"height":200,"srcset":"https:\/\/i0.wp.com\/iratiirratia.eus\/wp-content\/uploads\/2024\/09\/lecturafem.jpg?fit=853%2C1200&ssl=1&resize=350%2C200 1x, https:\/\/i0.wp.com\/iratiirratia.eus\/wp-content\/uploads\/2024\/09\/lecturafem.jpg?fit=853%2C1200&ssl=1&resize=525%2C300 1.5x, https:\/\/i0.wp.com\/iratiirratia.eus\/wp-content\/uploads\/2024\/09\/lecturafem.jpg?fit=853%2C1200&ssl=1&resize=700%2C400 2x"},"classes":[]},{"id":2217,"url":"https:\/\/iratiirratia.eus\/index.php\/2012\/01\/24\/seobirdlifen-prentsa-oharra-2\/","url_meta":{"origin":20610,"position":1},"title":"SEO\/BirdLifen prentsa oharra","author":"Irati Irratia","date":"24 urtarrila, 2012","format":false,"excerpt":"SEO\/BirdLife solicitar\u00e1 judicialmente la suspensi\u00f3n cautelar del proyecto de la mina a cielo abierto promovida por Magnesitas de Navarra S.A. (MAGNA) en la localidad de Zilbeti (Valle de Erro), que afectar\u00eda de forma irreversible a amplias zonas forestales prioritarias. Esta zona alberga especies en peligro de extinci\u00f3n, dentro de la\u2026","rel":"","context":"In &quot;Berriak&quot;","block_context":{"text":"Berriak","link":"https:\/\/iratiirratia.eus\/index.php\/category\/berriak\/"},"img":{"alt_text":"","src":"","width":0,"height":0},"classes":[]},{"id":20674,"url":"https:\/\/iratiirratia.eus\/index.php\/2024\/10\/10\/hablamos-con-alvaro-embid-encargado-de-impartir-el-taller-hombres-que-se-benefician-de-la-inteligencia-emocional-en-la-biblioteca-de-espinal\/","url_meta":{"origin":20610,"position":2},"title":"Hablamos con Alvaro Embid encargado de impartir el taller &#8220;HOMBRES QUE SE BENEFICIAN DE LA INTELIGENCIA EMOCIONAL&#8221; en la Biblioteca de Espinal","author":"Eneko Villegas","date":"10 urria, 2024","format":false,"excerpt":"Alvaro Embid es el encargado de impartir el taller \"HOMBRES QUE SE BENEFICIAN DE LA INTELIGENCIA EMOCIONAL\". Un taller destinado exclusivamente para hombres en los que se trabajaran los privilegios de estos y como hacerles frente para educar la sociedad en el feminismo mediante unas \u00e1reas de mejora. Hoy en\u2026","rel":"","context":"In &quot;Elkarrizketak&quot;","block_context":{"text":"Elkarrizketak","link":"https:\/\/iratiirratia.eus\/index.php\/category\/elkarrizketak\/"},"img":{"alt_text":"","src":"https:\/\/i0.wp.com\/iratiirratia.eus\/wp-content\/uploads\/2024\/10\/hombres.jpg?fit=800%2C566&ssl=1&resize=350%2C200","width":350,"height":200,"srcset":"https:\/\/i0.wp.com\/iratiirratia.eus\/wp-content\/uploads\/2024\/10\/hombres.jpg?fit=800%2C566&ssl=1&resize=350%2C200 1x, https:\/\/i0.wp.com\/iratiirratia.eus\/wp-content\/uploads\/2024\/10\/hombres.jpg?fit=800%2C566&ssl=1&resize=525%2C300 1.5x, https:\/\/i0.wp.com\/iratiirratia.eus\/wp-content\/uploads\/2024\/10\/hombres.jpg?fit=800%2C566&ssl=1&resize=700%2C400 2x"},"classes":[]},{"id":3677,"url":"https:\/\/iratiirratia.eus\/index.php\/2013\/02\/13\/batzarra-asamblea\/","url_meta":{"origin":20610,"position":3},"title":"Batzarra &#8211; Asamblea","author":"Irati Irratia","date":"13 otsaila, 2013","format":false,"excerpt":"Otsailaren 15ean, ostiralarekin, Batzar Irekia izango da Ezkarozeko Ibar Etxean. Landuko den gaia: Larrialdi eta lehen mailako arreta dekretuaren egoera. Hitzaldian Asun Fernandez de Garaialde eta Bakartxo Ruiz parlamentariak egonen dira, gaiaren inguruan solasten. Hitzordua arratsaldeko 18:00etan izanen da, eta Pirinioko hautetsiek antolatu dute. \u00a0 El 15 de febrero, viernes,\u2026","rel":"","context":"In &quot;Oharrak&quot;","block_context":{"text":"Oharrak","link":"https:\/\/iratiirratia.eus\/index.php\/category\/abisuak\/"},"img":{"alt_text":"","src":"https:\/\/i0.wp.com\/iratiirratia.net\/wp-content\/uploads\/2013\/02\/Sin-t\u00c3\u00adtulo-300x221.jpg?resize=350%2C200","width":350,"height":200},"classes":[]},{"id":20694,"url":"https:\/\/iratiirratia.eus\/index.php\/2024\/10\/14\/motxila-21-estaran-este-domingo-en-el-nafarroa-oinez-hablamos-con-dos-de-sus-miembros-xabi-y-jose\/","url_meta":{"origin":20610,"position":4},"title":"&#8220;MOTXILA 21&#8221; estar\u00e1n este domingo en el Nafarroa Oinez. Hablamos con dos de sus miembros Xabi y Jose.","author":"Eneko Villegas","date":"14 urria, 2024","format":false,"excerpt":"El grupo \"Motxila 21\" estar\u00e1 actuando este pr\u00f3ximo domingo en la fiesta Nafarra Oinez organizada este a\u00f1o por la ikastola de Zangoza. Los podremos ver en el \u00e1rea 1 \"PIZTU\" el domingo a las 12:00 de la ma\u00f1ana. Hoy hemos charlado con dos de sus miembros Xabi y Jose, m\u00fasicos\u2026","rel":"","context":"In &quot;Elkarrizketak&quot;","block_context":{"text":"Elkarrizketak","link":"https:\/\/iratiirratia.eus\/index.php\/category\/elkarrizketak\/"},"img":{"alt_text":"","src":"https:\/\/i0.wp.com\/iratiirratia.eus\/wp-content\/uploads\/2024\/10\/NO24-astebururako-egitaraua-pdf-1.jpg?resize=350%2C200&ssl=1","width":350,"height":200,"srcset":"https:\/\/i0.wp.com\/iratiirratia.eus\/wp-content\/uploads\/2024\/10\/NO24-astebururako-egitaraua-pdf-1.jpg?resize=350%2C200&ssl=1 1x, https:\/\/i0.wp.com\/iratiirratia.eus\/wp-content\/uploads\/2024\/10\/NO24-astebururako-egitaraua-pdf-1.jpg?resize=525%2C300&ssl=1 1.5x, https:\/\/i0.wp.com\/iratiirratia.eus\/wp-content\/uploads\/2024\/10\/NO24-astebururako-egitaraua-pdf-1.jpg?resize=700%2C400&ssl=1 2x, https:\/\/i0.wp.com\/iratiirratia.eus\/wp-content\/uploads\/2024\/10\/NO24-astebururako-egitaraua-pdf-1.jpg?resize=1050%2C600&ssl=1 3x"},"classes":[]},{"id":2157,"url":"https:\/\/iratiirratia.eus\/index.php\/2012\/01\/03\/aezkoako-batzorde-nagusiko-eta-udalen-kezka-eta-salaketa\/","url_meta":{"origin":20610,"position":5},"title":"Aezkoako Batzorde Nagusiko eta udalen kezka eta salaketa","author":"Irati Irratia","date":"3 urtarrila, 2012","format":false,"excerpt":"Hemos tenido conocimiento de la atenci\u00f3n m\u00e9dica que est\u00e1 dando esta semana a los vecinos de Aezkoa \u2013nueve municipios- debida a la ausencia del M\u00e9dico titular por vacaciones sin que se haya contratado un m\u00e9dico sustituto, situaci\u00f3n que ha desembocado en la necesidad de que sea el M\u00e9dico de Auritz-Burguete\u2026","rel":"","context":"In &quot;Berriak&quot;","block_context":{"text":"Berriak","link":"https:\/\/iratiirratia.eus\/index.php\/category\/berriak\/"},"img":{"alt_text":"","src":"","width":0,"height":0},"classes":[]}],"_links":{"self":[{"href":"https:\/\/iratiirratia.eus\/index.php\/wp-json\/wp\/v2\/posts\/20610"}],"collection":[{"href":"https:\/\/iratiirratia.eus\/index.php\/wp-json\/wp\/v2\/posts"}],"about":[{"href":"https:\/\/iratiirratia.eus\/index.php\/wp-json\/wp\/v2\/types\/post"}],"author":[{"embeddable":true,"href":"https:\/\/iratiirratia.eus\/index.php\/wp-json\/wp\/v2\/users\/6"}],"replies":[{"embeddable":true,"href":"https:\/\/iratiirratia.eus\/index.php\/wp-json\/wp\/v2\/comments?post=20610"}],"version-history":[{"count":1,"href":"https:\/\/iratiirratia.eus\/index.php\/wp-json\/wp\/v2\/posts\/20610\/revisions"}],"predecessor-version":[{"id":20612,"href":"https:\/\/iratiirratia.eus\/index.php\/wp-json\/wp\/v2\/posts\/20610\/revisions\/20612"}],"wp:featuredmedia":[{"embeddable":true,"href":"https:\/\/iratiirratia.eus\/index.php\/wp-json\/wp\/v2\/media\/20611"}],"wp:attachment":[{"href":"https:\/\/iratiirratia.eus\/index.php\/wp-json\/wp\/v2\/media?parent=20610"}],"wp:term":[{"taxonomy":"category","embeddable":true,"href":"https:\/\/iratiirratia.eus\/index.php\/wp-json\/wp\/v2\/categories?post=20610"},{"taxonomy":"post_tag","embeddable":true,"href":"https:\/\/iratiirratia.eus\/index.php\/wp-json\/wp\/v2\/tags?post=20610"}],"curies":[{"name":"wp","href":"https:\/\/api.w.org\/{rel}","templated":true}]}}