{"id":20694,"date":"2024-10-14T14:43:55","date_gmt":"2024-10-14T12:43:55","guid":{"rendered":"https:\/\/iratiirratia.eus\/?p=20694"},"modified":"2024-10-14T14:43:55","modified_gmt":"2024-10-14T12:43:55","slug":"motxila-21-estaran-este-domingo-en-el-nafarroa-oinez-hablamos-con-dos-de-sus-miembros-xabi-y-jose","status":"publish","type":"post","link":"https:\/\/iratiirratia.eus\/index.php\/2024\/10\/14\/motxila-21-estaran-este-domingo-en-el-nafarroa-oinez-hablamos-con-dos-de-sus-miembros-xabi-y-jose\/","title":{"rendered":"&#8220;MOTXILA 21&#8221; estar\u00e1n este domingo en el Nafarroa Oinez. Hablamos con dos de sus miembros Xabi y Jose."},"content":{"rendered":"<p>El grupo &#8220;Motxila 21&#8221; estar\u00e1 actuando este pr\u00f3ximo domingo en la fiesta Nafarra Oinez organizada este a\u00f1o por la ikastola de Zangoza. Los podremos ver en el \u00e1rea 1 &#8220;PIZTU&#8221; el domingo a las 12:00 de la ma\u00f1ana. Hoy hemos charlado con dos de sus miembros Xabi y Jose, m\u00fasicos con amplias trayectorias musicales que actualmente participan en el grupo musical &#8220;Motxila 21&#8221;. Para despedir la entrevista no has presentado una de las canciones que podremos escuchar en el concierto del domingo &#8220;Ama Lurra&#8221; uno de sus \u00faltimos trabajos.<\/p>\n<p>\u00a0<\/p>\n<p>\u00a0<\/p>\n<p><strong>\u00a0<\/strong><\/p>\n<p><strong>Xabi eta Jose (Motxila 21)<\/strong> <em>Irati Irratian <\/em><\/p>\n<p><!--StartFragment--><\/p>\n\n\n<figure class=\"wp-block-audio\"><audio controls src=\"http:\/\/iratiirratia.eus\/audio\/24-10-14Motxila21.mp3\"><\/audio><\/figure>\n\n\n\n<figure class=\"wp-block-image size-large\"><img data-attachment-id=\"20695\" data-permalink=\"https:\/\/iratiirratia.eus\/index.php\/2024\/10\/14\/motxila-21-estaran-este-domingo-en-el-nafarroa-oinez-hablamos-con-dos-de-sus-miembros-xabi-y-jose\/no24-astebururako-egitaraua-pdf-1\/\" data-orig-file=\"https:\/\/i0.wp.com\/iratiirratia.eus\/wp-content\/uploads\/2024\/10\/NO24-astebururako-egitaraua-pdf-1.jpg?fit=1258%2C894&amp;ssl=1\" data-orig-size=\"1258,894\" data-comments-opened=\"1\" data-image-meta=\"{&quot;aperture&quot;:&quot;0&quot;,&quot;credit&quot;:&quot;&quot;,&quot;camera&quot;:&quot;&quot;,&quot;caption&quot;:&quot;&quot;,&quot;created_timestamp&quot;:&quot;0&quot;,&quot;copyright&quot;:&quot;&quot;,&quot;focal_length&quot;:&quot;0&quot;,&quot;iso&quot;:&quot;0&quot;,&quot;shutter_speed&quot;:&quot;0&quot;,&quot;title&quot;:&quot;&quot;,&quot;orientation&quot;:&quot;0&quot;}\" data-image-title=\"NO24-astebururako-egitaraua-pdf-1\" data-image-description=\"\" data-image-caption=\"\" data-medium-file=\"https:\/\/i0.wp.com\/iratiirratia.eus\/wp-content\/uploads\/2024\/10\/NO24-astebururako-egitaraua-pdf-1.jpg?fit=300%2C213&amp;ssl=1\" data-large-file=\"https:\/\/i0.wp.com\/iratiirratia.eus\/wp-content\/uploads\/2024\/10\/NO24-astebururako-egitaraua-pdf-1.jpg?fit=640%2C455&amp;ssl=1\" decoding=\"async\" loading=\"lazy\" width=\"640\" height=\"455\" src=\"https:\/\/i0.wp.com\/iratiirratia.eus\/wp-content\/uploads\/2024\/10\/NO24-astebururako-egitaraua-pdf-1-1024x728.jpg?resize=640%2C455&#038;ssl=1\" alt=\"\" class=\"wp-image-20695\" srcset=\"https:\/\/i0.wp.com\/iratiirratia.eus\/wp-content\/uploads\/2024\/10\/NO24-astebururako-egitaraua-pdf-1.jpg?resize=1024%2C728&amp;ssl=1 1024w, https:\/\/i0.wp.com\/iratiirratia.eus\/wp-content\/uploads\/2024\/10\/NO24-astebururako-egitaraua-pdf-1.jpg?resize=300%2C213&amp;ssl=1 300w, https:\/\/i0.wp.com\/iratiirratia.eus\/wp-content\/uploads\/2024\/10\/NO24-astebururako-egitaraua-pdf-1.jpg?resize=768%2C546&amp;ssl=1 768w, https:\/\/i0.wp.com\/iratiirratia.eus\/wp-content\/uploads\/2024\/10\/NO24-astebururako-egitaraua-pdf-1.jpg?resize=700%2C497&amp;ssl=1 700w, https:\/\/i0.wp.com\/iratiirratia.eus\/wp-content\/uploads\/2024\/10\/NO24-astebururako-egitaraua-pdf-1.jpg?w=1258&amp;ssl=1 1258w\" sizes=\"(max-width: 640px) 100vw, 640px\" data-recalc-dims=\"1\" \/><\/figure>\n\n\n\n<p>AMA LURRA &#8211; Motxila 21 abestiko bideoa:<\/p>\n\n\n\n<figure class=\"wp-block-embed is-type-video is-provider-youtube wp-block-embed-youtube wp-embed-aspect-16-9 wp-has-aspect-ratio\"><div class=\"wp-block-embed__wrapper\">\n<span class=\"embed-youtube\" style=\"text-align:center; display: block;\"><iframe loading=\"lazy\" class=\"youtube-player\" width=\"640\" height=\"360\" src=\"https:\/\/www.youtube.com\/embed\/fTNPIlHRdEg?version=3&#038;rel=1&#038;showsearch=0&#038;showinfo=1&#038;iv_load_policy=1&#038;fs=1&#038;hl=eu&#038;autohide=2&#038;wmode=transparent\" allowfullscreen=\"true\" style=\"border:0;\" sandbox=\"allow-scripts allow-same-origin allow-popups allow-presentation allow-popups-to-escape-sandbox\"><\/iframe><\/span>\n<\/div><\/figure>\n","protected":false},"excerpt":{"rendered":"<p>El grupo &#8220;Motxila 21&#8221; estar\u00e1 actuando este pr\u00f3ximo domingo en la fiesta Nafarra Oinez organizada este a\u00f1o por la ikastola de Zangoza. Los podremos ver en el \u00e1rea 1 &#8220;PIZTU&#8221; el domingo a las 12:00 de la ma\u00f1ana. Hoy hemos charlado con dos de sus miembros Xabi y Jose, m\u00fasicos con amplias trayectorias musicales que [&hellip;]<\/p>\n","protected":false},"author":6,"featured_media":20696,"comment_status":"open","ping_status":"open","sticky":false,"template":"","format":"standard","meta":{"jetpack_post_was_ever_published":false,"_jetpack_newsletter_access":"","_jetpack_newsletter_tier_id":0,"jetpack_publicize_message":"","jetpack_is_tweetstorm":false,"jetpack_publicize_feature_enabled":true,"jetpack_social_post_already_shared":true,"jetpack_social_options":{"image_generator_settings":{"template":"highway","enabled":false}}},"categories":[6],"tags":[226,3353,380,3342,2795],"jetpack_publicize_connections":[],"jetpack_featured_media_url":"https:\/\/i0.wp.com\/iratiirratia.eus\/wp-content\/uploads\/2024\/10\/motxila.png?fit=238%2C211&ssl=1","jetpack_shortlink":"https:\/\/wp.me\/p7eaXY-5nM","jetpack_sharing_enabled":true,"jetpack-related-posts":[{"id":20890,"url":"https:\/\/iratiirratia.eus\/index.php\/2024\/10\/17\/el-grupo-diraki-ya-ha-terminado-sus-trabajos-de-grabacion-de-su-proximo-trabajo-un-disco-compartido-con-el-grupo-aingura-hablamos-con-javi-uranga-miembro-del-grupo\/","url_meta":{"origin":20694,"position":0},"title":"El grupo &#8220;Diraki&#8221; ya ha terminado sus trabajos de grabaci\u00f3n de su pr\u00f3ximo trabajo. Un disco compartido con el grupo &#8220;Aingura&#8221;. Hablamos con Javi Uranga miembro del grupo.","author":"Eneko Villegas","date":"17 urria, 2024","format":false,"excerpt":"El grupo navarro Diraki ha terminado de grabar el que ser\u00e1 su \u00faltimo trabajo en los estudios Sound of Sirens de Iru\u00f1a. Hablamos con Javi Uranga cantante y guitarra del grupo. El aezkoarra nos cuenta el proceso de grabaci\u00f3n en el estudio y el devenir del grupo a partir de\u2026","rel":"","context":"In &quot;Elkarrizketak&quot;","block_context":{"text":"Elkarrizketak","link":"https:\/\/iratiirratia.eus\/index.php\/category\/elkarrizketak\/"},"img":{"alt_text":"","src":"https:\/\/i0.wp.com\/iratiirratia.eus\/wp-content\/uploads\/2024\/10\/diraki.jpg?fit=1200%2C199&ssl=1&resize=350%2C200","width":350,"height":200,"srcset":"https:\/\/i0.wp.com\/iratiirratia.eus\/wp-content\/uploads\/2024\/10\/diraki.jpg?fit=1200%2C199&ssl=1&resize=350%2C200 1x, https:\/\/i0.wp.com\/iratiirratia.eus\/wp-content\/uploads\/2024\/10\/diraki.jpg?fit=1200%2C199&ssl=1&resize=525%2C300 1.5x, https:\/\/i0.wp.com\/iratiirratia.eus\/wp-content\/uploads\/2024\/10\/diraki.jpg?fit=1200%2C199&ssl=1&resize=700%2C400 2x, https:\/\/i0.wp.com\/iratiirratia.eus\/wp-content\/uploads\/2024\/10\/diraki.jpg?fit=1200%2C199&ssl=1&resize=1050%2C600 3x"},"classes":[]},{"id":2217,"url":"https:\/\/iratiirratia.eus\/index.php\/2012\/01\/24\/seobirdlifen-prentsa-oharra-2\/","url_meta":{"origin":20694,"position":1},"title":"SEO\/BirdLifen prentsa oharra","author":"Irati Irratia","date":"24 urtarrila, 2012","format":false,"excerpt":"SEO\/BirdLife solicitar\u00e1 judicialmente la suspensi\u00f3n cautelar del proyecto de la mina a cielo abierto promovida por Magnesitas de Navarra S.A. (MAGNA) en la localidad de Zilbeti (Valle de Erro), que afectar\u00eda de forma irreversible a amplias zonas forestales prioritarias. Esta zona alberga especies en peligro de extinci\u00f3n, dentro de la\u2026","rel":"","context":"In &quot;Berriak&quot;","block_context":{"text":"Berriak","link":"https:\/\/iratiirratia.eus\/index.php\/category\/berriak\/"},"img":{"alt_text":"","src":"","width":0,"height":0},"classes":[]},{"id":2157,"url":"https:\/\/iratiirratia.eus\/index.php\/2012\/01\/03\/aezkoako-batzorde-nagusiko-eta-udalen-kezka-eta-salaketa\/","url_meta":{"origin":20694,"position":2},"title":"Aezkoako Batzorde Nagusiko eta udalen kezka eta salaketa","author":"Irati Irratia","date":"3 urtarrila, 2012","format":false,"excerpt":"Hemos tenido conocimiento de la atenci\u00f3n m\u00e9dica que est\u00e1 dando esta semana a los vecinos de Aezkoa \u2013nueve municipios- debida a la ausencia del M\u00e9dico titular por vacaciones sin que se haya contratado un m\u00e9dico sustituto, situaci\u00f3n que ha desembocado en la necesidad de que sea el M\u00e9dico de Auritz-Burguete\u2026","rel":"","context":"In &quot;Berriak&quot;","block_context":{"text":"Berriak","link":"https:\/\/iratiirratia.eus\/index.php\/category\/berriak\/"},"img":{"alt_text":"","src":"","width":0,"height":0},"classes":[]},{"id":20674,"url":"https:\/\/iratiirratia.eus\/index.php\/2024\/10\/10\/hablamos-con-alvaro-embid-encargado-de-impartir-el-taller-hombres-que-se-benefician-de-la-inteligencia-emocional-en-la-biblioteca-de-espinal\/","url_meta":{"origin":20694,"position":3},"title":"Hablamos con Alvaro Embid encargado de impartir el taller &#8220;HOMBRES QUE SE BENEFICIAN DE LA INTELIGENCIA EMOCIONAL&#8221; en la Biblioteca de Espinal","author":"Eneko Villegas","date":"10 urria, 2024","format":false,"excerpt":"Alvaro Embid es el encargado de impartir el taller \"HOMBRES QUE SE BENEFICIAN DE LA INTELIGENCIA EMOCIONAL\". Un taller destinado exclusivamente para hombres en los que se trabajaran los privilegios de estos y como hacerles frente para educar la sociedad en el feminismo mediante unas \u00e1reas de mejora. Hoy en\u2026","rel":"","context":"In &quot;Elkarrizketak&quot;","block_context":{"text":"Elkarrizketak","link":"https:\/\/iratiirratia.eus\/index.php\/category\/elkarrizketak\/"},"img":{"alt_text":"","src":"https:\/\/i0.wp.com\/iratiirratia.eus\/wp-content\/uploads\/2024\/10\/hombres.jpg?fit=800%2C566&ssl=1&resize=350%2C200","width":350,"height":200,"srcset":"https:\/\/i0.wp.com\/iratiirratia.eus\/wp-content\/uploads\/2024\/10\/hombres.jpg?fit=800%2C566&ssl=1&resize=350%2C200 1x, https:\/\/i0.wp.com\/iratiirratia.eus\/wp-content\/uploads\/2024\/10\/hombres.jpg?fit=800%2C566&ssl=1&resize=525%2C300 1.5x, https:\/\/i0.wp.com\/iratiirratia.eus\/wp-content\/uploads\/2024\/10\/hombres.jpg?fit=800%2C566&ssl=1&resize=700%2C400 2x"},"classes":[]},{"id":7501,"url":"https:\/\/iratiirratia.eus\/index.php\/2015\/12\/10\/orbaizetako-olan-kokatutako-nobela-beltz-bat-aurkeztu-digu-ibon-martinek\/","url_meta":{"origin":20694,"position":4},"title":"Orbaizetako Olan kokatutako nobela beltz bat aurkeztu digu Ibon Martin idazleak","author":"Irati Irratia","date":"10 abendua, 2015","format":false,"excerpt":"La F\u00e1brica de las Sombras liburua ezagutu dugu. Ibon Martin idazle donostiarrak idatzitako nobela beltza da. Harekin izan gara gaur liburuan topatuko dugunaz solasean. [audio:http:\/\/iratiirratia.eus\/audio\/15-12-10_Lafabricadelassombras.mp3|titles= Ibon Martin] Klikatu hemen elkarrizketa jaisteko Anochece en el norte de Navarra. Una fr\u00eda niebla flota entre los \u00e1rboles de la selva de Irati, que\u2026","rel":"","context":"In &quot;Berriak&quot;","block_context":{"text":"Berriak","link":"https:\/\/iratiirratia.eus\/index.php\/category\/berriak\/"},"img":{"alt_text":"","src":"https:\/\/i0.wp.com\/iratiirratia.eus\/wp-content\/uploads\/2015\/12\/orbaitzeta-ojodigi-e1449749996369.jpg?fit=900%2C236&ssl=1&resize=350%2C200","width":350,"height":200,"srcset":"https:\/\/i0.wp.com\/iratiirratia.eus\/wp-content\/uploads\/2015\/12\/orbaitzeta-ojodigi-e1449749996369.jpg?fit=900%2C236&ssl=1&resize=350%2C200 1x, https:\/\/i0.wp.com\/iratiirratia.eus\/wp-content\/uploads\/2015\/12\/orbaitzeta-ojodigi-e1449749996369.jpg?fit=900%2C236&ssl=1&resize=525%2C300 1.5x, https:\/\/i0.wp.com\/iratiirratia.eus\/wp-content\/uploads\/2015\/12\/orbaitzeta-ojodigi-e1449749996369.jpg?fit=900%2C236&ssl=1&resize=700%2C400 2x"},"classes":[]},{"id":20600,"url":"https:\/\/iratiirratia.eus\/index.php\/2024\/09\/26\/el-club-de-lectura-feminista-sera-presentado-manana-en-la-biblioteca-de-roncal\/","url_meta":{"origin":20694,"position":5},"title":"El Club de Lectura Feminista ser\u00e1 presentado ma\u00f1ana en la biblioteca de Roncal","author":"Eneko Villegas","date":"26 iraila, 2024","format":false,"excerpt":"Ma\u00f1ana 27 de septiembre a las 17:00 dar\u00e1 comienzo el Club de Lectura Feminista organizada por la asociaci\u00f3n de mujeres Gaztelu en la biblioteca de Roncal. Para explicarnos qu\u00e9 va hacer este club de lectura hemos hablado con Amparo Vi\u00f1uales, compa\u00f1era de la mencionada asociaci\u00f3n de mujeres. \u00a0 Amparo Vi\u00f1uales\u2026","rel":"","context":"In &quot;Erronkari&quot;","block_context":{"text":"Erronkari","link":"https:\/\/iratiirratia.eus\/index.php\/category\/erronkari\/"},"img":{"alt_text":"","src":"https:\/\/i0.wp.com\/iratiirratia.eus\/wp-content\/uploads\/2024\/09\/lecturafem.jpg?fit=853%2C1200&ssl=1&resize=350%2C200","width":350,"height":200,"srcset":"https:\/\/i0.wp.com\/iratiirratia.eus\/wp-content\/uploads\/2024\/09\/lecturafem.jpg?fit=853%2C1200&ssl=1&resize=350%2C200 1x, https:\/\/i0.wp.com\/iratiirratia.eus\/wp-content\/uploads\/2024\/09\/lecturafem.jpg?fit=853%2C1200&ssl=1&resize=525%2C300 1.5x, https:\/\/i0.wp.com\/iratiirratia.eus\/wp-content\/uploads\/2024\/09\/lecturafem.jpg?fit=853%2C1200&ssl=1&resize=700%2C400 2x"},"classes":[]}],"_links":{"self":[{"href":"https:\/\/iratiirratia.eus\/index.php\/wp-json\/wp\/v2\/posts\/20694"}],"collection":[{"href":"https:\/\/iratiirratia.eus\/index.php\/wp-json\/wp\/v2\/posts"}],"about":[{"href":"https:\/\/iratiirratia.eus\/index.php\/wp-json\/wp\/v2\/types\/post"}],"author":[{"embeddable":true,"href":"https:\/\/iratiirratia.eus\/index.php\/wp-json\/wp\/v2\/users\/6"}],"replies":[{"embeddable":true,"href":"https:\/\/iratiirratia.eus\/index.php\/wp-json\/wp\/v2\/comments?post=20694"}],"version-history":[{"count":1,"href":"https:\/\/iratiirratia.eus\/index.php\/wp-json\/wp\/v2\/posts\/20694\/revisions"}],"predecessor-version":[{"id":20697,"href":"https:\/\/iratiirratia.eus\/index.php\/wp-json\/wp\/v2\/posts\/20694\/revisions\/20697"}],"wp:featuredmedia":[{"embeddable":true,"href":"https:\/\/iratiirratia.eus\/index.php\/wp-json\/wp\/v2\/media\/20696"}],"wp:attachment":[{"href":"https:\/\/iratiirratia.eus\/index.php\/wp-json\/wp\/v2\/media?parent=20694"}],"wp:term":[{"taxonomy":"category","embeddable":true,"href":"https:\/\/iratiirratia.eus\/index.php\/wp-json\/wp\/v2\/categories?post=20694"},{"taxonomy":"post_tag","embeddable":true,"href":"https:\/\/iratiirratia.eus\/index.php\/wp-json\/wp\/v2\/tags?post=20694"}],"curies":[{"name":"wp","href":"https:\/\/api.w.org\/{rel}","templated":true}]}}