{"id":20890,"date":"2024-10-17T12:36:22","date_gmt":"2024-10-17T10:36:22","guid":{"rendered":"https:\/\/iratiirratia.eus\/?p=20890"},"modified":"2024-10-17T12:36:22","modified_gmt":"2024-10-17T10:36:22","slug":"el-grupo-diraki-ya-ha-terminado-sus-trabajos-de-grabacion-de-su-proximo-trabajo-un-disco-compartido-con-el-grupo-aingura-hablamos-con-javi-uranga-miembro-del-grupo","status":"publish","type":"post","link":"https:\/\/iratiirratia.eus\/index.php\/2024\/10\/17\/el-grupo-diraki-ya-ha-terminado-sus-trabajos-de-grabacion-de-su-proximo-trabajo-un-disco-compartido-con-el-grupo-aingura-hablamos-con-javi-uranga-miembro-del-grupo\/","title":{"rendered":"El grupo &#8220;Diraki&#8221; ya ha terminado sus trabajos de grabaci\u00f3n de su pr\u00f3ximo trabajo. Un disco compartido con el grupo &#8220;Aingura&#8221;. Hablamos con Javi Uranga miembro del grupo."},"content":{"rendered":"<p><strong>El grupo navarro Diraki ha terminado de grabar el que ser\u00e1 su \u00faltimo trabajo en los estudios Sound of Sirens de Iru\u00f1a. Hablamos con Javi Uranga cantante y guitarra del grupo. El aezkoarra nos cuenta el proceso de grabaci\u00f3n en el estudio y el devenir del grupo a partir de ahora. Van a publicar su nuevo trabajo compartido con el grupo &#8220;Aingura&#8221;, un disco compuesto de canciones compuestas por ambos grupos y una compartida. Adem\u00e1s, pr\u00f3ximamente viajar\u00e1n a Italia donde ofrecer\u00e1n dos conciertos en Milan y Genova. <br \/><\/strong><\/p>\n<p><strong>Javi Uranga (Diraki)<\/strong> <em>Irati Irratian <\/em><\/p>\n<p><!--StartFragment--><\/p>\n\n\n<figure class=\"wp-block-audio\"><audio controls src=\"http:\/\/iratiirratia.eus\/audio\/24-10-17DirakiUranga.mp3\"><\/audio><\/figure>\n\n\n\n<figure class=\"wp-block-image size-full\"><img data-attachment-id=\"20891\" data-permalink=\"https:\/\/iratiirratia.eus\/index.php\/2024\/10\/17\/el-grupo-diraki-ya-ha-terminado-sus-trabajos-de-grabacion-de-su-proximo-trabajo-un-disco-compartido-con-el-grupo-aingura-hablamos-con-javi-uranga-miembro-del-grupo\/screenshot-2024-10-17-at-12-34-43-diraki-diraki_-fotos-y-videos-de-instagram\/\" data-orig-file=\"https:\/\/i0.wp.com\/iratiirratia.eus\/wp-content\/uploads\/2024\/10\/Screenshot-2024-10-17-at-12-34-43-Diraki-@diraki_-\u2022-Fotos-y-videos-de-Instagram.png?fit=528%2C830&amp;ssl=1\" data-orig-size=\"528,830\" data-comments-opened=\"1\" data-image-meta=\"{&quot;aperture&quot;:&quot;0&quot;,&quot;credit&quot;:&quot;&quot;,&quot;camera&quot;:&quot;&quot;,&quot;caption&quot;:&quot;&quot;,&quot;created_timestamp&quot;:&quot;0&quot;,&quot;copyright&quot;:&quot;&quot;,&quot;focal_length&quot;:&quot;0&quot;,&quot;iso&quot;:&quot;0&quot;,&quot;shutter_speed&quot;:&quot;0&quot;,&quot;title&quot;:&quot;&quot;,&quot;orientation&quot;:&quot;0&quot;}\" data-image-title=\"Screenshot-2024-10-17-at-12-34-43-Diraki-@diraki_-\u2022-Fotos-y-videos-de-Instagram\" data-image-description=\"\" data-image-caption=\"\" data-medium-file=\"https:\/\/i0.wp.com\/iratiirratia.eus\/wp-content\/uploads\/2024\/10\/Screenshot-2024-10-17-at-12-34-43-Diraki-@diraki_-\u2022-Fotos-y-videos-de-Instagram.png?fit=191%2C300&amp;ssl=1\" data-large-file=\"https:\/\/i0.wp.com\/iratiirratia.eus\/wp-content\/uploads\/2024\/10\/Screenshot-2024-10-17-at-12-34-43-Diraki-@diraki_-\u2022-Fotos-y-videos-de-Instagram.png?fit=528%2C830&amp;ssl=1\" decoding=\"async\" loading=\"lazy\" width=\"528\" height=\"830\" src=\"https:\/\/i0.wp.com\/iratiirratia.eus\/wp-content\/uploads\/2024\/10\/Screenshot-2024-10-17-at-12-34-43-Diraki-@diraki_-\u2022-Fotos-y-videos-de-Instagram.png?resize=528%2C830&#038;ssl=1\" alt=\"\" class=\"wp-image-20891\" srcset=\"https:\/\/i0.wp.com\/iratiirratia.eus\/wp-content\/uploads\/2024\/10\/Screenshot-2024-10-17-at-12-34-43-Diraki-@diraki_-\u2022-Fotos-y-videos-de-Instagram.png?w=528&amp;ssl=1 528w, https:\/\/i0.wp.com\/iratiirratia.eus\/wp-content\/uploads\/2024\/10\/Screenshot-2024-10-17-at-12-34-43-Diraki-@diraki_-\u2022-Fotos-y-videos-de-Instagram.png?resize=191%2C300&amp;ssl=1 191w\" sizes=\"(max-width: 528px) 100vw, 528px\" data-recalc-dims=\"1\" \/><\/figure>\n\n\n\n<p>Diraki &#8211; Ribelli abestiko bideoa:<\/p>\n\n\n\n<figure class=\"wp-block-embed is-type-video is-provider-youtube wp-block-embed-youtube wp-embed-aspect-16-9 wp-has-aspect-ratio\"><div class=\"wp-block-embed__wrapper\">\n<span class=\"embed-youtube\" style=\"text-align:center; display: block;\"><iframe loading=\"lazy\" class=\"youtube-player\" width=\"640\" height=\"360\" src=\"https:\/\/www.youtube.com\/embed\/CQculylP5X0?version=3&#038;rel=1&#038;showsearch=0&#038;showinfo=1&#038;iv_load_policy=1&#038;fs=1&#038;hl=eu&#038;autohide=2&#038;wmode=transparent\" allowfullscreen=\"true\" style=\"border:0;\" sandbox=\"allow-scripts allow-same-origin allow-popups allow-presentation allow-popups-to-escape-sandbox\"><\/iframe><\/span>\n<\/div><\/figure>\n","protected":false},"excerpt":{"rendered":"<p>El grupo navarro Diraki ha terminado de grabar el que ser\u00e1 su \u00faltimo trabajo en los estudios Sound of Sirens de Iru\u00f1a. Hablamos con Javi Uranga cantante y guitarra del grupo. El aezkoarra nos cuenta el proceso de grabaci\u00f3n en el estudio y el devenir del grupo a partir de ahora. Van a publicar su [&hellip;]<\/p>\n","protected":false},"author":6,"featured_media":20631,"comment_status":"open","ping_status":"open","sticky":false,"template":"","format":"standard","meta":{"jetpack_post_was_ever_published":false,"_jetpack_newsletter_access":"","_jetpack_newsletter_tier_id":0,"jetpack_publicize_message":"","jetpack_is_tweetstorm":false,"jetpack_publicize_feature_enabled":true,"jetpack_social_post_already_shared":true,"jetpack_social_options":{"image_generator_settings":{"template":"highway","enabled":false}}},"categories":[6],"tags":[19,3357,3318],"jetpack_publicize_connections":[],"jetpack_featured_media_url":"https:\/\/i0.wp.com\/iratiirratia.eus\/wp-content\/uploads\/2024\/10\/diraki.jpg?fit=2048%2C339&ssl=1","jetpack_shortlink":"https:\/\/wp.me\/p7eaXY-5qW","jetpack_sharing_enabled":true,"jetpack-related-posts":[{"id":20654,"url":"https:\/\/iratiirratia.eus\/index.php\/2024\/10\/03\/hablamos-con-vanina-vazquez-encargada-de-llevar-a-cabo-el-diagnostico-de-cuidados-y-corresponsabilidad\/","url_meta":{"origin":20890,"position":0},"title":"Hablamos con Vanina V\u00e1zquez encargada de llevar a cabo el Diagn\u00f3stico de Cuidados y Corresponsabilidad","author":"Eneko Villegas","date":"3 urria, 2024","format":false,"excerpt":"Vanina V\u00e1zquez es responsable del grupo Equala, encargadas de realizar este mencionado Diagn\u00f3stico de Cuidados y Corresponsabilidad en los valles de Aezkoa, Artzibar, Erroibar y Orotz-Betelu. El diagn\u00f3stico comenzara a realizarse los pr\u00f3ximos d\u00edas mediante un formulario que se podr\u00e1 realizar tanto por los tel\u00e9fonos m\u00f3viles como presencialmente mas adelante.\u2026","rel":"","context":"In &quot;Elkarrizketak&quot;","block_context":{"text":"Elkarrizketak","link":"https:\/\/iratiirratia.eus\/index.php\/category\/elkarrizketak\/"},"img":{"alt_text":"","src":"","width":0,"height":0},"classes":[]},{"id":20694,"url":"https:\/\/iratiirratia.eus\/index.php\/2024\/10\/14\/motxila-21-estaran-este-domingo-en-el-nafarroa-oinez-hablamos-con-dos-de-sus-miembros-xabi-y-jose\/","url_meta":{"origin":20890,"position":1},"title":"&#8220;MOTXILA 21&#8221; estar\u00e1n este domingo en el Nafarroa Oinez. Hablamos con dos de sus miembros Xabi y Jose.","author":"Eneko Villegas","date":"14 urria, 2024","format":false,"excerpt":"El grupo \"Motxila 21\" estar\u00e1 actuando este pr\u00f3ximo domingo en la fiesta Nafarra Oinez organizada este a\u00f1o por la ikastola de Zangoza. Los podremos ver en el \u00e1rea 1 \"PIZTU\" el domingo a las 12:00 de la ma\u00f1ana. Hoy hemos charlado con dos de sus miembros Xabi y Jose, m\u00fasicos\u2026","rel":"","context":"In &quot;Elkarrizketak&quot;","block_context":{"text":"Elkarrizketak","link":"https:\/\/iratiirratia.eus\/index.php\/category\/elkarrizketak\/"},"img":{"alt_text":"","src":"https:\/\/i0.wp.com\/iratiirratia.eus\/wp-content\/uploads\/2024\/10\/NO24-astebururako-egitaraua-pdf-1.jpg?resize=350%2C200&ssl=1","width":350,"height":200,"srcset":"https:\/\/i0.wp.com\/iratiirratia.eus\/wp-content\/uploads\/2024\/10\/NO24-astebururako-egitaraua-pdf-1.jpg?resize=350%2C200&ssl=1 1x, https:\/\/i0.wp.com\/iratiirratia.eus\/wp-content\/uploads\/2024\/10\/NO24-astebururako-egitaraua-pdf-1.jpg?resize=525%2C300&ssl=1 1.5x, https:\/\/i0.wp.com\/iratiirratia.eus\/wp-content\/uploads\/2024\/10\/NO24-astebururako-egitaraua-pdf-1.jpg?resize=700%2C400&ssl=1 2x, https:\/\/i0.wp.com\/iratiirratia.eus\/wp-content\/uploads\/2024\/10\/NO24-astebururako-egitaraua-pdf-1.jpg?resize=1050%2C600&ssl=1 3x"},"classes":[]},{"id":20679,"url":"https:\/\/iratiirratia.eus\/index.php\/2024\/10\/10\/vecinas-diversas-vecinas-dispersas-el-teatro-llega-a-luzaide-valcarlos-el-sabado-a-las-1930\/","url_meta":{"origin":20890,"position":2},"title":"&#8220;Vecinas Diversas Vecinas Dispersas&#8221; el teatro llega a Luzaide-Valcarlos el s\u00e1bado a las 19:30","author":"Eneko Villegas","date":"10 urria, 2024","format":false,"excerpt":"Hablamos con Ainhoa Ruiz actriz y parte de la cooperativa de mujeres dedicadas a las artes esc\u00e9nicas \"TDiferencia\". Esta cooperativa son las encargadas de traer su teatro \"Vecinas Diversas Vecinas Dispersas\" este s\u00e1bado 12 de octubre en la sala de cine del ayuntamiento de Luzaide-Valcarlos a las 19:30 de la\u2026","rel":"","context":"In &quot;Elkarrizketak&quot;","block_context":{"text":"Elkarrizketak","link":"https:\/\/iratiirratia.eus\/index.php\/category\/elkarrizketak\/"},"img":{"alt_text":"","src":"https:\/\/i0.wp.com\/iratiirratia.eus\/wp-content\/uploads\/2024\/10\/vecinas.jpg?fit=566%2C800&ssl=1&resize=350%2C200","width":350,"height":200,"srcset":"https:\/\/i0.wp.com\/iratiirratia.eus\/wp-content\/uploads\/2024\/10\/vecinas.jpg?fit=566%2C800&ssl=1&resize=350%2C200 1x, https:\/\/i0.wp.com\/iratiirratia.eus\/wp-content\/uploads\/2024\/10\/vecinas.jpg?fit=566%2C800&ssl=1&resize=525%2C300 1.5x"},"classes":[]},{"id":2157,"url":"https:\/\/iratiirratia.eus\/index.php\/2012\/01\/03\/aezkoako-batzorde-nagusiko-eta-udalen-kezka-eta-salaketa\/","url_meta":{"origin":20890,"position":3},"title":"Aezkoako Batzorde Nagusiko eta udalen kezka eta salaketa","author":"Irati Irratia","date":"3 urtarrila, 2012","format":false,"excerpt":"Hemos tenido conocimiento de la atenci\u00f3n m\u00e9dica que est\u00e1 dando esta semana a los vecinos de Aezkoa \u2013nueve municipios- debida a la ausencia del M\u00e9dico titular por vacaciones sin que se haya contratado un m\u00e9dico sustituto, situaci\u00f3n que ha desembocado en la necesidad de que sea el M\u00e9dico de Auritz-Burguete\u2026","rel":"","context":"In &quot;Berriak&quot;","block_context":{"text":"Berriak","link":"https:\/\/iratiirratia.eus\/index.php\/category\/berriak\/"},"img":{"alt_text":"","src":"","width":0,"height":0},"classes":[]},{"id":20674,"url":"https:\/\/iratiirratia.eus\/index.php\/2024\/10\/10\/hablamos-con-alvaro-embid-encargado-de-impartir-el-taller-hombres-que-se-benefician-de-la-inteligencia-emocional-en-la-biblioteca-de-espinal\/","url_meta":{"origin":20890,"position":4},"title":"Hablamos con Alvaro Embid encargado de impartir el taller &#8220;HOMBRES QUE SE BENEFICIAN DE LA INTELIGENCIA EMOCIONAL&#8221; en la Biblioteca de Espinal","author":"Eneko Villegas","date":"10 urria, 2024","format":false,"excerpt":"Alvaro Embid es el encargado de impartir el taller \"HOMBRES QUE SE BENEFICIAN DE LA INTELIGENCIA EMOCIONAL\". Un taller destinado exclusivamente para hombres en los que se trabajaran los privilegios de estos y como hacerles frente para educar la sociedad en el feminismo mediante unas \u00e1reas de mejora. Hoy en\u2026","rel":"","context":"In &quot;Elkarrizketak&quot;","block_context":{"text":"Elkarrizketak","link":"https:\/\/iratiirratia.eus\/index.php\/category\/elkarrizketak\/"},"img":{"alt_text":"","src":"https:\/\/i0.wp.com\/iratiirratia.eus\/wp-content\/uploads\/2024\/10\/hombres.jpg?fit=800%2C566&ssl=1&resize=350%2C200","width":350,"height":200,"srcset":"https:\/\/i0.wp.com\/iratiirratia.eus\/wp-content\/uploads\/2024\/10\/hombres.jpg?fit=800%2C566&ssl=1&resize=350%2C200 1x, https:\/\/i0.wp.com\/iratiirratia.eus\/wp-content\/uploads\/2024\/10\/hombres.jpg?fit=800%2C566&ssl=1&resize=525%2C300 1.5x, https:\/\/i0.wp.com\/iratiirratia.eus\/wp-content\/uploads\/2024\/10\/hombres.jpg?fit=800%2C566&ssl=1&resize=700%2C400 2x"},"classes":[]},{"id":7501,"url":"https:\/\/iratiirratia.eus\/index.php\/2015\/12\/10\/orbaizetako-olan-kokatutako-nobela-beltz-bat-aurkeztu-digu-ibon-martinek\/","url_meta":{"origin":20890,"position":5},"title":"Orbaizetako Olan kokatutako nobela beltz bat aurkeztu digu Ibon Martin idazleak","author":"Irati Irratia","date":"10 abendua, 2015","format":false,"excerpt":"La F\u00e1brica de las Sombras liburua ezagutu dugu. Ibon Martin idazle donostiarrak idatzitako nobela beltza da. Harekin izan gara gaur liburuan topatuko dugunaz solasean. [audio:http:\/\/iratiirratia.eus\/audio\/15-12-10_Lafabricadelassombras.mp3|titles= Ibon Martin] Klikatu hemen elkarrizketa jaisteko Anochece en el norte de Navarra. Una fr\u00eda niebla flota entre los \u00e1rboles de la selva de Irati, que\u2026","rel":"","context":"In &quot;Berriak&quot;","block_context":{"text":"Berriak","link":"https:\/\/iratiirratia.eus\/index.php\/category\/berriak\/"},"img":{"alt_text":"","src":"https:\/\/i0.wp.com\/iratiirratia.eus\/wp-content\/uploads\/2015\/12\/orbaitzeta-ojodigi-e1449749996369.jpg?fit=900%2C236&ssl=1&resize=350%2C200","width":350,"height":200,"srcset":"https:\/\/i0.wp.com\/iratiirratia.eus\/wp-content\/uploads\/2015\/12\/orbaitzeta-ojodigi-e1449749996369.jpg?fit=900%2C236&ssl=1&resize=350%2C200 1x, https:\/\/i0.wp.com\/iratiirratia.eus\/wp-content\/uploads\/2015\/12\/orbaitzeta-ojodigi-e1449749996369.jpg?fit=900%2C236&ssl=1&resize=525%2C300 1.5x, https:\/\/i0.wp.com\/iratiirratia.eus\/wp-content\/uploads\/2015\/12\/orbaitzeta-ojodigi-e1449749996369.jpg?fit=900%2C236&ssl=1&resize=700%2C400 2x"},"classes":[]}],"_links":{"self":[{"href":"https:\/\/iratiirratia.eus\/index.php\/wp-json\/wp\/v2\/posts\/20890"}],"collection":[{"href":"https:\/\/iratiirratia.eus\/index.php\/wp-json\/wp\/v2\/posts"}],"about":[{"href":"https:\/\/iratiirratia.eus\/index.php\/wp-json\/wp\/v2\/types\/post"}],"author":[{"embeddable":true,"href":"https:\/\/iratiirratia.eus\/index.php\/wp-json\/wp\/v2\/users\/6"}],"replies":[{"embeddable":true,"href":"https:\/\/iratiirratia.eus\/index.php\/wp-json\/wp\/v2\/comments?post=20890"}],"version-history":[{"count":1,"href":"https:\/\/iratiirratia.eus\/index.php\/wp-json\/wp\/v2\/posts\/20890\/revisions"}],"predecessor-version":[{"id":20892,"href":"https:\/\/iratiirratia.eus\/index.php\/wp-json\/wp\/v2\/posts\/20890\/revisions\/20892"}],"wp:featuredmedia":[{"embeddable":true,"href":"https:\/\/iratiirratia.eus\/index.php\/wp-json\/wp\/v2\/media\/20631"}],"wp:attachment":[{"href":"https:\/\/iratiirratia.eus\/index.php\/wp-json\/wp\/v2\/media?parent=20890"}],"wp:term":[{"taxonomy":"category","embeddable":true,"href":"https:\/\/iratiirratia.eus\/index.php\/wp-json\/wp\/v2\/categories?post=20890"},{"taxonomy":"post_tag","embeddable":true,"href":"https:\/\/iratiirratia.eus\/index.php\/wp-json\/wp\/v2\/tags?post=20890"}],"curies":[{"name":"wp","href":"https:\/\/api.w.org\/{rel}","templated":true}]}}