{"id":21150,"date":"2024-11-28T15:01:16","date_gmt":"2024-11-28T14:01:16","guid":{"rendered":"http:\/\/iratiirratia.eus\/?p=21150"},"modified":"2024-11-28T15:01:16","modified_gmt":"2024-11-28T14:01:16","slug":"nafarroako-gobernuak-eta-magna-enpresak-darabilten-joku-makurrak-salatu-dituzte-erdiz-bizirik-plataformak-deituriko-mobilizazioan","status":"publish","type":"post","link":"https:\/\/iratiirratia.eus\/index.php\/2024\/11\/28\/nafarroako-gobernuak-eta-magna-enpresak-darabilten-joku-makurrak-salatu-dituzte-erdiz-bizirik-plataformak-deituriko-mobilizazioan\/","title":{"rendered":"Nafarroako Gobernuak eta Magna enpresak darabilten joku makurrak salatu dituzte Erdiz Bizirik plataformak deituriko mobilizazioan"},"content":{"rendered":"\n<p>Aspalditik datorren arazoa dugu Erdizena. Bertan lur-sail komunaletan Magna Enpresak euren meategi berria eraiki nahi du hainbat laborantza lur bereganatuz. Hasieratik Baztango herritarrak eta administrazioak proiektu honen aurka agertu dira, bertako ekonomia kaltetu, ingurugiroan itzelezko inpaktua izanen zuela eta eremuaren pribatizazioa ekarriko lukeelako. Erdiz Bizirik plataforma sortu zuten, proiektu honi ardatz desberdinetatik aurre egiteko, bai arlo herritarretik bai justizia alorretik ere. <strong>Nafar Gobernua UGET<\/strong> bezala izendatu zuen bertako herritar zein administrazioen gainetik eurek erabakitzeko asmoz.<br><br>Lan edo ekinaldi honetan mobilizazioak, herri galdeketak, diru-jasoketak,&#8230; egin dituzte eta atzo Iru\u00f1ean mobilizatu ziren <strong>Nafar Gobernuak <\/strong>eta <strong>Magnak <\/strong>darabilten arte ankerrak salatzeko. Gaur hori bera aprobetxatuz <strong>Erdiz Bizirik Plataforma<\/strong>ko kidean den<strong> Jon Elizetxe<\/strong> izan dugu gurean.<br><br>Berak animatu gaitu euren lanean laguntzeko bere mobilizazioetan edota euren materiala erosten bere jarduna sustengatu dezaten.<\/p>\n\n\n\n<p><strong><br><\/strong><\/p>\n\n\n\n<p><strong>Jon Elizetxe<\/strong> <em>Irati Irratian <\/em><\/p>\n\n\n\n<figure class=\"wp-block-audio\"><audio controls src=\"http:\/\/iratiirratia.eus\/audio\/24-11-28JonErdiz.mp3\"><\/audio><\/figure>\n\n\n\n<p>Ahotsa.info -k eginiko bideoa:<\/p>\n\n\n\n<figure class=\"wp-block-embed is-type-video is-provider-youtube wp-block-embed-youtube wp-embed-aspect-16-9 wp-has-aspect-ratio\"><div class=\"wp-block-embed__wrapper\">\n<span class=\"embed-youtube\" style=\"text-align:center; display: block;\"><iframe loading=\"lazy\" class=\"youtube-player\" width=\"640\" height=\"360\" src=\"https:\/\/www.youtube.com\/embed\/av4wePgJhjo?version=3&#038;rel=1&#038;showsearch=0&#038;showinfo=1&#038;iv_load_policy=1&#038;fs=1&#038;hl=eu&#038;autohide=2&#038;wmode=transparent\" allowfullscreen=\"true\" style=\"border:0;\" sandbox=\"allow-scripts allow-same-origin allow-popups allow-presentation allow-popups-to-escape-sandbox\"><\/iframe><\/span>\n<\/div><\/figure>\n","protected":false},"excerpt":{"rendered":"<p>Aspalditik datorren arazoa dugu Erdizena. Bertan lur-sail komunaletan Magna Enpresak euren meategi berria eraiki nahi du hainbat laborantza lur bereganatuz. Hasieratik Baztango herritarrak eta administrazioak proiektu honen aurka agertu dira, bertako ekonomia kaltetu, ingurugiroan itzelezko inpaktua izanen zuela eta eremuaren pribatizazioa ekarriko lukeelako. Erdiz Bizirik plataforma sortu zuten, proiektu honi ardatz desberdinetatik aurre egiteko, bai [&hellip;]<\/p>\n","protected":false},"author":6,"featured_media":19616,"comment_status":"open","ping_status":"open","sticky":false,"template":"","format":"standard","meta":{"jetpack_post_was_ever_published":false,"_jetpack_newsletter_access":"","_jetpack_newsletter_tier_id":0,"jetpack_publicize_message":"","jetpack_is_tweetstorm":false,"jetpack_publicize_feature_enabled":true,"jetpack_social_post_already_shared":true,"jetpack_social_options":{"image_generator_settings":{"template":"highway","enabled":false}}},"categories":[2798,2,6,627,641],"tags":[3445,2935,3447,593,1109],"jetpack_publicize_connections":[],"jetpack_featured_media_url":"https:\/\/i0.wp.com\/iratiirratia.eus\/wp-content\/uploads\/2024\/02\/ErdizBizirik.jpeg?fit=225%2C225&ssl=1","jetpack_shortlink":"https:\/\/wp.me\/p7eaXY-5v8","jetpack_sharing_enabled":true,"jetpack-related-posts":[{"id":19614,"url":"https:\/\/iratiirratia.eus\/index.php\/2024\/02\/12\/erdizeko-meategiaren-ugep-bidezko-inposaketa-salatu-dute-erdiz-bizirik-plataformako-kideek\/","url_meta":{"origin":21150,"position":0},"title":"Erdizeko Meategiaren UGEP bidezko inposaketa salatu dute Erdiz Bizirik plataformako kideek","author":"Irati Irratia","date":"12 otsaila, 2024","format":false,"excerpt":"Erdizko parajean Magnesitasek eraiki nahi duen meategiak hasieratik kontrakotasuna piztu ohi du baztandarren artean. Horren adibide dira udalek hartutako jarrera baita zenbait galdeketetan kontrako jarrerak hartutako indarrak ere. Honen baitan haserre eta kontrakotasuna adierazteko Erdiz Bizirik plataforma sortu zuten duela zenbait urte. Honek proiektua geldiaraztera eraman zuen eta Nafarroako Gobernuak\u2026","rel":"","context":"In &quot;Abeltzaintza&quot;","block_context":{"text":"Abeltzaintza","link":"https:\/\/iratiirratia.eus\/index.php\/category\/abeltzaintza\/"},"img":{"alt_text":"","src":"https:\/\/i0.wp.com\/iratiirratia.eus\/wp-content\/uploads\/2024\/02\/Prentsaurrekoa2-scaled.jpeg?resize=350%2C200&ssl=1","width":350,"height":200,"srcset":"https:\/\/i0.wp.com\/iratiirratia.eus\/wp-content\/uploads\/2024\/02\/Prentsaurrekoa2-scaled.jpeg?resize=350%2C200&ssl=1 1x, https:\/\/i0.wp.com\/iratiirratia.eus\/wp-content\/uploads\/2024\/02\/Prentsaurrekoa2-scaled.jpeg?resize=525%2C300&ssl=1 1.5x, https:\/\/i0.wp.com\/iratiirratia.eus\/wp-content\/uploads\/2024\/02\/Prentsaurrekoa2-scaled.jpeg?resize=700%2C400&ssl=1 2x, https:\/\/i0.wp.com\/iratiirratia.eus\/wp-content\/uploads\/2024\/02\/Prentsaurrekoa2-scaled.jpeg?resize=1050%2C600&ssl=1 3x, https:\/\/i0.wp.com\/iratiirratia.eus\/wp-content\/uploads\/2024\/02\/Prentsaurrekoa2-scaled.jpeg?resize=1400%2C800&ssl=1 4x"},"classes":[]},{"id":8911,"url":"https:\/\/iratiirratia.eus\/index.php\/2016\/06\/07\/zilbetiko-gernikan-azaldutako-margoketekin-zerikusik-ez-duela-argitu-du-magna-enpresak\/","url_meta":{"origin":21150,"position":1},"title":"Zilbetiko &#8216;Gernika&#8217;n azaldutako margoketekin zerikusik ez duela argitu du Magna enpresak","author":"Irati Irratia","date":"7 ekaina, 2016","format":false,"excerpt":"Zilbetiko pagadian Picassoren Gernika irudiari duela hiru aste egindako erasoa salatu dute Magnako zuzendaritzak eta enpresa batzordeak. Gertakariariarekin zer ikusirik ez dutela argitu dute. Oharraren arabera margoketak \"probokazio eta suntsipen ekintzak dira, gure esentziarekin eta bailarako naturarekin eta bizilagunekin dugun harremanararekin kontrakoak\". \u00a0 \"Intolerante\" zenbaitek egindako ekintza dela dio enpresak\u2026","rel":"","context":"In &quot;Berriak&quot;","block_context":{"text":"Berriak","link":"https:\/\/iratiirratia.eus\/index.php\/category\/berriak\/"},"img":{"alt_text":"","src":"https:\/\/i0.wp.com\/iratiirratia.eus\/wp-content\/uploads\/2015\/10\/1.jpg?fit=1200%2C599&ssl=1&resize=350%2C200","width":350,"height":200,"srcset":"https:\/\/i0.wp.com\/iratiirratia.eus\/wp-content\/uploads\/2015\/10\/1.jpg?fit=1200%2C599&ssl=1&resize=350%2C200 1x, https:\/\/i0.wp.com\/iratiirratia.eus\/wp-content\/uploads\/2015\/10\/1.jpg?fit=1200%2C599&ssl=1&resize=525%2C300 1.5x, https:\/\/i0.wp.com\/iratiirratia.eus\/wp-content\/uploads\/2015\/10\/1.jpg?fit=1200%2C599&ssl=1&resize=700%2C400 2x, https:\/\/i0.wp.com\/iratiirratia.eus\/wp-content\/uploads\/2015\/10\/1.jpg?fit=1200%2C599&ssl=1&resize=1050%2C600 3x"},"classes":[]},{"id":18490,"url":"https:\/\/iratiirratia.eus\/index.php\/2023\/05\/19\/landa-eremuaren-defentsan-eta-kapitalismo-berdeari-ezetz-esateko-mobilizatzera-deitu-dute-gizartea-irunean-eta-gasteizen\/","url_meta":{"origin":21150,"position":2},"title":"Landa eremuaren defentsan eta kapitalismo berdeari ezetz esateko mobilizatzera deitu dute gizartea Iru\u00f1ean eta Gasteizen","author":"Irati Irratia","date":"19 maiatza, 2023","format":false,"excerpt":"Eraikuntza enpresa handiek aukera paregabea ikusi izan dute energia berriztagarrien makroproiektuak egitean eta horregatik asko izan ziren Nafarroan aurkeztutako proiektuak. Horietariko askok ekimen herritarrek zirela medio geldiaraztea lortu zen eta anabasa honen erdian herri zenbaiteko plataformek Nafarroa Energia Eraldatzen plataforma sortu zuten. Egoera halere ez da baretu proiektu berri gehio\u2026","rel":"","context":"In &quot;Berriak&quot;","block_context":{"text":"Berriak","link":"https:\/\/iratiirratia.eus\/index.php\/category\/berriak\/"},"img":{"alt_text":"","src":"https:\/\/i0.wp.com\/iratiirratia.eus\/wp-content\/uploads\/2023\/02\/NEETEN.jpg?fit=1200%2C900&ssl=1&resize=350%2C200","width":350,"height":200,"srcset":"https:\/\/i0.wp.com\/iratiirratia.eus\/wp-content\/uploads\/2023\/02\/NEETEN.jpg?fit=1200%2C900&ssl=1&resize=350%2C200 1x, https:\/\/i0.wp.com\/iratiirratia.eus\/wp-content\/uploads\/2023\/02\/NEETEN.jpg?fit=1200%2C900&ssl=1&resize=525%2C300 1.5x, https:\/\/i0.wp.com\/iratiirratia.eus\/wp-content\/uploads\/2023\/02\/NEETEN.jpg?fit=1200%2C900&ssl=1&resize=700%2C400 2x, https:\/\/i0.wp.com\/iratiirratia.eus\/wp-content\/uploads\/2023\/02\/NEETEN.jpg?fit=1200%2C900&ssl=1&resize=1050%2C600 3x"},"classes":[]},{"id":2159,"url":"https:\/\/iratiirratia.eus\/index.php\/2012\/01\/03\/monte-alduide-koordinakundearen-eta-seobirdliferen-prentsa-oharra\/","url_meta":{"origin":21150,"position":3},"title":"Monte Alduide Koordinakundearen eta SEO\/BirdLiferen prentsa oharra","author":"Irati Irratia","date":"3 urtarrila, 2012","format":false,"excerpt":"NAFAR MENDIALDEA, AZKEN KOLONIA ERROIBAR ETA BAZTAN, HARROBIEN ZULOAN Erroibar zein Baztanek hiru mehatxu larri dituzte egun, euren ingurua eta etorkizuna kolokan jartzen dituzten mehatxuak. Gure herrietan, eta euren egitura ekonomiko, sozial eta kulturalean, inongo errorik ez duten enpresek, ingurugiroa suntsitu nahi dute baliabide ez-berriztagarri bat ustiatzearren. Mehatxuok azken hamarkadetan\u2026","rel":"","context":"In &quot;Berriak&quot;","block_context":{"text":"Berriak","link":"https:\/\/iratiirratia.eus\/index.php\/category\/berriak\/"},"img":{"alt_text":"","src":"","width":0,"height":0},"classes":[]},{"id":4332,"url":"https:\/\/iratiirratia.eus\/index.php\/2013\/11\/19\/erdiz-bizirik\/","url_meta":{"origin":21150,"position":4},"title":"Erdiz bizirik","author":"Irati Irratia","date":"19 azaroa, 2013","format":false,"excerpt":"Izenburua: Erdiz Bizirik Iraupena: 00:30 ordu Klikatu hemen saioa jaisteko [audio:http:\/\/iratiirratia.net\/audio\/erdiz_bizirik.mp3|titles=Egun on, Au\u00f1amendi! 13-11-19]","rel":"","context":"In &quot;Egun on, Au\u00f1amendi!&quot;","block_context":{"text":"Egun on, Au\u00f1amendi!","link":"https:\/\/iratiirratia.eus\/index.php\/category\/egunon-aunamendi\/"},"img":{"alt_text":"","src":"","width":0,"height":0},"classes":[]},{"id":21396,"url":"https:\/\/iratiirratia.eus\/index.php\/2025\/01\/23\/aroztegiaren-kontra-agertutako-ekintzaileen-kontrako-kriminalizazioa-salatu-eta-lurraren-defentsa-aldarrikatzeko-mobilizazio-nazionala-izanen-da-otsailaren-1ean-irunean\/","url_meta":{"origin":21150,"position":5},"title":"Aroztegiaren kontra agertutako ekintzaileen kontrako kriminalizazioa salatu eta lurraren defentsa aldarrikatzeko mobilizazio nazionala izanen da otsailaren 1ean Iru\u00f1ean","author":"Eneko Villegas","date":"23 urtarrila, 2025","format":false,"excerpt":"Deialdia auzipetuek egin badute ere 140 elkarte, kolektibo, sindikatu eta alderdien babesa jaso dute eta mobilizazio nazionala deitu dute \"Lurraren defentsan, kriminalizaziorik ez! Aroztegia gelditu!\" lemapean. Aroztegia Lekaroz herrian egin izan nahi den luxuzko proiektu urbanistikoa da zeina 2003an du bere jatorria. Bertan, hotela, golf zelaia eta unifamiliarrak eraikitzea aurreikusten\u2026","rel":"","context":"In &quot;Berriak&quot;","block_context":{"text":"Berriak","link":"https:\/\/iratiirratia.eus\/index.php\/category\/berriak\/"},"img":{"alt_text":"","src":"https:\/\/i0.wp.com\/iratiirratia.eus\/wp-content\/uploads\/2025\/01\/AroztegiaKrimPrentsa.jpg?fit=1024%2C766&ssl=1&resize=350%2C200","width":350,"height":200,"srcset":"https:\/\/i0.wp.com\/iratiirratia.eus\/wp-content\/uploads\/2025\/01\/AroztegiaKrimPrentsa.jpg?fit=1024%2C766&ssl=1&resize=350%2C200 1x, https:\/\/i0.wp.com\/iratiirratia.eus\/wp-content\/uploads\/2025\/01\/AroztegiaKrimPrentsa.jpg?fit=1024%2C766&ssl=1&resize=525%2C300 1.5x, https:\/\/i0.wp.com\/iratiirratia.eus\/wp-content\/uploads\/2025\/01\/AroztegiaKrimPrentsa.jpg?fit=1024%2C766&ssl=1&resize=700%2C400 2x"},"classes":[]}],"_links":{"self":[{"href":"https:\/\/iratiirratia.eus\/index.php\/wp-json\/wp\/v2\/posts\/21150"}],"collection":[{"href":"https:\/\/iratiirratia.eus\/index.php\/wp-json\/wp\/v2\/posts"}],"about":[{"href":"https:\/\/iratiirratia.eus\/index.php\/wp-json\/wp\/v2\/types\/post"}],"author":[{"embeddable":true,"href":"https:\/\/iratiirratia.eus\/index.php\/wp-json\/wp\/v2\/users\/6"}],"replies":[{"embeddable":true,"href":"https:\/\/iratiirratia.eus\/index.php\/wp-json\/wp\/v2\/comments?post=21150"}],"version-history":[{"count":1,"href":"https:\/\/iratiirratia.eus\/index.php\/wp-json\/wp\/v2\/posts\/21150\/revisions"}],"predecessor-version":[{"id":21151,"href":"https:\/\/iratiirratia.eus\/index.php\/wp-json\/wp\/v2\/posts\/21150\/revisions\/21151"}],"wp:featuredmedia":[{"embeddable":true,"href":"https:\/\/iratiirratia.eus\/index.php\/wp-json\/wp\/v2\/media\/19616"}],"wp:attachment":[{"href":"https:\/\/iratiirratia.eus\/index.php\/wp-json\/wp\/v2\/media?parent=21150"}],"wp:term":[{"taxonomy":"category","embeddable":true,"href":"https:\/\/iratiirratia.eus\/index.php\/wp-json\/wp\/v2\/categories?post=21150"},{"taxonomy":"post_tag","embeddable":true,"href":"https:\/\/iratiirratia.eus\/index.php\/wp-json\/wp\/v2\/tags?post=21150"}],"curies":[{"name":"wp","href":"https:\/\/api.w.org\/{rel}","templated":true}]}}