{"id":21152,"date":"2024-11-29T12:21:32","date_gmt":"2024-11-29T11:21:32","guid":{"rendered":"http:\/\/iratiirratia.eus\/?p=21152"},"modified":"2024-11-29T12:21:32","modified_gmt":"2024-11-29T11:21:32","slug":"iratiko-urek-zipriztintzen-zituzten-harremanen-inguruko-hausnarketa-saioa-bihar-aezkoako-kultur-olan","status":"publish","type":"post","link":"https:\/\/iratiirratia.eus\/index.php\/2024\/11\/29\/iratiko-urek-zipriztintzen-zituzten-harremanen-inguruko-hausnarketa-saioa-bihar-aezkoako-kultur-olan\/","title":{"rendered":"Iratiko urek zipriztintzen zituzten harremanen inguruko hausnarketa saioa bihar Aezkoako Kultur Olan"},"content":{"rendered":"<p><strong>Irati ibaia beti izan da ibar desberdinak lerrokatzen zituen zutabe nagusi bat, baina denboraren poderioz moldatzen joan da eta Itoizen ostetik harreman horiek zaildu omen dira. Honen inguruan hausnartu eginen dute larunbatean Aezkoako Kultur Olan izanen den mintzaldian 12:30tan zeinetan Kiko Lako Itoiz izanen dugu hau gidatzen.<br \/><br \/>Harreman asko dira ur hauetan elikatu direnak eta nola aldatu diren hausnartu ere eginen dituzte saio goxo eta ireki baten bitartez.<\/strong><\/p>\n<p><strong>\u00a0<\/strong><\/p>\n<p><strong>Kiko Lako Itoiz<\/strong> <em>Irati Irratian <\/em><\/p>\n<p><!--StartFragment--><\/p>\n\n\n<figure class=\"wp-block-audio\"><audio controls src=\"http:\/\/iratiirratia.eus\/audio\/24-11-29KikoCharla.mp3\"><\/audio><\/figure>\n\n\n\n<figure class=\"wp-block-image size-large\"><img data-attachment-id=\"21153\" data-permalink=\"https:\/\/iratiirratia.eus\/index.php\/2024\/11\/29\/iratiko-urek-zipriztintzen-zituzten-harremanen-inguruko-hausnarketa-saioa-bihar-aezkoako-kultur-olan\/kikolako30az\/\" data-orig-file=\"https:\/\/i0.wp.com\/iratiirratia.eus\/wp-content\/uploads\/2024\/11\/kikolako30az.jpg?fit=1240%2C1754&amp;ssl=1\" data-orig-size=\"1240,1754\" data-comments-opened=\"1\" data-image-meta=\"{&quot;aperture&quot;:&quot;0&quot;,&quot;credit&quot;:&quot;&quot;,&quot;camera&quot;:&quot;&quot;,&quot;caption&quot;:&quot;&quot;,&quot;created_timestamp&quot;:&quot;0&quot;,&quot;copyright&quot;:&quot;&quot;,&quot;focal_length&quot;:&quot;0&quot;,&quot;iso&quot;:&quot;0&quot;,&quot;shutter_speed&quot;:&quot;0&quot;,&quot;title&quot;:&quot;&quot;,&quot;orientation&quot;:&quot;0&quot;}\" data-image-title=\"kikolako30az\" data-image-description=\"\" data-image-caption=\"\" data-medium-file=\"https:\/\/i0.wp.com\/iratiirratia.eus\/wp-content\/uploads\/2024\/11\/kikolako30az.jpg?fit=212%2C300&amp;ssl=1\" data-large-file=\"https:\/\/i0.wp.com\/iratiirratia.eus\/wp-content\/uploads\/2024\/11\/kikolako30az.jpg?fit=640%2C905&amp;ssl=1\" decoding=\"async\" loading=\"lazy\" width=\"640\" height=\"905\" src=\"https:\/\/i0.wp.com\/iratiirratia.eus\/wp-content\/uploads\/2024\/11\/kikolako30az.jpg?resize=640%2C905\" alt=\"\" class=\"wp-image-21153\" srcset=\"https:\/\/i0.wp.com\/iratiirratia.eus\/wp-content\/uploads\/2024\/11\/kikolako30az.jpg?resize=724%2C1024&amp;ssl=1 724w, https:\/\/i0.wp.com\/iratiirratia.eus\/wp-content\/uploads\/2024\/11\/kikolako30az.jpg?resize=212%2C300&amp;ssl=1 212w, https:\/\/i0.wp.com\/iratiirratia.eus\/wp-content\/uploads\/2024\/11\/kikolako30az.jpg?resize=768%2C1086&amp;ssl=1 768w, https:\/\/i0.wp.com\/iratiirratia.eus\/wp-content\/uploads\/2024\/11\/kikolako30az.jpg?resize=1086%2C1536&amp;ssl=1 1086w, https:\/\/i0.wp.com\/iratiirratia.eus\/wp-content\/uploads\/2024\/11\/kikolako30az.jpg?resize=700%2C990&amp;ssl=1 700w, https:\/\/i0.wp.com\/iratiirratia.eus\/wp-content\/uploads\/2024\/11\/kikolako30az.jpg?w=1240&amp;ssl=1 1240w\" sizes=\"(max-width: 640px) 100vw, 640px\" data-recalc-dims=\"1\" \/><\/figure>\n\n\n\n<p>Rio Irati y sus gentes abestiaren bideoa uzten dizuegu solasaldi honen omenez:<\/p>\n\n\n\n<figure class=\"wp-block-embed is-type-video is-provider-youtube wp-block-embed-youtube wp-embed-aspect-16-9 wp-has-aspect-ratio\"><div class=\"wp-block-embed__wrapper\">\n<span class=\"embed-youtube\" style=\"text-align:center; display: block;\"><iframe loading=\"lazy\" class=\"youtube-player\" width=\"640\" height=\"360\" src=\"https:\/\/www.youtube.com\/embed\/JYE7EPfgQsQ?version=3&#038;rel=1&#038;showsearch=0&#038;showinfo=1&#038;iv_load_policy=1&#038;fs=1&#038;hl=eu&#038;autohide=2&#038;wmode=transparent\" allowfullscreen=\"true\" style=\"border:0;\" sandbox=\"allow-scripts allow-same-origin allow-popups allow-presentation allow-popups-to-escape-sandbox\"><\/iframe><\/span>\n<\/div><\/figure>\n","protected":false},"excerpt":{"rendered":"<p>Irati ibaia beti izan da ibar desberdinak lerrokatzen zituen zutabe nagusi bat, baina denboraren poderioz moldatzen joan da eta Itoizen ostetik harreman horiek zaildu omen dira. Honen inguruan hausnartu eginen dute larunbatean Aezkoako Kultur Olan izanen den mintzaldian 12:30tan zeinetan Kiko Lako Itoiz izanen dugu hau gidatzen. Harreman asko dira ur hauetan elikatu direnak eta [&hellip;]<\/p>\n","protected":false},"author":6,"featured_media":17207,"comment_status":"open","ping_status":"open","sticky":false,"template":"","format":"standard","meta":{"jetpack_post_was_ever_published":false,"_jetpack_newsletter_access":"","_jetpack_newsletter_tier_id":0,"jetpack_publicize_message":"","jetpack_is_tweetstorm":false,"jetpack_publicize_feature_enabled":true,"jetpack_social_post_already_shared":true,"jetpack_social_options":{"image_generator_settings":{"template":"highway","enabled":false}}},"categories":[117,716,1629,627,2791],"tags":[572,3450,701,3449,3448],"jetpack_publicize_connections":[],"jetpack_featured_media_url":"https:\/\/i0.wp.com\/iratiirratia.eus\/wp-content\/uploads\/2022\/03\/kikolako-e1647860292452.jpg?fit=1356%2C747&ssl=1","jetpack_shortlink":"https:\/\/wp.me\/p7eaXY-5va","jetpack_sharing_enabled":true,"jetpack-related-posts":[{"id":18149,"url":"https:\/\/iratiirratia.eus\/index.php\/2023\/03\/02\/susurros-del-irati-liburua-aurkeztuko-du-bihar-kiko-lakok-agoitzen\/","url_meta":{"origin":21152,"position":0},"title":"Susurros del Irati liburua aurkeztuko du bihar Kiko Lakok Agoitzen","author":"Irati Irratia","date":"2 martxoa, 2023","format":false,"excerpt":"Irati ibaia Aezkoan jaio eta Irunberrin amaitu egiten da, hainbat lurralde zeharkatuz. Bere ertzetan zenbait izan dira bizi izan diren istorioak eta horietako zenbait jaso ditu Kiko Lakok \"Susurros del Irati\" liburuan. Itoitzeko urtegia eta Agoitzen egondako fusilatuak pisu handia dute liburu honetan eta lau atal desberdinduetan beste zenbait gai\u2026","rel":"","context":"In &quot;Aezkoa&quot;","block_context":{"text":"Aezkoa","link":"https:\/\/iratiirratia.eus\/index.php\/category\/aezkoa\/"},"img":{"alt_text":"","src":"https:\/\/i0.wp.com\/iratiirratia.eus\/wp-content\/uploads\/2022\/03\/kikolako-e1647860292452.jpg?fit=1200%2C661&ssl=1&resize=350%2C200","width":350,"height":200,"srcset":"https:\/\/i0.wp.com\/iratiirratia.eus\/wp-content\/uploads\/2022\/03\/kikolako-e1647860292452.jpg?fit=1200%2C661&ssl=1&resize=350%2C200 1x, https:\/\/i0.wp.com\/iratiirratia.eus\/wp-content\/uploads\/2022\/03\/kikolako-e1647860292452.jpg?fit=1200%2C661&ssl=1&resize=525%2C300 1.5x, https:\/\/i0.wp.com\/iratiirratia.eus\/wp-content\/uploads\/2022\/03\/kikolako-e1647860292452.jpg?fit=1200%2C661&ssl=1&resize=700%2C400 2x, https:\/\/i0.wp.com\/iratiirratia.eus\/wp-content\/uploads\/2022\/03\/kikolako-e1647860292452.jpg?fit=1200%2C661&ssl=1&resize=1050%2C600 3x"},"classes":[]},{"id":19062,"url":"https:\/\/iratiirratia.eus\/index.php\/2023\/09\/29\/artozki-xx-urte-kiko-lako-oraindikan-ere-jendeak-zailtasunak-ditu-itoitzen-inguruan-solasteko\/","url_meta":{"origin":21152,"position":1},"title":"Artozki XX.urte, Kiko Lako: &#8220;Oraindikan ere jendeak zailtasunak ditu Itoitzen inguruan solasteko&#8221;","author":"Irati Irratia","date":"29 iraila, 2023","format":false,"excerpt":"Gaur Artozki eta Itoitzen herrien hustutzeen XX. urteurrenaren inguruko elkarrizketa segidarekin jarraitu dugu. Gaurkoan \"Susurros del Irati\" liburua idatzitako Kiko Lako izan dugu gurean, liburu horretan pasarte nagusi bat baitzen Itoizko urtegiaren inguruan suertatutakoak azaltzen. Kiko ere urtegiaren kontrako mobilizazioetan parte aktiboa izan zen, baita solidarioei elkartasuna adierazten. Berak aipatu\u2026","rel":"","context":"In &quot;Agoitz&quot;","block_context":{"text":"Agoitz","link":"https:\/\/iratiirratia.eus\/index.php\/category\/agoitz\/"},"img":{"alt_text":"","src":"https:\/\/i0.wp.com\/iratiirratia.eus\/wp-content\/uploads\/2023\/09\/2023-09-07-19.26.09.jpg?fit=1200%2C900&ssl=1&resize=350%2C200","width":350,"height":200,"srcset":"https:\/\/i0.wp.com\/iratiirratia.eus\/wp-content\/uploads\/2023\/09\/2023-09-07-19.26.09.jpg?fit=1200%2C900&ssl=1&resize=350%2C200 1x, https:\/\/i0.wp.com\/iratiirratia.eus\/wp-content\/uploads\/2023\/09\/2023-09-07-19.26.09.jpg?fit=1200%2C900&ssl=1&resize=525%2C300 1.5x, https:\/\/i0.wp.com\/iratiirratia.eus\/wp-content\/uploads\/2023\/09\/2023-09-07-19.26.09.jpg?fit=1200%2C900&ssl=1&resize=700%2C400 2x, https:\/\/i0.wp.com\/iratiirratia.eus\/wp-content\/uploads\/2023\/09\/2023-09-07-19.26.09.jpg?fit=1200%2C900&ssl=1&resize=1050%2C600 3x"},"classes":[]},{"id":17204,"url":"https:\/\/iratiirratia.eus\/index.php\/2022\/03\/21\/aintzinan-izandako-agoitzaren-gogoaz-mintzo\/","url_meta":{"origin":21152,"position":2},"title":"Aintzinan izandako Agoitzaren gogoaz mintzo","author":"Irati Irratia","date":"21 martxoa, 2022","format":false,"excerpt":"\"A\u00f1oranzas de un Aoiz Que fue\" liburuaren aurkezpena eginen da gaur Agoitzen. Hori aitzakitzat hartuz bere egilea den Kiko Lako izan dugu gaurkoan gurekin. Agoitzen gertaturikoak izan ditugu hizketagai eta hauek Agoitzen sortu dituzten aldaketak ere. Kiko Lako Irati irratian [audio:http:\/\/iratiirratia.eus\/audio\/22-03-18KikoAgoitz.mp3]","rel":"","context":"In &quot;Agoitz&quot;","block_context":{"text":"Agoitz","link":"https:\/\/iratiirratia.eus\/index.php\/category\/agoitz\/"},"img":{"alt_text":"","src":"https:\/\/i0.wp.com\/iratiirratia.eus\/wp-content\/uploads\/2022\/03\/kikolako-e1647860292452.jpg?fit=1200%2C661&ssl=1&resize=350%2C200","width":350,"height":200,"srcset":"https:\/\/i0.wp.com\/iratiirratia.eus\/wp-content\/uploads\/2022\/03\/kikolako-e1647860292452.jpg?fit=1200%2C661&ssl=1&resize=350%2C200 1x, https:\/\/i0.wp.com\/iratiirratia.eus\/wp-content\/uploads\/2022\/03\/kikolako-e1647860292452.jpg?fit=1200%2C661&ssl=1&resize=525%2C300 1.5x, https:\/\/i0.wp.com\/iratiirratia.eus\/wp-content\/uploads\/2022\/03\/kikolako-e1647860292452.jpg?fit=1200%2C661&ssl=1&resize=700%2C400 2x, https:\/\/i0.wp.com\/iratiirratia.eus\/wp-content\/uploads\/2022\/03\/kikolako-e1647860292452.jpg?fit=1200%2C661&ssl=1&resize=1050%2C600 3x"},"classes":[]},{"id":4491,"url":"https:\/\/iratiirratia.eus\/index.php\/2014\/01\/24\/itoitz-fundazioaren-desagerketari-buruzko-elkarrizketa-unai-lako-agoizko-alkatearekin\/","url_meta":{"origin":21152,"position":3},"title":"Itoitz Fundazioaren desagerketari buruzko elkarrizketa, Unai Lako Agoizko alkatearekin","author":"Irati Irratia","date":"24 urtarrila, 2014","format":false,"excerpt":"Izenburua: Itoitz Fundazioa Iraupena: 0:34 ordu Klikatu hemen saioa jaisteko [audio:http:\/\/iratiirratia.net\/audio\/5unai_aoiz.mp3|titles=Egun on, Au\u00f1amendi! 14-01-24]","rel":"","context":"In &quot;Egun on, Au\u00f1amendi!&quot;","block_context":{"text":"Egun on, Au\u00f1amendi!","link":"https:\/\/iratiirratia.eus\/index.php\/category\/egunon-aunamendi\/"},"img":{"alt_text":"","src":"","width":0,"height":0},"classes":[]},{"id":19788,"url":"https:\/\/iratiirratia.eus\/index.php\/2024\/04\/04\/kiko-lakoren-lumak-arimaren-karraskak-izan-ditu-gogoan-bere-lan-berrian\/","url_meta":{"origin":21152,"position":4},"title":"Kiko Lakoren lumak arimaren karraskak izan ditu gogoan bere lan berrian","author":"Irati Irratia","date":"4 apirila, 2024","format":false,"excerpt":"Alderdi komunistako kide izandako Martin Gil eta familiak bizitakoak barnebiltzen duen lana ondu du Kiko Lakok. \"Chasquidos del alma y las historia de Martin Gil y su familia\" izenburua ezarri dio. Martin Henareseko Alkalan fusilatutako komunista agoiztarra da zeina garrantzia handia izan zuen frankisten aurkako borrokan. Ez zen familiako eraildako\u2026","rel":"","context":"In &quot;Agoitz&quot;","block_context":{"text":"Agoitz","link":"https:\/\/iratiirratia.eus\/index.php\/category\/agoitz\/"},"img":{"alt_text":"","src":"https:\/\/i0.wp.com\/iratiirratia.eus\/wp-content\/uploads\/2022\/03\/kikolako-e1647860292452.jpg?fit=1200%2C661&ssl=1&resize=350%2C200","width":350,"height":200,"srcset":"https:\/\/i0.wp.com\/iratiirratia.eus\/wp-content\/uploads\/2022\/03\/kikolako-e1647860292452.jpg?fit=1200%2C661&ssl=1&resize=350%2C200 1x, https:\/\/i0.wp.com\/iratiirratia.eus\/wp-content\/uploads\/2022\/03\/kikolako-e1647860292452.jpg?fit=1200%2C661&ssl=1&resize=525%2C300 1.5x, https:\/\/i0.wp.com\/iratiirratia.eus\/wp-content\/uploads\/2022\/03\/kikolako-e1647860292452.jpg?fit=1200%2C661&ssl=1&resize=700%2C400 2x, https:\/\/i0.wp.com\/iratiirratia.eus\/wp-content\/uploads\/2022\/03\/kikolako-e1647860292452.jpg?fit=1200%2C661&ssl=1&resize=1050%2C600 3x"},"classes":[]},{"id":22550,"url":"https:\/\/iratiirratia.eus\/index.php\/2025\/09\/09\/ostiralean-aurkeztuko-da-arrullos-de-la-memoria-liburua-agoitzen\/","url_meta":{"origin":21152,"position":5},"title":"Ostiralean aurkeztuko da &#8220;Arrullos de la memoria&#8221; liburua Agoitzen","author":"Eneko Villegas","date":"9 iraila, 2025","format":false,"excerpt":"Agoitzeko Oroimen Historikoaren zikloaren baitan Kiko Lako agoizko bizilagunaren \"Arrullos de la memoria\" liburuaren aurkezpena antolatu egin dute ostirala honetarako. Liburuak zenbait pasarte edo errelato barnebiltzen ditu. Kikoren bizipenak eta irudipenak biltzen ditu ere baina baita Ezkabako kartzelan egondako bi errepresaliatu agoiztarren istorioak, Jaime Jimenez eta Fernando Navarrorenak, zeinak oraindik\u2026","rel":"","context":"In &quot;Agoitz&quot;","block_context":{"text":"Agoitz","link":"https:\/\/iratiirratia.eus\/index.php\/category\/agoitz\/"},"img":{"alt_text":"","src":"https:\/\/i0.wp.com\/iratiirratia.eus\/wp-content\/uploads\/2022\/03\/kikolako-e1647860292452.jpg?fit=1200%2C661&ssl=1&resize=350%2C200","width":350,"height":200,"srcset":"https:\/\/i0.wp.com\/iratiirratia.eus\/wp-content\/uploads\/2022\/03\/kikolako-e1647860292452.jpg?fit=1200%2C661&ssl=1&resize=350%2C200 1x, https:\/\/i0.wp.com\/iratiirratia.eus\/wp-content\/uploads\/2022\/03\/kikolako-e1647860292452.jpg?fit=1200%2C661&ssl=1&resize=525%2C300 1.5x, https:\/\/i0.wp.com\/iratiirratia.eus\/wp-content\/uploads\/2022\/03\/kikolako-e1647860292452.jpg?fit=1200%2C661&ssl=1&resize=700%2C400 2x, https:\/\/i0.wp.com\/iratiirratia.eus\/wp-content\/uploads\/2022\/03\/kikolako-e1647860292452.jpg?fit=1200%2C661&ssl=1&resize=1050%2C600 3x"},"classes":[]}],"_links":{"self":[{"href":"https:\/\/iratiirratia.eus\/index.php\/wp-json\/wp\/v2\/posts\/21152"}],"collection":[{"href":"https:\/\/iratiirratia.eus\/index.php\/wp-json\/wp\/v2\/posts"}],"about":[{"href":"https:\/\/iratiirratia.eus\/index.php\/wp-json\/wp\/v2\/types\/post"}],"author":[{"embeddable":true,"href":"https:\/\/iratiirratia.eus\/index.php\/wp-json\/wp\/v2\/users\/6"}],"replies":[{"embeddable":true,"href":"https:\/\/iratiirratia.eus\/index.php\/wp-json\/wp\/v2\/comments?post=21152"}],"version-history":[{"count":1,"href":"https:\/\/iratiirratia.eus\/index.php\/wp-json\/wp\/v2\/posts\/21152\/revisions"}],"predecessor-version":[{"id":21154,"href":"https:\/\/iratiirratia.eus\/index.php\/wp-json\/wp\/v2\/posts\/21152\/revisions\/21154"}],"wp:featuredmedia":[{"embeddable":true,"href":"https:\/\/iratiirratia.eus\/index.php\/wp-json\/wp\/v2\/media\/17207"}],"wp:attachment":[{"href":"https:\/\/iratiirratia.eus\/index.php\/wp-json\/wp\/v2\/media?parent=21152"}],"wp:term":[{"taxonomy":"category","embeddable":true,"href":"https:\/\/iratiirratia.eus\/index.php\/wp-json\/wp\/v2\/categories?post=21152"},{"taxonomy":"post_tag","embeddable":true,"href":"https:\/\/iratiirratia.eus\/index.php\/wp-json\/wp\/v2\/tags?post=21152"}],"curies":[{"name":"wp","href":"https:\/\/api.w.org\/{rel}","templated":true}]}}