{"id":21162,"date":"2024-12-02T13:42:07","date_gmt":"2024-12-02T12:42:07","guid":{"rendered":"http:\/\/iratiirratia.eus\/?p=21162"},"modified":"2024-12-02T13:42:07","modified_gmt":"2024-12-02T12:42:07","slug":"haur-eskoletan-dagoen-euskarazko-eskaintza-eskasa-salatuko-du-iruneko-euskalgintzak-abenduaren-11n","status":"publish","type":"post","link":"https:\/\/iratiirratia.eus\/index.php\/2024\/12\/02\/haur-eskoletan-dagoen-euskarazko-eskaintza-eskasa-salatuko-du-iruneko-euskalgintzak-abenduaren-11n\/","title":{"rendered":"Haur eskoletan dagoen euskarazko eskaintza eskasa salatuko du Iru\u00f1eko euskalgintzak abenduaren 11n"},"content":{"rendered":"<p><strong>Iru\u00f1eko Euskalgintzak nafar jendartea mobilizatzera deitu du datorren abenduaren 11n Iru\u00f1ean udalak egindako haur eskoletan euskarazko lerroaren eskaintza eskasa salatzeko. Udal gobernua aldatu arren ezer gutxi aldatu da alor honetan eta hori bera salatuko dute arratsaldeko 17:30tan izanen den mobilizazioarekin. Honen inguruan Iru\u00f1eko Euskalgintzako kidea den Amaia Razkinekin solastu gara.<br \/><\/strong><\/p>\n<p>\u00a0<\/p>\n<p><strong>\u00a0<\/strong><\/p>\n<p><strong>Amaia Razkin<\/strong> <em>Irati Irratian <\/em><\/p>\n<p><!--StartFragment--><\/p>\n\n\n<figure class=\"wp-block-audio\"><audio controls src=\"http:\/\/iratiirratia.eus\/audio\/24-12-02AmaiaEuskalgintzaONA.mp3\"><\/audio><\/figure>\n\n\n\n<figure class=\"wp-block-image size-large\"><img data-attachment-id=\"21163\" data-permalink=\"https:\/\/iratiirratia.eus\/index.php\/2024\/12\/02\/haur-eskoletan-dagoen-euskarazko-eskaintza-eskasa-salatuko-du-iruneko-euskalgintzak-abenduaren-11n\/kartelaab11\/\" data-orig-file=\"https:\/\/i0.wp.com\/iratiirratia.eus\/wp-content\/uploads\/2024\/12\/kartelaab11.jpg?fit=905%2C1280&amp;ssl=1\" data-orig-size=\"905,1280\" data-comments-opened=\"1\" data-image-meta=\"{&quot;aperture&quot;:&quot;0&quot;,&quot;credit&quot;:&quot;&quot;,&quot;camera&quot;:&quot;&quot;,&quot;caption&quot;:&quot;&quot;,&quot;created_timestamp&quot;:&quot;0&quot;,&quot;copyright&quot;:&quot;&quot;,&quot;focal_length&quot;:&quot;0&quot;,&quot;iso&quot;:&quot;0&quot;,&quot;shutter_speed&quot;:&quot;0&quot;,&quot;title&quot;:&quot;&quot;,&quot;orientation&quot;:&quot;0&quot;}\" data-image-title=\"kartelaab11\" data-image-description=\"\" data-image-caption=\"\" data-medium-file=\"https:\/\/i0.wp.com\/iratiirratia.eus\/wp-content\/uploads\/2024\/12\/kartelaab11.jpg?fit=212%2C300&amp;ssl=1\" data-large-file=\"https:\/\/i0.wp.com\/iratiirratia.eus\/wp-content\/uploads\/2024\/12\/kartelaab11.jpg?fit=640%2C905&amp;ssl=1\" decoding=\"async\" loading=\"lazy\" width=\"640\" height=\"905\" src=\"https:\/\/i0.wp.com\/iratiirratia.eus\/wp-content\/uploads\/2024\/12\/kartelaab11.jpg?resize=640%2C905\" alt=\"\" class=\"wp-image-21163\" srcset=\"https:\/\/i0.wp.com\/iratiirratia.eus\/wp-content\/uploads\/2024\/12\/kartelaab11.jpg?resize=724%2C1024&amp;ssl=1 724w, https:\/\/i0.wp.com\/iratiirratia.eus\/wp-content\/uploads\/2024\/12\/kartelaab11.jpg?resize=212%2C300&amp;ssl=1 212w, https:\/\/i0.wp.com\/iratiirratia.eus\/wp-content\/uploads\/2024\/12\/kartelaab11.jpg?resize=768%2C1086&amp;ssl=1 768w, https:\/\/i0.wp.com\/iratiirratia.eus\/wp-content\/uploads\/2024\/12\/kartelaab11.jpg?resize=700%2C990&amp;ssl=1 700w, https:\/\/i0.wp.com\/iratiirratia.eus\/wp-content\/uploads\/2024\/12\/kartelaab11.jpg?w=905&amp;ssl=1 905w\" sizes=\"(max-width: 640px) 100vw, 640px\" data-recalc-dims=\"1\" \/><\/figure>\n\n\n\n<p>Prentsaurrekoaren bideoa (Ahotsa.info):<\/p>\n\n\n\n<figure class=\"wp-block-embed is-type-video is-provider-youtube wp-block-embed-youtube wp-embed-aspect-16-9 wp-has-aspect-ratio\"><div class=\"wp-block-embed__wrapper\">\n<span class=\"embed-youtube\" style=\"text-align:center; display: block;\"><iframe loading=\"lazy\" class=\"youtube-player\" width=\"640\" height=\"360\" src=\"https:\/\/www.youtube.com\/embed\/olCEFeSVPms?version=3&#038;rel=1&#038;showsearch=0&#038;showinfo=1&#038;iv_load_policy=1&#038;fs=1&#038;hl=eu&#038;autohide=2&#038;wmode=transparent\" allowfullscreen=\"true\" style=\"border:0;\" sandbox=\"allow-scripts allow-same-origin allow-popups allow-presentation allow-popups-to-escape-sandbox\"><\/iframe><\/span>\n<\/div><\/figure>\n","protected":false},"excerpt":{"rendered":"<p>Iru\u00f1eko Euskalgintzak nafar jendartea mobilizatzera deitu du datorren abenduaren 11n Iru\u00f1ean udalak egindako haur eskoletan euskarazko lerroaren eskaintza eskasa salatzeko. Udal gobernua aldatu arren ezer gutxi aldatu da alor honetan eta hori bera salatuko dute arratsaldeko 17:30tan izanen den mobilizazioarekin. Honen inguruan Iru\u00f1eko Euskalgintzako kidea den Amaia Razkinekin solastu gara. \u00a0 \u00a0 Amaia Razkin Irati [&hellip;]<\/p>\n","protected":false},"author":6,"featured_media":21164,"comment_status":"open","ping_status":"open","sticky":false,"template":"","format":"standard","meta":{"jetpack_post_was_ever_published":false,"_jetpack_newsletter_access":"","_jetpack_newsletter_tier_id":0,"jetpack_publicize_message":"","jetpack_is_tweetstorm":false,"jetpack_publicize_feature_enabled":true,"jetpack_social_post_already_shared":true,"jetpack_social_options":{"image_generator_settings":{"template":"highway","enabled":false}}},"categories":[2,6,59],"tags":[938,529,3073,1109,2479],"jetpack_publicize_connections":[],"jetpack_featured_media_url":"https:\/\/i0.wp.com\/iratiirratia.eus\/wp-content\/uploads\/2024\/12\/prentsaurreoa.jpg?fit=1280%2C960&ssl=1","jetpack_shortlink":"https:\/\/wp.me\/p7eaXY-5vk","jetpack_sharing_enabled":true,"jetpack-related-posts":[{"id":19906,"url":"https:\/\/iratiirratia.eus\/index.php\/2024\/05\/13\/haur-eskolak-euskaraz-edukitzeko-eskubidearen-aldeko-aldarriak-zeharkatuko-du-irunea-ostegunean\/","url_meta":{"origin":21162,"position":0},"title":"Haur Eskolak euskaraz edukitzeko eskubidearen aldeko aldarriak zeharkatuko du Iru\u00f1ea ostegunean.","author":"Eneko Villegas","date":"13 maiatza, 2024","format":false,"excerpt":"Iru\u00f1eko Euskalgintzak zabaldu zuen deia ostegun honetan Haur Eskolak Euskaraz izateko eskubidea defendatzeko. Beraiek deialdia eginda ere hainbat alor eta norbanakoek bat egin dute deialdiarekin sare sozialetan zabaldutako bideo baten bitartez. Gaur egun egoera latza da hizkuntz eskubide aldetik eskola bakarra baita euskara hutsean eta horrek nabarmenki kaltetzen ditu Iru\u00f1eko\u2026","rel":"","context":"In &quot;Berriak&quot;","block_context":{"text":"Berriak","link":"https:\/\/iratiirratia.eus\/index.php\/category\/berriak\/"},"img":{"alt_text":"","src":"https:\/\/i0.wp.com\/iratiirratia.eus\/wp-content\/uploads\/2024\/05\/M16Prentsa.jpeg?fit=1200%2C900&ssl=1&resize=350%2C200","width":350,"height":200,"srcset":"https:\/\/i0.wp.com\/iratiirratia.eus\/wp-content\/uploads\/2024\/05\/M16Prentsa.jpeg?fit=1200%2C900&ssl=1&resize=350%2C200 1x, https:\/\/i0.wp.com\/iratiirratia.eus\/wp-content\/uploads\/2024\/05\/M16Prentsa.jpeg?fit=1200%2C900&ssl=1&resize=525%2C300 1.5x, https:\/\/i0.wp.com\/iratiirratia.eus\/wp-content\/uploads\/2024\/05\/M16Prentsa.jpeg?fit=1200%2C900&ssl=1&resize=700%2C400 2x, https:\/\/i0.wp.com\/iratiirratia.eus\/wp-content\/uploads\/2024\/05\/M16Prentsa.jpeg?fit=1200%2C900&ssl=1&resize=1050%2C600 3x"},"classes":[]},{"id":15074,"url":"https:\/\/iratiirratia.eus\/index.php\/2020\/07\/10\/haur-eskolak-euskaraz-eskatzetik-eraikitzera\/","url_meta":{"origin":21162,"position":1},"title":"Haur eskolak euskaraz eskatzetik eraikitzera","author":"Irati Irratia","date":"10 uztaila, 2020","format":false,"excerpt":"Iru\u00f1eko udalak %70n jeitsi zituen Haur eskolak euskaraz artatzeko lekuak eta horrek hainbat haur kanpo geratzea suertatu zuen. Honen aurrean zenbait guraso Haur Eskolak Euskaraz egitasmoa jarri zuten abian. Egoera salatu zuten hasieran eta ikusita administrazioetatik ez zutela gauza handirik lortuko beraiek haur eskola eraikitzera eman zuten salto. Horretarako Crowdfundig\u2026","rel":"","context":"In &quot;Berriak&quot;","block_context":{"text":"Berriak","link":"https:\/\/iratiirratia.eus\/index.php\/category\/berriak\/"},"img":{"alt_text":"","src":"https:\/\/i0.wp.com\/iratiirratia.eus\/wp-content\/uploads\/2020\/07\/maxresdefault-e1594378439886.jpg?fit=1200%2C588&ssl=1&resize=350%2C200","width":350,"height":200,"srcset":"https:\/\/i0.wp.com\/iratiirratia.eus\/wp-content\/uploads\/2020\/07\/maxresdefault-e1594378439886.jpg?fit=1200%2C588&ssl=1&resize=350%2C200 1x, https:\/\/i0.wp.com\/iratiirratia.eus\/wp-content\/uploads\/2020\/07\/maxresdefault-e1594378439886.jpg?fit=1200%2C588&ssl=1&resize=525%2C300 1.5x, https:\/\/i0.wp.com\/iratiirratia.eus\/wp-content\/uploads\/2020\/07\/maxresdefault-e1594378439886.jpg?fit=1200%2C588&ssl=1&resize=700%2C400 2x, https:\/\/i0.wp.com\/iratiirratia.eus\/wp-content\/uploads\/2020\/07\/maxresdefault-e1594378439886.jpg?fit=1200%2C588&ssl=1&resize=1050%2C600 3x"},"classes":[]},{"id":15819,"url":"https:\/\/iratiirratia.eus\/index.php\/2021\/02\/12\/egun-on-aunamendi-irunerriko-haur-eskolak-borrokan-eta-erronkariko-konexioa\/","url_meta":{"origin":21162,"position":2},"title":"Egun On, Au\u00f1amendi! Iru\u00f1erriko Haur Eskolak borrokan eta Erronkariko konexioa","author":"Irati Irratia","date":"12 otsaila, 2021","format":false,"excerpt":"Gaurko saioa Iru\u00f1errian izaten ari den mobilizazio baten berri edukitzen hasi dugu. Haur Eskolen euskarazko eskaintzarne inguruko greba deialdia egin dute CCOO eta LABek. LABeko liberatua eta hezitzailea den Saioarekin izan gara hau lantzeko. Ondoren, Erronkarira joan gara Julian Gabasekin egotera. Izenburua: Otsailaren 12ko saioa Iraupena: 2:35 ordu Klikatu hemen\u2026","rel":"","context":"In &quot;Egun on, Au\u00f1amendi!&quot;","block_context":{"text":"Egun on, Au\u00f1amendi!","link":"https:\/\/iratiirratia.eus\/index.php\/category\/egunon-aunamendi\/"},"img":{"alt_text":"","src":"","width":0,"height":0},"classes":[]},{"id":15821,"url":"https:\/\/iratiirratia.eus\/index.php\/2021\/02\/12\/euskarafobiaren-kontra-haur-eskolak-borrokan\/","url_meta":{"origin":21162,"position":3},"title":"Euskarafobiaren kontra haur eskolak borrokan","author":"Irati Irratia","date":"12 otsaila, 2021","format":false,"excerpt":"Etengabeko erasoak jasaten ari du Euskarak Iru\u00f1eako udalaren partetik, batez ere, haur eskolen ereduei dagokionez. Plaza kopurua gutxitu eskaera nabarmen igo bada ere, ingeleseko edukiak sartzea inolako kontrasteak egin gabe,... Honen aurrean Iru\u00f1erriko Haur eskolak lanean jarri dira eta gaurkoan Greba deialdia egina dute. Honen inguruan LAB sindikatuko Saioarekin izan\u2026","rel":"","context":"In &quot;Berriak&quot;","block_context":{"text":"Berriak","link":"https:\/\/iratiirratia.eus\/index.php\/category\/berriak\/"},"img":{"alt_text":"","src":"https:\/\/i0.wp.com\/iratiirratia.eus\/wp-content\/uploads\/2021\/02\/WhatsApp-Image-2021-02-11-at-18.19.27.jpeg?fit=720%2C542&ssl=1&resize=350%2C200","width":350,"height":200,"srcset":"https:\/\/i0.wp.com\/iratiirratia.eus\/wp-content\/uploads\/2021\/02\/WhatsApp-Image-2021-02-11-at-18.19.27.jpeg?fit=720%2C542&ssl=1&resize=350%2C200 1x, https:\/\/i0.wp.com\/iratiirratia.eus\/wp-content\/uploads\/2021\/02\/WhatsApp-Image-2021-02-11-at-18.19.27.jpeg?fit=720%2C542&ssl=1&resize=525%2C300 1.5x, https:\/\/i0.wp.com\/iratiirratia.eus\/wp-content\/uploads\/2021\/02\/WhatsApp-Image-2021-02-11-at-18.19.27.jpeg?fit=720%2C542&ssl=1&resize=700%2C400 2x"},"classes":[]},{"id":16329,"url":"https:\/\/iratiirratia.eus\/index.php\/2021\/07\/01\/egun-on-aunamendi-maria-txibiteri-gutuna-genero-indarkeriaren-inguruko-protokoloa-eta-euskalgintza-kontseiluaren-manifestazioa\/","url_meta":{"origin":21162,"position":4},"title":"Egun On, Au\u00f1amendi! Maria Txibiteri gutuna, Genero indarkeriaren inguruko protokoloa eta Euskalgintza Kontseiluaren manifestazioa","author":"Irati Irratia","date":"1 uztaila, 2021","format":false,"excerpt":"Gaurko saioa Xanti Begiristain lagunaren kolaborazioarekin hasi dugu. Gaurkoan euskararekiko duen jarrera salatuz Maria Txibite Nabaskoizeri bidali dio gutuna. Ondoren, Au\u00f1amendi Gizarte Zerbitzuen Mankomunitateko lehendakaria den Nekane Nu\u00f1o izan dugu atzokoan aurkeztu zen genero indarkeriaren inguruko protokoloa aurkezten. Bukatzeko, Euskalgintzaren Kontseiluko kide den Paul Bilbao izan dugu biharko mobilizazioaren inguruan\u2026","rel":"","context":"In &quot;Egun on, Au\u00f1amendi!&quot;","block_context":{"text":"Egun on, Au\u00f1amendi!","link":"https:\/\/iratiirratia.eus\/index.php\/category\/egunon-aunamendi\/"},"img":{"alt_text":"","src":"","width":0,"height":0},"classes":[]},{"id":21396,"url":"https:\/\/iratiirratia.eus\/index.php\/2025\/01\/23\/aroztegiaren-kontra-agertutako-ekintzaileen-kontrako-kriminalizazioa-salatu-eta-lurraren-defentsa-aldarrikatzeko-mobilizazio-nazionala-izanen-da-otsailaren-1ean-irunean\/","url_meta":{"origin":21162,"position":5},"title":"Aroztegiaren kontra agertutako ekintzaileen kontrako kriminalizazioa salatu eta lurraren defentsa aldarrikatzeko mobilizazio nazionala izanen da otsailaren 1ean Iru\u00f1ean","author":"Eneko Villegas","date":"23 urtarrila, 2025","format":false,"excerpt":"Deialdia auzipetuek egin badute ere 140 elkarte, kolektibo, sindikatu eta alderdien babesa jaso dute eta mobilizazio nazionala deitu dute \"Lurraren defentsan, kriminalizaziorik ez! Aroztegia gelditu!\" lemapean. Aroztegia Lekaroz herrian egin izan nahi den luxuzko proiektu urbanistikoa da zeina 2003an du bere jatorria. Bertan, hotela, golf zelaia eta unifamiliarrak eraikitzea aurreikusten\u2026","rel":"","context":"In &quot;Berriak&quot;","block_context":{"text":"Berriak","link":"https:\/\/iratiirratia.eus\/index.php\/category\/berriak\/"},"img":{"alt_text":"","src":"https:\/\/i0.wp.com\/iratiirratia.eus\/wp-content\/uploads\/2025\/01\/AroztegiaKrimPrentsa.jpg?fit=1024%2C766&ssl=1&resize=350%2C200","width":350,"height":200,"srcset":"https:\/\/i0.wp.com\/iratiirratia.eus\/wp-content\/uploads\/2025\/01\/AroztegiaKrimPrentsa.jpg?fit=1024%2C766&ssl=1&resize=350%2C200 1x, https:\/\/i0.wp.com\/iratiirratia.eus\/wp-content\/uploads\/2025\/01\/AroztegiaKrimPrentsa.jpg?fit=1024%2C766&ssl=1&resize=525%2C300 1.5x, https:\/\/i0.wp.com\/iratiirratia.eus\/wp-content\/uploads\/2025\/01\/AroztegiaKrimPrentsa.jpg?fit=1024%2C766&ssl=1&resize=700%2C400 2x"},"classes":[]}],"_links":{"self":[{"href":"https:\/\/iratiirratia.eus\/index.php\/wp-json\/wp\/v2\/posts\/21162"}],"collection":[{"href":"https:\/\/iratiirratia.eus\/index.php\/wp-json\/wp\/v2\/posts"}],"about":[{"href":"https:\/\/iratiirratia.eus\/index.php\/wp-json\/wp\/v2\/types\/post"}],"author":[{"embeddable":true,"href":"https:\/\/iratiirratia.eus\/index.php\/wp-json\/wp\/v2\/users\/6"}],"replies":[{"embeddable":true,"href":"https:\/\/iratiirratia.eus\/index.php\/wp-json\/wp\/v2\/comments?post=21162"}],"version-history":[{"count":1,"href":"https:\/\/iratiirratia.eus\/index.php\/wp-json\/wp\/v2\/posts\/21162\/revisions"}],"predecessor-version":[{"id":21165,"href":"https:\/\/iratiirratia.eus\/index.php\/wp-json\/wp\/v2\/posts\/21162\/revisions\/21165"}],"wp:featuredmedia":[{"embeddable":true,"href":"https:\/\/iratiirratia.eus\/index.php\/wp-json\/wp\/v2\/media\/21164"}],"wp:attachment":[{"href":"https:\/\/iratiirratia.eus\/index.php\/wp-json\/wp\/v2\/media?parent=21162"}],"wp:term":[{"taxonomy":"category","embeddable":true,"href":"https:\/\/iratiirratia.eus\/index.php\/wp-json\/wp\/v2\/categories?post=21162"},{"taxonomy":"post_tag","embeddable":true,"href":"https:\/\/iratiirratia.eus\/index.php\/wp-json\/wp\/v2\/tags?post=21162"}],"curies":[{"name":"wp","href":"https:\/\/api.w.org\/{rel}","templated":true}]}}