{"id":21169,"date":"2024-12-04T15:23:36","date_gmt":"2024-12-04T14:23:36","guid":{"rendered":"http:\/\/iratiirratia.eus\/?p=21169"},"modified":"2024-12-04T15:29:41","modified_gmt":"2024-12-04T14:29:41","slug":"ostirala-honetan-estreinatuko-da-zaraitzueraz-egindako-uxina-laburmetraia-ezkarozen","status":"publish","type":"post","link":"https:\/\/iratiirratia.eus\/index.php\/2024\/12\/04\/ostirala-honetan-estreinatuko-da-zaraitzueraz-egindako-uxina-laburmetraia-ezkarozen\/","title":{"rendered":"Ostirala honetan estreinatuko da zaraitzueraz egindako Uxina laburmetraia Ezkarozen"},"content":{"rendered":"<p><strong>1894an egokitutako Ainari talde baten istorioa barnebiltzen du Uxina laburmetraia. Luzia Ezkerrek gidatutako filma honek emakume talde batek otsailean Pirinioak zeharkatzean gertatutakoa izan du hizpide, bertan jasoz zerk eraman zituen holako erabaki bat hartzera. Urtebete eman dute lana ekoizten eta Ingurumen Zine Zikloaren baitan estreinatuko dute ostirala honetan. Hori aprobetxatuz Luzia Ezker zuzendariarekin izan gara eta berak primizian adierazi digu lana zaraitzueraz grabatu izan dutela. Etxean izanen du estreinaldia eta horrek akaso gehiago urduritzen duela komentatu digu Luziak.<br \/><\/strong><\/p>\n<p>\u00a0<\/p>\n<p><strong>Informazio gehiago : <a href=\"https:\/\/www.navarrafilmindustry.com\/eu\/producciones\/uxina\/\">Uxina Enbuensitio ekoiztetxea<\/a><br \/><\/strong><\/p>\n<p><strong>\u00a0<\/strong><\/p>\n<p><strong>Luzia Ezker<\/strong> <em>Irati Irratian <\/em><\/p>\n<p><!--StartFragment--><\/p>\n\n\n<figure class=\"wp-block-audio\"><audio controls src=\"http:\/\/iratiirratia.eus\/audio\/24-12-04LuziaUxina.mp3\"><\/audio><\/figure>\n\n\n\n<figure class=\"wp-block-image size-large\"><img data-attachment-id=\"21170\" data-permalink=\"https:\/\/iratiirratia.eus\/index.php\/2024\/12\/04\/ostirala-honetan-estreinatuko-da-zaraitzueraz-egindako-uxina-laburmetraia-ezkarozen\/uxinakartela\/\" data-orig-file=\"https:\/\/i0.wp.com\/iratiirratia.eus\/wp-content\/uploads\/2024\/12\/UxinaKartela.jpeg?fit=1144%2C1600&amp;ssl=1\" data-orig-size=\"1144,1600\" data-comments-opened=\"1\" data-image-meta=\"{&quot;aperture&quot;:&quot;0&quot;,&quot;credit&quot;:&quot;&quot;,&quot;camera&quot;:&quot;&quot;,&quot;caption&quot;:&quot;&quot;,&quot;created_timestamp&quot;:&quot;0&quot;,&quot;copyright&quot;:&quot;&quot;,&quot;focal_length&quot;:&quot;0&quot;,&quot;iso&quot;:&quot;0&quot;,&quot;shutter_speed&quot;:&quot;0&quot;,&quot;title&quot;:&quot;&quot;,&quot;orientation&quot;:&quot;0&quot;}\" data-image-title=\"UxinaKartela\" data-image-description=\"\" data-image-caption=\"\" data-medium-file=\"https:\/\/i0.wp.com\/iratiirratia.eus\/wp-content\/uploads\/2024\/12\/UxinaKartela.jpeg?fit=215%2C300&amp;ssl=1\" data-large-file=\"https:\/\/i0.wp.com\/iratiirratia.eus\/wp-content\/uploads\/2024\/12\/UxinaKartela.jpeg?fit=640%2C895&amp;ssl=1\" decoding=\"async\" loading=\"lazy\" width=\"640\" height=\"895\" src=\"https:\/\/i0.wp.com\/iratiirratia.eus\/wp-content\/uploads\/2024\/12\/UxinaKartela.jpeg?resize=640%2C895\" alt=\"\" class=\"wp-image-21170\" srcset=\"https:\/\/i0.wp.com\/iratiirratia.eus\/wp-content\/uploads\/2024\/12\/UxinaKartela.jpeg?resize=732%2C1024&amp;ssl=1 732w, https:\/\/i0.wp.com\/iratiirratia.eus\/wp-content\/uploads\/2024\/12\/UxinaKartela.jpeg?resize=215%2C300&amp;ssl=1 215w, https:\/\/i0.wp.com\/iratiirratia.eus\/wp-content\/uploads\/2024\/12\/UxinaKartela.jpeg?resize=768%2C1074&amp;ssl=1 768w, https:\/\/i0.wp.com\/iratiirratia.eus\/wp-content\/uploads\/2024\/12\/UxinaKartela.jpeg?resize=1098%2C1536&amp;ssl=1 1098w, https:\/\/i0.wp.com\/iratiirratia.eus\/wp-content\/uploads\/2024\/12\/UxinaKartela.jpeg?resize=700%2C979&amp;ssl=1 700w, https:\/\/i0.wp.com\/iratiirratia.eus\/wp-content\/uploads\/2024\/12\/UxinaKartela.jpeg?w=1144&amp;ssl=1 1144w\" sizes=\"(max-width: 640px) 100vw, 640px\" data-recalc-dims=\"1\" \/><\/figure>\n\n\n\n<p>Uxinaren trailerra:<\/p>\n\n\n<p><iframe loading=\"lazy\" title=\"vimeo-player\" src=\"https:\/\/player.vimeo.com\/video\/1009085414?h=2cae7d5328\" width=\"640\" height=\"360\" frameborder=\"0\" allowfullscreen=\"allowfullscreen\"><\/iframe><\/p>","protected":false},"excerpt":{"rendered":"<p>1894an egokitutako Ainari talde baten istorioa barnebiltzen du Uxina laburmetraia. Luzia Ezkerrek gidatutako filma honek emakume talde batek otsailean Pirinioak zeharkatzean gertatutakoa izan du hizpide, bertan jasoz zerk eraman zituen holako erabaki bat hartzera. Urtebete eman dute lana ekoizten eta Ingurumen Zine Zikloaren baitan estreinatuko dute ostirala honetan. Hori aprobetxatuz Luzia Ezker zuzendariarekin izan gara [&hellip;]<\/p>\n","protected":false},"author":6,"featured_media":21171,"comment_status":"open","ping_status":"open","sticky":false,"template":"","format":"standard","meta":{"jetpack_post_was_ever_published":false,"_jetpack_newsletter_access":"","_jetpack_newsletter_tier_id":0,"jetpack_publicize_message":"","jetpack_is_tweetstorm":false,"jetpack_publicize_feature_enabled":true,"jetpack_social_post_already_shared":true,"jetpack_social_options":{"image_generator_settings":{"template":"highway","enabled":false}}},"categories":[2,6,59,608,111],"tags":[2659,174,96,1129,2446,2762,113,360],"jetpack_publicize_connections":[],"jetpack_featured_media_url":"https:\/\/i0.wp.com\/iratiirratia.eus\/wp-content\/uploads\/2024\/12\/UXINA-2048x1152-1.jpg?fit=2048%2C1152&ssl=1","jetpack_shortlink":"https:\/\/wp.me\/p7eaXY-5vr","jetpack_sharing_enabled":true,"jetpack-related-posts":[{"id":19251,"url":"https:\/\/iratiirratia.eus\/index.php\/2023\/11\/15\/enarak-ainariak-harrapatutako-uxina-pantailetara-eramanen-du-luzia-ezkerrek\/","url_meta":{"origin":21169,"position":0},"title":"Enarak\/Ainariak harrapatutako Uxina pantailetara eramanen du Luzia Ezkerrek","author":"Irati Irratia","date":"15 azaroa, 2023","format":false,"excerpt":"Pasa den astean heldu zitzaigun kasting baterako deialdia zegoela zonaldean, 16 eta 45 urte bitarteko emakumeei zuzendua. Kasting hori Luzia Ezkerrek gidatuko duen Uxina proiektuarendako da eta azaroaren 22an aurkezteko epea duzue. Hau aitzakitzat hartuta proiektua ezagutzeko parada hartu dugu Luzia berarekin. Azaldu digunez XIX. mende amaieran Ainariekin gertatutako pasarte\u2026","rel":"","context":"In &quot;Berriak&quot;","block_context":{"text":"Berriak","link":"https:\/\/iratiirratia.eus\/index.php\/category\/berriak\/"},"img":{"alt_text":"","src":"https:\/\/i0.wp.com\/iratiirratia.eus\/wp-content\/uploads\/2023\/11\/uxina-1.jpg?fit=1080%2C1080&ssl=1&resize=350%2C200","width":350,"height":200,"srcset":"https:\/\/i0.wp.com\/iratiirratia.eus\/wp-content\/uploads\/2023\/11\/uxina-1.jpg?fit=1080%2C1080&ssl=1&resize=350%2C200 1x, https:\/\/i0.wp.com\/iratiirratia.eus\/wp-content\/uploads\/2023\/11\/uxina-1.jpg?fit=1080%2C1080&ssl=1&resize=525%2C300 1.5x, https:\/\/i0.wp.com\/iratiirratia.eus\/wp-content\/uploads\/2023\/11\/uxina-1.jpg?fit=1080%2C1080&ssl=1&resize=700%2C400 2x, https:\/\/i0.wp.com\/iratiirratia.eus\/wp-content\/uploads\/2023\/11\/uxina-1.jpg?fit=1080%2C1080&ssl=1&resize=1050%2C600 3x"},"classes":[]},{"id":18486,"url":"https:\/\/iratiirratia.eus\/index.php\/2023\/05\/19\/kolektiboki-trapu-zikinak-garbitzearen-ideia-antzerki-eginda\/","url_meta":{"origin":21169,"position":1},"title":"Kolektiboki trapu zikinak garbitzearen ideia antzerki eginda","author":"Irati Irratia","date":"19 maiatza, 2023","format":false,"excerpt":"Oiartzun sortu zuten Lore More konpainiakoak Trapu Zikinak antzezlana Udalbiltzaren Geuretik Sortuak ekimenaren baitan. Konpainia Maialen Diazek eta Mikele Urrozek sortu zuten eta gero batu zaizkie Laura Villanueva eta Luzia Ezker. Garai batean garbitokian arropak garbitzea nolakoa izan behar zen erakusten dute betiere gaurkotasun puntu bat emanez. Luzia Ezkerrekin izan\u2026","rel":"","context":"In &quot;Aezkoa&quot;","block_context":{"text":"Aezkoa","link":"https:\/\/iratiirratia.eus\/index.php\/category\/aezkoa\/"},"img":{"alt_text":"","src":"https:\/\/i0.wp.com\/iratiirratia.eus\/wp-content\/uploads\/2023\/05\/Imagen-de-WhatsApp-2023-05-18-a-las-09.11.13-1-e1684492409273.jpg?fit=1131%2C873&ssl=1&resize=350%2C200","width":350,"height":200,"srcset":"https:\/\/i0.wp.com\/iratiirratia.eus\/wp-content\/uploads\/2023\/05\/Imagen-de-WhatsApp-2023-05-18-a-las-09.11.13-1-e1684492409273.jpg?fit=1131%2C873&ssl=1&resize=350%2C200 1x, https:\/\/i0.wp.com\/iratiirratia.eus\/wp-content\/uploads\/2023\/05\/Imagen-de-WhatsApp-2023-05-18-a-las-09.11.13-1-e1684492409273.jpg?fit=1131%2C873&ssl=1&resize=525%2C300 1.5x, https:\/\/i0.wp.com\/iratiirratia.eus\/wp-content\/uploads\/2023\/05\/Imagen-de-WhatsApp-2023-05-18-a-las-09.11.13-1-e1684492409273.jpg?fit=1131%2C873&ssl=1&resize=700%2C400 2x, https:\/\/i0.wp.com\/iratiirratia.eus\/wp-content\/uploads\/2023\/05\/Imagen-de-WhatsApp-2023-05-18-a-las-09.11.13-1-e1684492409273.jpg?fit=1131%2C873&ssl=1&resize=1050%2C600 3x"},"classes":[]},{"id":17929,"url":"https:\/\/iratiirratia.eus\/index.php\/2022\/11\/25\/gaur-estreinatuko-da-zinemetan-ainarak-pelikula\/","url_meta":{"origin":21169,"position":2},"title":"Gaur estreinatuko da zinemetan Ainarak pelikula","author":"Irati Irratia","date":"25 azaroa, 2022","format":false,"excerpt":"Garai bateko ainarien bizimodua du oinarri Juan San Martin eta Ritxi Lizartzak gidatutako filma honek. Anne Etchegoyen da bertako protagonista eta erakusten du zer nolako bizimodua zeramaten Erronkari, Zaraitzu eta Ansotik Maule aldera espartinak egitera joaten ziren emakume gazteak. Filmaz solasean Ritxi Lizartzarekin izan gara gaurkoan. Estreinaldia Golem zinemetan izanen\u2026","rel":"","context":"In &quot;Berriak&quot;","block_context":{"text":"Berriak","link":"https:\/\/iratiirratia.eus\/index.php\/category\/berriak\/"},"img":{"alt_text":"","src":"https:\/\/i0.wp.com\/iratiirratia.eus\/wp-content\/uploads\/2022\/11\/WhatsApp-Image-2022-11-16-at-12.09.20-1-e1669379594538.jpeg?fit=1128%2C1200&ssl=1&resize=350%2C200","width":350,"height":200,"srcset":"https:\/\/i0.wp.com\/iratiirratia.eus\/wp-content\/uploads\/2022\/11\/WhatsApp-Image-2022-11-16-at-12.09.20-1-e1669379594538.jpeg?fit=1128%2C1200&ssl=1&resize=350%2C200 1x, https:\/\/i0.wp.com\/iratiirratia.eus\/wp-content\/uploads\/2022\/11\/WhatsApp-Image-2022-11-16-at-12.09.20-1-e1669379594538.jpeg?fit=1128%2C1200&ssl=1&resize=525%2C300 1.5x, https:\/\/i0.wp.com\/iratiirratia.eus\/wp-content\/uploads\/2022\/11\/WhatsApp-Image-2022-11-16-at-12.09.20-1-e1669379594538.jpeg?fit=1128%2C1200&ssl=1&resize=700%2C400 2x, https:\/\/i0.wp.com\/iratiirratia.eus\/wp-content\/uploads\/2022\/11\/WhatsApp-Image-2022-11-16-at-12.09.20-1-e1669379594538.jpeg?fit=1128%2C1200&ssl=1&resize=1050%2C600 3x"},"classes":[]},{"id":4918,"url":"https:\/\/iratiirratia.eus\/index.php\/2014\/05\/22\/piriniotik-europari-so-izquierda-ezkerra\/","url_meta":{"origin":21169,"position":3},"title":"Piriniotik Europari so (Izquierda-Ezkerra)","author":"Irati Irratia","date":"22 maiatza, 2014","format":false,"excerpt":"Izenburua: Piriniotik Europari so (Izquierda-Ezkerra) Iraupena: 0:21 min Klikatu hemen saioa jaisteko [audio:http:\/\/iratiirratia.net\/audio\/4izquierda_ezkerra.mp3|titles=Egun on, Au\u00f1amendi! 14-05-22]","rel":"","context":"In &quot;Egun on, Au\u00f1amendi!&quot;","block_context":{"text":"Egun on, Au\u00f1amendi!","link":"https:\/\/iratiirratia.eus\/index.php\/category\/egunon-aunamendi\/"},"img":{"alt_text":"","src":"","width":0,"height":0},"classes":[]},{"id":5904,"url":"https:\/\/iratiirratia.eus\/index.php\/2015\/05\/13\/m24-nafarroa-joseba-eceolaza-izquierda-ezkerra\/","url_meta":{"origin":21169,"position":4},"title":"M24-Nafarroa: Joseba Eceolaza (Izquierda-Ezkerra)","author":"Irati Irratia","date":"13 maiatza, 2015","format":false,"excerpt":"Izenburua: Joseba Eceolaza (Izquierda-Ezkerra) Iraupena: 0:30 ordu Klikatu hemen saioa jaisteko [audio:http:\/\/iratiirratia.eus\/audio\/ezkerra.mp3|titles=Joseba Eceolaza (Izquierda-Ezkerra)]","rel":"","context":"In &quot;Elkarrizketak&quot;","block_context":{"text":"Elkarrizketak","link":"https:\/\/iratiirratia.eus\/index.php\/category\/elkarrizketak\/"},"img":{"alt_text":"","src":"","width":0,"height":0},"classes":[]},{"id":22788,"url":"https:\/\/iratiirratia.eus\/index.php\/2025\/10\/23\/harrera-elkartearen-aurkezpena-izanen-da-ostirala-honetan-idarrotxi-gaztetxean\/","url_meta":{"origin":21169,"position":5},"title":"Harrera elkartearen aurkezpena izanen da ostirala honetan Idarrotxi Gaztetxean","author":"Eneko Villegas","date":"23 urria, 2025","format":false,"excerpt":"Harrera elkarteak euskal preso, iheslari eta deportatuei etxeratze duina bat eskaintzeko laguntza elkartea dugu. Egoerak bultzatuta geroz eta behar gehiago sortu dira prozesu honetan eta horretarako bidelagunak izanen diren bazkideak bilatzen dabiltza, hor jarri zuten abian 5000 baietz kanpaina eta jadanik 4000tik gora bazkidek eman dute izena. Ez hori bakarrik,\u2026","rel":"","context":"In &quot;Berriak&quot;","block_context":{"text":"Berriak","link":"https:\/\/iratiirratia.eus\/index.php\/category\/berriak\/"},"img":{"alt_text":"","src":"https:\/\/i0.wp.com\/iratiirratia.eus\/wp-content\/uploads\/2025\/10\/harreralogo.png?fit=1200%2C448&ssl=1&resize=350%2C200","width":350,"height":200,"srcset":"https:\/\/i0.wp.com\/iratiirratia.eus\/wp-content\/uploads\/2025\/10\/harreralogo.png?fit=1200%2C448&ssl=1&resize=350%2C200 1x, https:\/\/i0.wp.com\/iratiirratia.eus\/wp-content\/uploads\/2025\/10\/harreralogo.png?fit=1200%2C448&ssl=1&resize=525%2C300 1.5x, https:\/\/i0.wp.com\/iratiirratia.eus\/wp-content\/uploads\/2025\/10\/harreralogo.png?fit=1200%2C448&ssl=1&resize=700%2C400 2x, https:\/\/i0.wp.com\/iratiirratia.eus\/wp-content\/uploads\/2025\/10\/harreralogo.png?fit=1200%2C448&ssl=1&resize=1050%2C600 3x"},"classes":[]}],"_links":{"self":[{"href":"https:\/\/iratiirratia.eus\/index.php\/wp-json\/wp\/v2\/posts\/21169"}],"collection":[{"href":"https:\/\/iratiirratia.eus\/index.php\/wp-json\/wp\/v2\/posts"}],"about":[{"href":"https:\/\/iratiirratia.eus\/index.php\/wp-json\/wp\/v2\/types\/post"}],"author":[{"embeddable":true,"href":"https:\/\/iratiirratia.eus\/index.php\/wp-json\/wp\/v2\/users\/6"}],"replies":[{"embeddable":true,"href":"https:\/\/iratiirratia.eus\/index.php\/wp-json\/wp\/v2\/comments?post=21169"}],"version-history":[{"count":3,"href":"https:\/\/iratiirratia.eus\/index.php\/wp-json\/wp\/v2\/posts\/21169\/revisions"}],"predecessor-version":[{"id":21174,"href":"https:\/\/iratiirratia.eus\/index.php\/wp-json\/wp\/v2\/posts\/21169\/revisions\/21174"}],"wp:featuredmedia":[{"embeddable":true,"href":"https:\/\/iratiirratia.eus\/index.php\/wp-json\/wp\/v2\/media\/21171"}],"wp:attachment":[{"href":"https:\/\/iratiirratia.eus\/index.php\/wp-json\/wp\/v2\/media?parent=21169"}],"wp:term":[{"taxonomy":"category","embeddable":true,"href":"https:\/\/iratiirratia.eus\/index.php\/wp-json\/wp\/v2\/categories?post=21169"},{"taxonomy":"post_tag","embeddable":true,"href":"https:\/\/iratiirratia.eus\/index.php\/wp-json\/wp\/v2\/tags?post=21169"}],"curies":[{"name":"wp","href":"https:\/\/api.w.org\/{rel}","templated":true}]}}