{"id":21178,"date":"2024-12-04T15:48:38","date_gmt":"2024-12-04T14:48:38","guid":{"rendered":"http:\/\/iratiirratia.eus\/?p=21178"},"modified":"2024-12-04T15:48:38","modified_gmt":"2024-12-04T14:48:38","slug":"lakabe-elorrio-eta-iruneatik-pasako-da-escamot-jaialdi-ibiltaria","status":"publish","type":"post","link":"https:\/\/iratiirratia.eus\/index.php\/2024\/12\/04\/lakabe-elorrio-eta-iruneatik-pasako-da-escamot-jaialdi-ibiltaria\/","title":{"rendered":"Lakabe, Elorrio eta Iru\u00f1eatik pasako da Escamot jaialdi ibiltaria"},"content":{"rendered":"<p><strong>Escamot jaialdi ibiltaria 10 urte beteko ditu aurten. Hainbat musikarik Euskal Herria eta Katalunia batzeko modu herrikoia bilatzen aritu ziren eta holan sortu zen Escamot jaialdia, musika eta dantza oinarri dituena. Urte batzuk dira ere gurera, hau da, Lakabera etortzen direla eta aurten ere hala izanen da, abenduaren 6an Lakaben jaialdia dantzaldi eta kantaldi parte-hartzaile bat bultzatuz. Ondoren, Elorrio eta Iru\u00f1eara igaroko da jaialdia bere helburua lortu nahiean. Hau guztiaz solastu gara jaialdiaren antolaketan dabilen Mikel Juaniz lagunarekin.<br \/><\/strong><\/p>\n<p>\u00a0<\/p>\n<p>\u00a0<\/p>\n<p><strong>\u00a0<\/strong><\/p>\n<p><strong>Mikel Juaniz<\/strong> <em>Irati Irratian <\/em><\/p>\n<p><!--StartFragment--><\/p>\n\n\n<figure class=\"wp-block-audio\"><audio controls src=\"http:\/\/iratiirratia.eus\/audio\/24-12-04MikelEscamot.mp3\"><\/audio><\/figure>\n\n\n\n<figure class=\"wp-block-image size-full\"><img data-attachment-id=\"21179\" data-permalink=\"https:\/\/iratiirratia.eus\/index.php\/2024\/12\/04\/lakabe-elorrio-eta-iruneatik-pasako-da-escamot-jaialdi-ibiltaria\/escamotab6lakabe\/\" data-orig-file=\"https:\/\/i0.wp.com\/iratiirratia.eus\/wp-content\/uploads\/2024\/12\/EscamotAb6Lakabe.jpg?fit=749%2C746&amp;ssl=1\" data-orig-size=\"749,746\" data-comments-opened=\"1\" data-image-meta=\"{&quot;aperture&quot;:&quot;0&quot;,&quot;credit&quot;:&quot;&quot;,&quot;camera&quot;:&quot;&quot;,&quot;caption&quot;:&quot;&quot;,&quot;created_timestamp&quot;:&quot;0&quot;,&quot;copyright&quot;:&quot;&quot;,&quot;focal_length&quot;:&quot;0&quot;,&quot;iso&quot;:&quot;0&quot;,&quot;shutter_speed&quot;:&quot;0&quot;,&quot;title&quot;:&quot;&quot;,&quot;orientation&quot;:&quot;0&quot;}\" data-image-title=\"EscamotAb6Lakabe\" data-image-description=\"\" data-image-caption=\"\" data-medium-file=\"https:\/\/i0.wp.com\/iratiirratia.eus\/wp-content\/uploads\/2024\/12\/EscamotAb6Lakabe.jpg?fit=300%2C300&amp;ssl=1\" data-large-file=\"https:\/\/i0.wp.com\/iratiirratia.eus\/wp-content\/uploads\/2024\/12\/EscamotAb6Lakabe.jpg?fit=640%2C637&amp;ssl=1\" decoding=\"async\" loading=\"lazy\" width=\"640\" height=\"637\" src=\"https:\/\/i0.wp.com\/iratiirratia.eus\/wp-content\/uploads\/2024\/12\/EscamotAb6Lakabe.jpg?resize=640%2C637\" alt=\"\" class=\"wp-image-21179\" srcset=\"https:\/\/i0.wp.com\/iratiirratia.eus\/wp-content\/uploads\/2024\/12\/EscamotAb6Lakabe.jpg?w=749&amp;ssl=1 749w, https:\/\/i0.wp.com\/iratiirratia.eus\/wp-content\/uploads\/2024\/12\/EscamotAb6Lakabe.jpg?resize=300%2C300&amp;ssl=1 300w, https:\/\/i0.wp.com\/iratiirratia.eus\/wp-content\/uploads\/2024\/12\/EscamotAb6Lakabe.jpg?resize=150%2C150&amp;ssl=1 150w, https:\/\/i0.wp.com\/iratiirratia.eus\/wp-content\/uploads\/2024\/12\/EscamotAb6Lakabe.jpg?resize=700%2C697&amp;ssl=1 700w\" sizes=\"(max-width: 640px) 100vw, 640px\" data-recalc-dims=\"1\" \/><\/figure>\n\n\n\n<p><\/p>\n","protected":false},"excerpt":{"rendered":"<p>Escamot jaialdi ibiltaria 10 urte beteko ditu aurten. Hainbat musikarik Euskal Herria eta Katalunia batzeko modu herrikoia bilatzen aritu ziren eta holan sortu zen Escamot jaialdia, musika eta dantza oinarri dituena. Urte batzuk dira ere gurera, hau da, Lakabera etortzen direla eta aurten ere hala izanen da, abenduaren 6an Lakaben jaialdia dantzaldi eta kantaldi parte-hartzaile [&hellip;]<\/p>\n","protected":false},"author":6,"featured_media":21180,"comment_status":"open","ping_status":"open","sticky":false,"template":"","format":"standard","meta":{"jetpack_post_was_ever_published":false,"_jetpack_newsletter_access":"","_jetpack_newsletter_tier_id":0,"jetpack_publicize_message":"","jetpack_is_tweetstorm":false,"jetpack_publicize_feature_enabled":true,"jetpack_social_post_already_shared":true,"jetpack_social_options":{"image_generator_settings":{"template":"highway","enabled":false}}},"categories":[1629,6,608],"tags":[2192,3455,216,3456],"jetpack_publicize_connections":[],"jetpack_featured_media_url":"https:\/\/i0.wp.com\/iratiirratia.eus\/wp-content\/uploads\/2024\/12\/EscamotAb6portada.jpg?fit=749%2C748&ssl=1","jetpack_shortlink":"https:\/\/wp.me\/p7eaXY-5vA","jetpack_sharing_enabled":true,"jetpack-related-posts":[{"id":16363,"url":"https:\/\/iratiirratia.eus\/index.php\/2021\/07\/09\/mendia-eta-musika-bat-eginik-urmugan\/","url_meta":{"origin":21178,"position":0},"title":"Mendia eta musika bat eginik Urmugan","author":"Irati Irratia","date":"9 uztaila, 2021","format":false,"excerpt":"Uztailaren 13an hasi eta 31a arte mendebaldetik ekialdera zeharkatuko du Euskal Herria Urmuga jaialdia. Mendia eta Musika bateratu nahi dituen jaialdi ibiltaria dugu eta gurean zenbait egunetan izanen dugu. Iaz egin bezala aurten Miguel Zeberiorekin egoteko parada hartu dugu aurtengo edizioa errepasatzeko asmoz. Informazioa eta sarrerak Urmuga webgunean \u00a0 \u00a0\u2026","rel":"","context":"In &quot;Berriak&quot;","block_context":{"text":"Berriak","link":"https:\/\/iratiirratia.eus\/index.php\/category\/berriak\/"},"img":{"alt_text":"","src":"https:\/\/i0.wp.com\/iratiirratia.eus\/wp-content\/uploads\/2021\/07\/Conciertos-Urmuga-2021-kontzertuak.jpg?resize=350%2C200&ssl=1","width":350,"height":200,"srcset":"https:\/\/i0.wp.com\/iratiirratia.eus\/wp-content\/uploads\/2021\/07\/Conciertos-Urmuga-2021-kontzertuak.jpg?resize=350%2C200&ssl=1 1x, https:\/\/i0.wp.com\/iratiirratia.eus\/wp-content\/uploads\/2021\/07\/Conciertos-Urmuga-2021-kontzertuak.jpg?resize=525%2C300&ssl=1 1.5x, https:\/\/i0.wp.com\/iratiirratia.eus\/wp-content\/uploads\/2021\/07\/Conciertos-Urmuga-2021-kontzertuak.jpg?resize=700%2C400&ssl=1 2x, https:\/\/i0.wp.com\/iratiirratia.eus\/wp-content\/uploads\/2021\/07\/Conciertos-Urmuga-2021-kontzertuak.jpg?resize=1050%2C600&ssl=1 3x"},"classes":[]},{"id":22149,"url":"https:\/\/iratiirratia.eus\/index.php\/2025\/06\/24\/euskal-herria-zeharkatu-duen-urmuga-jaialdia-gurean-izanen-da-uztailaren-28tik-31ra\/","url_meta":{"origin":21178,"position":1},"title":"Euskal Herria zeharkatu duen Urmuga jaialdia gurean izanen da uztailaren 28tik 31ra","author":"Eneko Villegas","date":"24 ekaina, 2025","format":false,"excerpt":"Uztailaren 11tik 31ra Euskal Herria mendebaldetik ekialdera zeharkatuko ditu beste behin ere Urmuga egitasmoak. Natura, mendia, ura eta musika batzen duen egitasmoa den heinean zeharkaldian zehar kontzertu eta eskaintza kultural anitza antolatu dute, uztailaren 31an Santa Grazin amaiera izanen duena. Aurtengo edizioan Gipuzkoaren lehen arrasto idatziak izanen dituzte oinarri eta\u2026","rel":"","context":"In &quot;Berriak&quot;","block_context":{"text":"Berriak","link":"https:\/\/iratiirratia.eus\/index.php\/category\/berriak\/"},"img":{"alt_text":"","src":"https:\/\/i0.wp.com\/iratiirratia.eus\/wp-content\/uploads\/2025\/06\/ProgramaUrmuga2025.jpg?fit=540%2C360&ssl=1&resize=350%2C200","width":350,"height":200,"srcset":"https:\/\/i0.wp.com\/iratiirratia.eus\/wp-content\/uploads\/2025\/06\/ProgramaUrmuga2025.jpg?fit=540%2C360&ssl=1&resize=350%2C200 1x, https:\/\/i0.wp.com\/iratiirratia.eus\/wp-content\/uploads\/2025\/06\/ProgramaUrmuga2025.jpg?fit=540%2C360&ssl=1&resize=525%2C300 1.5x"},"classes":[]},{"id":4862,"url":"https:\/\/iratiirratia.eus\/index.php\/2014\/05\/08\/euskal-jai-gaztetxeak-20-urte\/","url_meta":{"origin":21178,"position":2},"title":"Euskal Jai Gaztetxeak 20 urte","author":"Irati Irratia","date":"8 maiatza, 2014","format":false,"excerpt":"Izenburua: Euskal Jai Gaztetxeak 20 urte Iraupena: 0:20 min Klikatu hemen saioa jaisteko [audio:http:\/\/iratiirratia.net\/audio\/4euskaljai.mp3|titles=Egun on, Au\u00f1amendi! 14-05-08]","rel":"","context":"In &quot;Egun on, Au\u00f1amendi!&quot;","block_context":{"text":"Egun on, Au\u00f1amendi!","link":"https:\/\/iratiirratia.eus\/index.php\/category\/egunon-aunamendi\/"},"img":{"alt_text":"","src":"","width":0,"height":0},"classes":[]},{"id":22706,"url":"https:\/\/iratiirratia.eus\/index.php\/2025\/10\/02\/euskal-jai-pilotalekuaren-inguruko-dokumentala-proiektatuko-dute-gaur-agoitzen\/","url_meta":{"origin":21178,"position":3},"title":"Euskal Jai pilotalekuaren inguruko dokumentala proiektatuko dute gaur Agoitzen","author":"Eneko Villegas","date":"2 urria, 2025","format":false,"excerpt":"Urtez-urte Nabarralde Fundazioak bere Ondarearen inguruko jardunaldiak antolatu ohi ditu. Aurten pilotari eman diote garrantzia gure ohituren eta kulturaren erakusle baita kirol hau. Honen inguruan, Iru\u00f1ean izanen diren jardunaldien pizgarri Agoitzen proiekzio bat antolatu dute. Bertan Imanol Martinezen \"Piedra, Hierro, Cuero Euskal Jai. 100 a\u00f1os de historia\" dokumentala eskainiko da\u2026","rel":"","context":"In &quot;Agoitz&quot;","block_context":{"text":"Agoitz","link":"https:\/\/iratiirratia.eus\/index.php\/category\/agoitz\/"},"img":{"alt_text":"","src":"https:\/\/i0.wp.com\/iratiirratia.eus\/wp-content\/uploads\/2025\/10\/Imagen-de-WhatsApp-2025-09-30-a-las-10.55.25_6450a20d.jpg?fit=960%2C1200&ssl=1&resize=350%2C200","width":350,"height":200,"srcset":"https:\/\/i0.wp.com\/iratiirratia.eus\/wp-content\/uploads\/2025\/10\/Imagen-de-WhatsApp-2025-09-30-a-las-10.55.25_6450a20d.jpg?fit=960%2C1200&ssl=1&resize=350%2C200 1x, https:\/\/i0.wp.com\/iratiirratia.eus\/wp-content\/uploads\/2025\/10\/Imagen-de-WhatsApp-2025-09-30-a-las-10.55.25_6450a20d.jpg?fit=960%2C1200&ssl=1&resize=525%2C300 1.5x, https:\/\/i0.wp.com\/iratiirratia.eus\/wp-content\/uploads\/2025\/10\/Imagen-de-WhatsApp-2025-09-30-a-las-10.55.25_6450a20d.jpg?fit=960%2C1200&ssl=1&resize=700%2C400 2x"},"classes":[]},{"id":22028,"url":"https:\/\/iratiirratia.eus\/index.php\/2025\/06\/03\/musikaren-inguruan-elkargune-bat-bilakatzeko-asmoz-izanen-da-udaherri-jaialdia\/","url_meta":{"origin":21178,"position":4},"title":"Musikaren inguruan elkargune bat bilakatzeko asmoz izanen da UdaHerri jaialdia","author":"Eneko Villegas","date":"3 ekaina, 2025","format":false,"excerpt":"Hilabete batzuk dira Ajariguaneko taldekideek Bizirik Gaude bideoklipa grabatu zutenetik. Grabazio horretan eginiko erlazioetatik eratortzen da datorren larunbatean Espartzako Murkuzuria kanpinean izanen den UdaHerri jaialdi ibiltaria. Udaberri eta Herri hitzen elkartzetik datorkio izena, udaberrian garatuko baita eta Nafar Pirinioetako herriren batean eginen delako. Aurten lehendabiziko jaialdia izanen da, baina ideia\u2026","rel":"","context":"In &quot;Berriak&quot;","block_context":{"text":"Berriak","link":"https:\/\/iratiirratia.eus\/index.php\/category\/berriak\/"},"img":{"alt_text":"","src":"https:\/\/i0.wp.com\/iratiirratia.eus\/wp-content\/uploads\/2025\/06\/Imagen-de-WhatsApp-2025-05-17-a-las-17.08.42_fcab91f4.jpg?fit=848%2C1200&ssl=1&resize=350%2C200","width":350,"height":200,"srcset":"https:\/\/i0.wp.com\/iratiirratia.eus\/wp-content\/uploads\/2025\/06\/Imagen-de-WhatsApp-2025-05-17-a-las-17.08.42_fcab91f4.jpg?fit=848%2C1200&ssl=1&resize=350%2C200 1x, https:\/\/i0.wp.com\/iratiirratia.eus\/wp-content\/uploads\/2025\/06\/Imagen-de-WhatsApp-2025-05-17-a-las-17.08.42_fcab91f4.jpg?fit=848%2C1200&ssl=1&resize=525%2C300 1.5x, https:\/\/i0.wp.com\/iratiirratia.eus\/wp-content\/uploads\/2025\/06\/Imagen-de-WhatsApp-2025-05-17-a-las-17.08.42_fcab91f4.jpg?fit=848%2C1200&ssl=1&resize=700%2C400 2x"},"classes":[]},{"id":21972,"url":"https:\/\/iratiirratia.eus\/index.php\/2025\/05\/20\/loreek-ingurumenak-eta-ekonomia-zirkularrak-garrantzia-hartuko-dute-agoitz-loretan-jaialdian\/","url_meta":{"origin":21178,"position":5},"title":"Loreek, ingurumenak eta ekonomia zirkularrak garrantzia hartuko dute Agoitz Loretan jaialdian","author":"Eneko Villegas","date":"20 maiatza, 2025","format":false,"excerpt":"Maiatzaren 30 eta 31n eta ekainaren 1ean izanen da Agoitz Loretan jaialdia. Ingurumena, landaredia eta ekonomia zirkularra erdigunean kokatzeko antolatutako jaialdia dugu eta urte honetan zehar zenbait ekinbide antolatu dituzte jaialdiari hauspoa ematearren. Jaialdiaren ideia plazaratuta lehen bilkura bat antolatu zuten, zeinetan 60 bat lagunek hartu zuten parte eta hortik\u2026","rel":"","context":"In &quot;Agoitz&quot;","block_context":{"text":"Agoitz","link":"https:\/\/iratiirratia.eus\/index.php\/category\/agoitz\/"},"img":{"alt_text":"","src":"https:\/\/i0.wp.com\/iratiirratia.eus\/wp-content\/uploads\/2025\/05\/Imagen-de-WhatsApp-2025-05-09-a-las-10.30.34_6df1efc7-1-e1747736022673.jpg?fit=604%2C364&ssl=1&resize=350%2C200","width":350,"height":200,"srcset":"https:\/\/i0.wp.com\/iratiirratia.eus\/wp-content\/uploads\/2025\/05\/Imagen-de-WhatsApp-2025-05-09-a-las-10.30.34_6df1efc7-1-e1747736022673.jpg?fit=604%2C364&ssl=1&resize=350%2C200 1x, https:\/\/i0.wp.com\/iratiirratia.eus\/wp-content\/uploads\/2025\/05\/Imagen-de-WhatsApp-2025-05-09-a-las-10.30.34_6df1efc7-1-e1747736022673.jpg?fit=604%2C364&ssl=1&resize=525%2C300 1.5x"},"classes":[]}],"_links":{"self":[{"href":"https:\/\/iratiirratia.eus\/index.php\/wp-json\/wp\/v2\/posts\/21178"}],"collection":[{"href":"https:\/\/iratiirratia.eus\/index.php\/wp-json\/wp\/v2\/posts"}],"about":[{"href":"https:\/\/iratiirratia.eus\/index.php\/wp-json\/wp\/v2\/types\/post"}],"author":[{"embeddable":true,"href":"https:\/\/iratiirratia.eus\/index.php\/wp-json\/wp\/v2\/users\/6"}],"replies":[{"embeddable":true,"href":"https:\/\/iratiirratia.eus\/index.php\/wp-json\/wp\/v2\/comments?post=21178"}],"version-history":[{"count":1,"href":"https:\/\/iratiirratia.eus\/index.php\/wp-json\/wp\/v2\/posts\/21178\/revisions"}],"predecessor-version":[{"id":21181,"href":"https:\/\/iratiirratia.eus\/index.php\/wp-json\/wp\/v2\/posts\/21178\/revisions\/21181"}],"wp:featuredmedia":[{"embeddable":true,"href":"https:\/\/iratiirratia.eus\/index.php\/wp-json\/wp\/v2\/media\/21180"}],"wp:attachment":[{"href":"https:\/\/iratiirratia.eus\/index.php\/wp-json\/wp\/v2\/media?parent=21178"}],"wp:term":[{"taxonomy":"category","embeddable":true,"href":"https:\/\/iratiirratia.eus\/index.php\/wp-json\/wp\/v2\/categories?post=21178"},{"taxonomy":"post_tag","embeddable":true,"href":"https:\/\/iratiirratia.eus\/index.php\/wp-json\/wp\/v2\/tags?post=21178"}],"curies":[{"name":"wp","href":"https:\/\/api.w.org\/{rel}","templated":true}]}}