{"id":22792,"date":"2025-10-23T12:24:44","date_gmt":"2025-10-23T10:24:44","guid":{"rendered":"https:\/\/iratiirratia.eus\/?p=22792"},"modified":"2025-10-23T12:24:44","modified_gmt":"2025-10-23T10:24:44","slug":"la-oscura-cara-del-sol-eleberria-aurkeztuko-du-javi-cotelok-aurizberrin","status":"publish","type":"post","link":"https:\/\/iratiirratia.eus\/index.php\/2025\/10\/23\/la-oscura-cara-del-sol-eleberria-aurkeztuko-du-javi-cotelok-aurizberrin\/","title":{"rendered":"&#8220;La oscura cara del sol&#8221; eleberria aurkeztuko du Javi Cotelok Aurizberrin"},"content":{"rendered":"<p><strong>Elordi herri asmatuan kokatutako polizia eleberria dugi &#8220;La oscura cara del sol&#8221;. Markel eta Laia dira protagonistak eta eleberri honen sortzaile dugu Javi Cotelo. Lehen eleberria du eta bere afiziotik eratorritako eleberria da, bere idazteko grina horretatik. Elordi zenbait tokitan errotu daitekeen arren, Aurizberriko herriaren zantzuak ikus daitezke, nahiz eta landa eremuko beste herrietako izaerak ere badiren. 9 hilabetetan amaitutako 400 orrialde dituen eleberria da eta orain heldu da Lami\u00f1arra argitaletxearen eskutik jendearekin partekatzeko. Aurkezpena dela eta Javi Cotelorekin egoteko aukera baliatu dugu gaurkoan.<\/strong><\/p>\n<p>\u00a0<\/p>\n<p><strong>\u00a0<\/strong><\/p>\n<p><strong>Javi Cotelo<\/strong> <em>Irati Irratian <\/em><\/p>\n<p><!--StartFragment--><\/p>\n\n\n<figure class=\"wp-block-audio\"><audio controls src=\"http:\/\/iratiirratia.eus\/audio\/25-10-23JaviNovela.mp3\"><\/audio><\/figure>\n\n\n\n<figure class=\"wp-block-image size-large\"><img data-attachment-id=\"22793\" data-permalink=\"https:\/\/iratiirratia.eus\/index.php\/2025\/10\/23\/la-oscura-cara-del-sol-eleberria-aurkeztuko-du-javi-cotelok-aurizberrin\/imagen-de-whatsapp-2025-10-14-a-las-12-22-07_4301362b\/\" data-orig-file=\"https:\/\/i0.wp.com\/iratiirratia.eus\/wp-content\/uploads\/2025\/10\/Imagen-de-WhatsApp-2025-10-14-a-las-12.22.07_4301362b.jpg?fit=1131%2C1600&amp;ssl=1\" data-orig-size=\"1131,1600\" data-comments-opened=\"1\" data-image-meta=\"{&quot;aperture&quot;:&quot;0&quot;,&quot;credit&quot;:&quot;&quot;,&quot;camera&quot;:&quot;&quot;,&quot;caption&quot;:&quot;&quot;,&quot;created_timestamp&quot;:&quot;0&quot;,&quot;copyright&quot;:&quot;&quot;,&quot;focal_length&quot;:&quot;0&quot;,&quot;iso&quot;:&quot;0&quot;,&quot;shutter_speed&quot;:&quot;0&quot;,&quot;title&quot;:&quot;&quot;,&quot;orientation&quot;:&quot;0&quot;}\" data-image-title=\"Imagen-de-WhatsApp-2025-10-14-a-las-12.22.07_4301362b\" data-image-description=\"\" data-image-caption=\"\" data-medium-file=\"https:\/\/i0.wp.com\/iratiirratia.eus\/wp-content\/uploads\/2025\/10\/Imagen-de-WhatsApp-2025-10-14-a-las-12.22.07_4301362b.jpg?fit=212%2C300&amp;ssl=1\" data-large-file=\"https:\/\/i0.wp.com\/iratiirratia.eus\/wp-content\/uploads\/2025\/10\/Imagen-de-WhatsApp-2025-10-14-a-las-12.22.07_4301362b.jpg?fit=640%2C905&amp;ssl=1\" decoding=\"async\" loading=\"lazy\" width=\"640\" height=\"905\" src=\"https:\/\/i0.wp.com\/iratiirratia.eus\/wp-content\/uploads\/2025\/10\/Imagen-de-WhatsApp-2025-10-14-a-las-12.22.07_4301362b-724x1024.jpg?resize=640%2C905&#038;ssl=1\" alt=\"\" class=\"wp-image-22793\" srcset=\"https:\/\/i0.wp.com\/iratiirratia.eus\/wp-content\/uploads\/2025\/10\/Imagen-de-WhatsApp-2025-10-14-a-las-12.22.07_4301362b.jpg?resize=724%2C1024&amp;ssl=1 724w, https:\/\/i0.wp.com\/iratiirratia.eus\/wp-content\/uploads\/2025\/10\/Imagen-de-WhatsApp-2025-10-14-a-las-12.22.07_4301362b.jpg?resize=212%2C300&amp;ssl=1 212w, https:\/\/i0.wp.com\/iratiirratia.eus\/wp-content\/uploads\/2025\/10\/Imagen-de-WhatsApp-2025-10-14-a-las-12.22.07_4301362b.jpg?resize=768%2C1086&amp;ssl=1 768w, https:\/\/i0.wp.com\/iratiirratia.eus\/wp-content\/uploads\/2025\/10\/Imagen-de-WhatsApp-2025-10-14-a-las-12.22.07_4301362b.jpg?resize=1086%2C1536&amp;ssl=1 1086w, https:\/\/i0.wp.com\/iratiirratia.eus\/wp-content\/uploads\/2025\/10\/Imagen-de-WhatsApp-2025-10-14-a-las-12.22.07_4301362b.jpg?resize=700%2C990&amp;ssl=1 700w, https:\/\/i0.wp.com\/iratiirratia.eus\/wp-content\/uploads\/2025\/10\/Imagen-de-WhatsApp-2025-10-14-a-las-12.22.07_4301362b.jpg?w=1131&amp;ssl=1 1131w\" sizes=\"(max-width: 640px) 100vw, 640px\" data-recalc-dims=\"1\" \/><\/figure>\n\n\n\n<p><\/p>\n","protected":false},"excerpt":{"rendered":"<p>Elordi herri asmatuan kokatutako polizia eleberria dugi &#8220;La oscura cara del sol&#8221;. Markel eta Laia dira protagonistak eta eleberri honen sortzaile dugu Javi Cotelo. Lehen eleberria du eta bere afiziotik eratorritako eleberria da, bere idazteko grina horretatik. Elordi zenbait tokitan errotu daitekeen arren, Aurizberriko herriaren zantzuak ikus daitezke, nahiz eta landa eremuko beste herrietako izaerak [&hellip;]<\/p>\n","protected":false},"author":6,"featured_media":22793,"comment_status":"open","ping_status":"open","sticky":false,"template":"","format":"standard","meta":{"jetpack_post_was_ever_published":false,"_jetpack_newsletter_access":"","_jetpack_newsletter_tier_id":0,"jetpack_publicize_message":"","jetpack_is_tweetstorm":false,"jetpack_publicize_feature_enabled":true,"jetpack_social_post_already_shared":true,"jetpack_social_options":{"image_generator_settings":{"template":"highway","enabled":false}}},"categories":[56,2,6,608],"tags":[298,2154,3966,504,3967],"jetpack_publicize_connections":[],"jetpack_featured_media_url":"https:\/\/i0.wp.com\/iratiirratia.eus\/wp-content\/uploads\/2025\/10\/Imagen-de-WhatsApp-2025-10-14-a-las-12.22.07_4301362b.jpg?fit=1131%2C1600&ssl=1","jetpack_shortlink":"https:\/\/wp.me\/p7eaXY-5VC","jetpack_sharing_enabled":true,"jetpack-related-posts":[{"id":22832,"url":"https:\/\/iratiirratia.eus\/index.php\/2025\/10\/30\/aurizberriko-liburutegiko-berriak-euskarazko-irakurle-taldea-eta-javi-coteloren-aurkezpena\/","url_meta":{"origin":22792,"position":0},"title":"Aurizberriko Liburutegiko berriak: Euskarazko irakurle taldea eta Javi Coteloren aurkezpena","author":"Eneko Villegas","date":"30 urria, 2025","format":false,"excerpt":"Egun zenbait ondoezik egon eta gero bueltan dugu Mari Mar Agos gure liburuzain maitea. Indarberrituta dator eta horren erakusleiho dira aste honetan izandako ekimenen arrakasta, Javi Coteloren \"La Cara Oscura del Sol\" eleberriaren aurkezpena eta euskarazko irakurle taldearena zeina parte-hartzaile gehiago dituen. Hau partekatu du gurekin gaur. Mari Mar Agos\u2026","rel":"","context":"In &quot;Aurizberriko Liburutegi Publikoa&quot;","block_context":{"text":"Aurizberriko Liburutegi Publikoa","link":"https:\/\/iratiirratia.eus\/index.php\/category\/aurizberriko-liburutegi-publikoa\/"},"img":{"alt_text":"","src":"https:\/\/i0.wp.com\/iratiirratia.eus\/wp-content\/uploads\/2024\/09\/LIBURUTEGIA.jpg?fit=1200%2C444&ssl=1&resize=350%2C200","width":350,"height":200,"srcset":"https:\/\/i0.wp.com\/iratiirratia.eus\/wp-content\/uploads\/2024\/09\/LIBURUTEGIA.jpg?fit=1200%2C444&ssl=1&resize=350%2C200 1x, https:\/\/i0.wp.com\/iratiirratia.eus\/wp-content\/uploads\/2024\/09\/LIBURUTEGIA.jpg?fit=1200%2C444&ssl=1&resize=525%2C300 1.5x, https:\/\/i0.wp.com\/iratiirratia.eus\/wp-content\/uploads\/2024\/09\/LIBURUTEGIA.jpg?fit=1200%2C444&ssl=1&resize=700%2C400 2x, https:\/\/i0.wp.com\/iratiirratia.eus\/wp-content\/uploads\/2024\/09\/LIBURUTEGIA.jpg?fit=1200%2C444&ssl=1&resize=1050%2C600 3x"},"classes":[]},{"id":21794,"url":"https:\/\/iratiirratia.eus\/index.php\/2025\/04\/08\/la-reconquista-rural-ada-nuestra-historia-de-exito-eleberria-aurkeztuko-du-javier-pina-elizaldek-larunbatean-burgin\/","url_meta":{"origin":22792,"position":1},"title":"&#8220;La reconquista rural, ADA: nuestra hist\u00f3ria de \u00e9xito&#8221; eleberria aurkeztuko du Javier Pina Elizaldek larunbatean Burgin","author":"Eneko Villegas","date":"8 apirila, 2025","format":false,"excerpt":"2066an Almerian hasten den eta istorioak 16 urte irauten duen eleberria dugu hauxe. Idazlea despopulazioari aurre egiten dabiltzan herriak eta euren borrokak harilkatzen dihardu 7 ataletan zehar. Proiektua gauzatzerako orduan 100dik gora elkarrizketa egin izan ditu despopulazio egoeran dauden herrietako zenbait lagunekin, egoera jakin eta zer nolako irtenbidea eman ziezaiokeen\u2026","rel":"","context":"In &quot;Berriak&quot;","block_context":{"text":"Berriak","link":"https:\/\/iratiirratia.eus\/index.php\/category\/berriak\/"},"img":{"alt_text":"","src":"https:\/\/i0.wp.com\/iratiirratia.eus\/wp-content\/uploads\/2025\/04\/Javier-Pina-Elizalde.jpg?fit=1200%2C675&ssl=1&resize=350%2C200","width":350,"height":200,"srcset":"https:\/\/i0.wp.com\/iratiirratia.eus\/wp-content\/uploads\/2025\/04\/Javier-Pina-Elizalde.jpg?fit=1200%2C675&ssl=1&resize=350%2C200 1x, https:\/\/i0.wp.com\/iratiirratia.eus\/wp-content\/uploads\/2025\/04\/Javier-Pina-Elizalde.jpg?fit=1200%2C675&ssl=1&resize=525%2C300 1.5x, https:\/\/i0.wp.com\/iratiirratia.eus\/wp-content\/uploads\/2025\/04\/Javier-Pina-Elizalde.jpg?fit=1200%2C675&ssl=1&resize=700%2C400 2x, https:\/\/i0.wp.com\/iratiirratia.eus\/wp-content\/uploads\/2025\/04\/Javier-Pina-Elizalde.jpg?fit=1200%2C675&ssl=1&resize=1050%2C600 3x"},"classes":[]},{"id":21209,"url":"https:\/\/iratiirratia.eus\/index.php\/2024\/12\/11\/patxi-irurzunek-los-tampones-taldeko-hartu-emanen-3-eleberria-aurkeztuko-du-gaur-agoitzen\/","url_meta":{"origin":22792,"position":2},"title":"Patxi Irurzunek Los Tampones taldeko hartu emanen 3. eleberria aurkeztuko du gaur Agoitzen","author":"Eneko Villegas","date":"11 abendua, 2024","format":false,"excerpt":"Agoitzeko Liburutegira etorriko zaigu gaur arratsaldean Agoitzeko Liburutegira Patxi Irurzun idazlea. \"La mentira es la que manda\" bere azken eleberria izanen da aurkeztuko diguna, \"Los Tampones\" Euskal Rock Erradikalaren bueltan sortutako taldea dena eta bere buruak bizitzen dituen dramak eta umorezko pasarteak ekartzen dizkigu. Bere estilo berezian idatzia da eleberri\u2026","rel":"","context":"In &quot;Agoitz&quot;","block_context":{"text":"Agoitz","link":"https:\/\/iratiirratia.eus\/index.php\/category\/agoitz\/"},"img":{"alt_text":"","src":"https:\/\/i0.wp.com\/iratiirratia.eus\/wp-content\/uploads\/2017\/06\/0610_kul_irurzun-e1498220322240.jpg?fit=414%2C254&ssl=1&resize=350%2C200","width":350,"height":200},"classes":[]},{"id":20890,"url":"https:\/\/iratiirratia.eus\/index.php\/2024\/10\/17\/el-grupo-diraki-ya-ha-terminado-sus-trabajos-de-grabacion-de-su-proximo-trabajo-un-disco-compartido-con-el-grupo-aingura-hablamos-con-javi-uranga-miembro-del-grupo\/","url_meta":{"origin":22792,"position":3},"title":"El grupo &#8220;Diraki&#8221; ya ha terminado sus trabajos de grabaci\u00f3n de su pr\u00f3ximo trabajo. Un disco compartido con el grupo &#8220;Aingura&#8221;. Hablamos con Javi Uranga miembro del grupo.","author":"Eneko Villegas","date":"17 urria, 2024","format":false,"excerpt":"El grupo navarro Diraki ha terminado de grabar el que ser\u00e1 su \u00faltimo trabajo en los estudios Sound of Sirens de Iru\u00f1a. Hablamos con Javi Uranga cantante y guitarra del grupo. El aezkoarra nos cuenta el proceso de grabaci\u00f3n en el estudio y el devenir del grupo a partir de\u2026","rel":"","context":"In &quot;Elkarrizketak&quot;","block_context":{"text":"Elkarrizketak","link":"https:\/\/iratiirratia.eus\/index.php\/category\/elkarrizketak\/"},"img":{"alt_text":"","src":"https:\/\/i0.wp.com\/iratiirratia.eus\/wp-content\/uploads\/2024\/10\/diraki.jpg?fit=1200%2C199&ssl=1&resize=350%2C200","width":350,"height":200,"srcset":"https:\/\/i0.wp.com\/iratiirratia.eus\/wp-content\/uploads\/2024\/10\/diraki.jpg?fit=1200%2C199&ssl=1&resize=350%2C200 1x, https:\/\/i0.wp.com\/iratiirratia.eus\/wp-content\/uploads\/2024\/10\/diraki.jpg?fit=1200%2C199&ssl=1&resize=525%2C300 1.5x, https:\/\/i0.wp.com\/iratiirratia.eus\/wp-content\/uploads\/2024\/10\/diraki.jpg?fit=1200%2C199&ssl=1&resize=700%2C400 2x, https:\/\/i0.wp.com\/iratiirratia.eus\/wp-content\/uploads\/2024\/10\/diraki.jpg?fit=1200%2C199&ssl=1&resize=1050%2C600 3x"},"classes":[]},{"id":6660,"url":"https:\/\/iratiirratia.eus\/index.php\/2015\/09\/02\/javi-luismi-eta-inaki-xabi-bikoteak-lehiatuko-dira-garaioako-pala-goma-txapelketako-finalean\/","url_meta":{"origin":22792,"position":4},"title":"Javi-Luismi eta I\u00f1aki-Xabi bikoteak lehiatuko dira Garaioako pala goma txapelketako finalean","author":"Irati Irratia","date":"2 iraila, 2015","format":false,"excerpt":"Bostgarren aldiz pala goma txapelketa egin dute Garaioan. Udan egin dituzte partiduak, eta asteburu honetan finalak jokatuko dira Herri Aldea pilotalekuan. Laugarren urtez, gainera, frontenis txikiko txapelketa ere egin dute. Pala gomari dagokionez, Javi-Diego eta Alberto-Arturo bikoteen artean izango dira hirugarren eta laugarren postuak. Finalean, berriz, Javi-Luismi eta I\u00f1aki-Xabi bikoteak\u2026","rel":"","context":"In &quot;Berriak&quot;","block_context":{"text":"Berriak","link":"https:\/\/iratiirratia.eus\/index.php\/category\/berriak\/"},"img":{"alt_text":"IMG-20150901-WA0001","src":"https:\/\/i0.wp.com\/iratiirratia.eus\/wp-content\/uploads\/2015\/09\/IMG-20150901-WA0001.jpg?resize=350%2C200","width":350,"height":200,"srcset":"https:\/\/i0.wp.com\/iratiirratia.eus\/wp-content\/uploads\/2015\/09\/IMG-20150901-WA0001.jpg?resize=350%2C200 1x, https:\/\/i0.wp.com\/iratiirratia.eus\/wp-content\/uploads\/2015\/09\/IMG-20150901-WA0001.jpg?resize=525%2C300 1.5x, https:\/\/i0.wp.com\/iratiirratia.eus\/wp-content\/uploads\/2015\/09\/IMG-20150901-WA0001.jpg?resize=700%2C400 2x"},"classes":[]},{"id":19166,"url":"https:\/\/iratiirratia.eus\/index.php\/2023\/10\/31\/agoitzeko-eta-aurizberriko-irakurle-taldeek-ireki-dute-ikasturtea-eta-irakurketa-lagundua-martxan-jarri-dute-aurizberrin-ere\/","url_meta":{"origin":22792,"position":5},"title":"Agoitzeko eta Aurizberriko irakurle taldeek ireki dute ikasturtea eta irakurketa lagundua martxan jarri dute Aurizberrin ere","author":"Irati Irratia","date":"31 urria, 2023","format":false,"excerpt":"Pasa den astean elkartu ziren lehenbizikoz ikasturte honetan. Aurizberrin asteartean batu ziren Eneko Barberenaren Suak Erreko Ez Balu eleberri beltzaz solasteko. Asteazkenean aldiz, Agoitzeko Euskararen etxean izan zen zita eta bertan Miren Agur Meaberen Kristalezko Begi Bat eleberria landu zuten. Honetaz aparte, Aurizberrin irakurketa lagundua egitasmoari emanen diote bide, Mi\u00f1an\u2026","rel":"","context":"In &quot;Agoitz&quot;","block_context":{"text":"Agoitz","link":"https:\/\/iratiirratia.eus\/index.php\/category\/agoitz\/"},"img":{"alt_text":"","src":"https:\/\/i0.wp.com\/iratiirratia.eus\/wp-content\/uploads\/2023\/10\/Imagen-de-WhatsApp-2023-10-31-a-las-09.59.13_2f5a93b9.jpg?resize=350%2C200&ssl=1","width":350,"height":200,"srcset":"https:\/\/i0.wp.com\/iratiirratia.eus\/wp-content\/uploads\/2023\/10\/Imagen-de-WhatsApp-2023-10-31-a-las-09.59.13_2f5a93b9.jpg?resize=350%2C200&ssl=1 1x, https:\/\/i0.wp.com\/iratiirratia.eus\/wp-content\/uploads\/2023\/10\/Imagen-de-WhatsApp-2023-10-31-a-las-09.59.13_2f5a93b9.jpg?resize=525%2C300&ssl=1 1.5x, https:\/\/i0.wp.com\/iratiirratia.eus\/wp-content\/uploads\/2023\/10\/Imagen-de-WhatsApp-2023-10-31-a-las-09.59.13_2f5a93b9.jpg?resize=700%2C400&ssl=1 2x, https:\/\/i0.wp.com\/iratiirratia.eus\/wp-content\/uploads\/2023\/10\/Imagen-de-WhatsApp-2023-10-31-a-las-09.59.13_2f5a93b9.jpg?resize=1050%2C600&ssl=1 3x, https:\/\/i0.wp.com\/iratiirratia.eus\/wp-content\/uploads\/2023\/10\/Imagen-de-WhatsApp-2023-10-31-a-las-09.59.13_2f5a93b9.jpg?resize=1400%2C800&ssl=1 4x"},"classes":[]}],"_links":{"self":[{"href":"https:\/\/iratiirratia.eus\/index.php\/wp-json\/wp\/v2\/posts\/22792"}],"collection":[{"href":"https:\/\/iratiirratia.eus\/index.php\/wp-json\/wp\/v2\/posts"}],"about":[{"href":"https:\/\/iratiirratia.eus\/index.php\/wp-json\/wp\/v2\/types\/post"}],"author":[{"embeddable":true,"href":"https:\/\/iratiirratia.eus\/index.php\/wp-json\/wp\/v2\/users\/6"}],"replies":[{"embeddable":true,"href":"https:\/\/iratiirratia.eus\/index.php\/wp-json\/wp\/v2\/comments?post=22792"}],"version-history":[{"count":1,"href":"https:\/\/iratiirratia.eus\/index.php\/wp-json\/wp\/v2\/posts\/22792\/revisions"}],"predecessor-version":[{"id":22794,"href":"https:\/\/iratiirratia.eus\/index.php\/wp-json\/wp\/v2\/posts\/22792\/revisions\/22794"}],"wp:featuredmedia":[{"embeddable":true,"href":"https:\/\/iratiirratia.eus\/index.php\/wp-json\/wp\/v2\/media\/22793"}],"wp:attachment":[{"href":"https:\/\/iratiirratia.eus\/index.php\/wp-json\/wp\/v2\/media?parent=22792"}],"wp:term":[{"taxonomy":"category","embeddable":true,"href":"https:\/\/iratiirratia.eus\/index.php\/wp-json\/wp\/v2\/categories?post=22792"},{"taxonomy":"post_tag","embeddable":true,"href":"https:\/\/iratiirratia.eus\/index.php\/wp-json\/wp\/v2\/tags?post=22792"}],"curies":[{"name":"wp","href":"https:\/\/api.w.org\/{rel}","templated":true}]}}