{"id":22795,"date":"2025-10-23T12:42:34","date_gmt":"2025-10-23T10:42:34","guid":{"rendered":"https:\/\/iratiirratia.eus\/?p=22795"},"modified":"2025-10-23T12:42:34","modified_gmt":"2025-10-23T10:42:34","slug":"arte-on-nafarroako-eskuahaldunak-elkarteak-kultur-aniztasuna-eta-bizikidetza-erakusketa-ibiltaria-antolatu-du-agoizko-kultur-etxeanurriaren-10etik-31ra","status":"publish","type":"post","link":"https:\/\/iratiirratia.eus\/index.php\/2025\/10\/23\/arte-on-nafarroako-eskuahaldunak-elkarteak-kultur-aniztasuna-eta-bizikidetza-erakusketa-ibiltaria-antolatu-du-agoizko-kultur-etxeanurriaren-10etik-31ra\/","title":{"rendered":"Arte ON Nafarroako Eskuahaldunak Elkarteak &#8220;Kultur-aniztasuna eta Bizikidetza&#8221; erakusketa ibiltaria antolatu du Agoizko Kultur Etxean,urriaren 10etik 31ra."},"content":{"rendered":"<p><strong>24 artistek euren obrak eskainiko dituzte Agoitzeko Kultur etxeko areto nagusian urriaren 31a bitarte. Material eta ikuspegi desberdinetatik etorritakoak euren ekarpena egin nahi izan diote kultur aniztasun eta bizikidetzari. Urriaren 10ean izan zen inaugurazioa eta urriaren 12an bisita gidatua egin zuten euskaraz. Larunbata honetan bisita gidatua eginen dute gazteleraz kasu honetan. Gaur erakusketaren komisarioa den eta Nafarroako Eskuahaldunak elkarteko kidea den Maider Lizarraga izan dugu gurean erakusketa hau aurkezten. Berak gonbidapena luzatu digu erakusketa hau goza dezagun.<\/strong><\/p>\n<p><strong>\u00a0<\/strong><\/p>\n<p><strong>Maider Lizarraga<\/strong> <em>Irati Irratian <\/em><\/p>\n<p><!--StartFragment--><\/p>\n\n\n<figure class=\"wp-block-audio\"><audio controls src=\"http:\/\/iratiirratia.eus\/audio\/25-10-23MaiderExposicion.mp3\"><\/audio><\/figure>\n\n\n\n<figure class=\"wp-block-image size-large\"><img data-attachment-id=\"22796\" data-permalink=\"https:\/\/iratiirratia.eus\/index.php\/2025\/10\/23\/arte-on-nafarroako-eskuahaldunak-elkarteak-kultur-aniztasuna-eta-bizikidetza-erakusketa-ibiltaria-antolatu-du-agoizko-kultur-etxeanurriaren-10etik-31ra\/558159315_1255171519984396_5061612266727102599_n\/\" data-orig-file=\"https:\/\/i0.wp.com\/iratiirratia.eus\/wp-content\/uploads\/2025\/10\/558159315_1255171519984396_5061612266727102599_n.jpg?fit=1639%2C2048&amp;ssl=1\" data-orig-size=\"1639,2048\" data-comments-opened=\"1\" data-image-meta=\"{&quot;aperture&quot;:&quot;0&quot;,&quot;credit&quot;:&quot;&quot;,&quot;camera&quot;:&quot;&quot;,&quot;caption&quot;:&quot;&quot;,&quot;created_timestamp&quot;:&quot;0&quot;,&quot;copyright&quot;:&quot;&quot;,&quot;focal_length&quot;:&quot;0&quot;,&quot;iso&quot;:&quot;0&quot;,&quot;shutter_speed&quot;:&quot;0&quot;,&quot;title&quot;:&quot;&quot;,&quot;orientation&quot;:&quot;0&quot;}\" data-image-title=\"558159315_1255171519984396_5061612266727102599_n\" data-image-description=\"\" data-image-caption=\"\" data-medium-file=\"https:\/\/i0.wp.com\/iratiirratia.eus\/wp-content\/uploads\/2025\/10\/558159315_1255171519984396_5061612266727102599_n.jpg?fit=240%2C300&amp;ssl=1\" data-large-file=\"https:\/\/i0.wp.com\/iratiirratia.eus\/wp-content\/uploads\/2025\/10\/558159315_1255171519984396_5061612266727102599_n.jpg?fit=640%2C799&amp;ssl=1\" decoding=\"async\" loading=\"lazy\" width=\"640\" height=\"799\" src=\"https:\/\/i0.wp.com\/iratiirratia.eus\/wp-content\/uploads\/2025\/10\/558159315_1255171519984396_5061612266727102599_n-820x1024.jpg?resize=640%2C799&#038;ssl=1\" alt=\"\" class=\"wp-image-22796\" srcset=\"https:\/\/i0.wp.com\/iratiirratia.eus\/wp-content\/uploads\/2025\/10\/558159315_1255171519984396_5061612266727102599_n.jpg?resize=820%2C1024&amp;ssl=1 820w, https:\/\/i0.wp.com\/iratiirratia.eus\/wp-content\/uploads\/2025\/10\/558159315_1255171519984396_5061612266727102599_n.jpg?resize=240%2C300&amp;ssl=1 240w, https:\/\/i0.wp.com\/iratiirratia.eus\/wp-content\/uploads\/2025\/10\/558159315_1255171519984396_5061612266727102599_n.jpg?resize=768%2C960&amp;ssl=1 768w, https:\/\/i0.wp.com\/iratiirratia.eus\/wp-content\/uploads\/2025\/10\/558159315_1255171519984396_5061612266727102599_n.jpg?resize=1229%2C1536&amp;ssl=1 1229w, https:\/\/i0.wp.com\/iratiirratia.eus\/wp-content\/uploads\/2025\/10\/558159315_1255171519984396_5061612266727102599_n.jpg?resize=700%2C875&amp;ssl=1 700w, https:\/\/i0.wp.com\/iratiirratia.eus\/wp-content\/uploads\/2025\/10\/558159315_1255171519984396_5061612266727102599_n.jpg?w=1639&amp;ssl=1 1639w, https:\/\/i0.wp.com\/iratiirratia.eus\/wp-content\/uploads\/2025\/10\/558159315_1255171519984396_5061612266727102599_n.jpg?w=1280 1280w\" sizes=\"(max-width: 640px) 100vw, 640px\" data-recalc-dims=\"1\" \/><\/figure>\n\n\n\n<p><\/p>\n","protected":false},"excerpt":{"rendered":"<p>24 artistek euren obrak eskainiko dituzte Agoitzeko Kultur etxeko areto nagusian urriaren 31a bitarte. Material eta ikuspegi desberdinetatik etorritakoak euren ekarpena egin nahi izan diote kultur aniztasun eta bizikidetzari. Urriaren 10ean izan zen inaugurazioa eta urriaren 12an bisita gidatua egin zuten euskaraz. Larunbata honetan bisita gidatua eginen dute gazteleraz kasu honetan. Gaur erakusketaren komisarioa den [&hellip;]<\/p>\n","protected":false},"author":6,"featured_media":22796,"comment_status":"open","ping_status":"open","sticky":false,"template":"","format":"standard","meta":{"jetpack_post_was_ever_published":false,"_jetpack_newsletter_access":"","_jetpack_newsletter_tier_id":0,"jetpack_publicize_message":"","jetpack_is_tweetstorm":false,"jetpack_publicize_feature_enabled":true,"jetpack_social_post_already_shared":true,"jetpack_social_options":{"image_generator_settings":{"template":"highway","enabled":false}}},"categories":[716,2,6,608],"tags":[273,3968,152,3969,3970],"jetpack_publicize_connections":[],"jetpack_featured_media_url":"https:\/\/i0.wp.com\/iratiirratia.eus\/wp-content\/uploads\/2025\/10\/558159315_1255171519984396_5061612266727102599_n.jpg?fit=1639%2C2048&ssl=1","jetpack_shortlink":"https:\/\/wp.me\/p7eaXY-5VF","jetpack_sharing_enabled":true,"jetpack-related-posts":[{"id":3291,"url":"https:\/\/iratiirratia.eus\/index.php\/2012\/10\/10\/aste-honetako-jarduerak-agoitzen\/","url_meta":{"origin":22795,"position":0},"title":"Aste honetako jarduerak Agoitzen","author":"Irati Irratia","date":"10 urria, 2012","format":false,"excerpt":"Gogorarazten digute aste honetan, urriaren 12an hain zuzen,\u00a0 \u201cLa del manojo de rosas\u201d (P. Soroz\u00e1bal) zarzuela disfrutatzeko aukera dugula. 19:00etan izango da, Kultur Etxean, A.G.A.O.-k (Gayarre Nafarroako Operaren Lagunak Elkartea) eta Agoizko Udalak antolatuta. Bestalde, Gardena en color erakusketak ikusgai jarraitzen du urriaren 13\u00aa arte, larrunbata.","rel":"","context":"In &quot;Oharrak&quot;","block_context":{"text":"Oharrak","link":"https:\/\/iratiirratia.eus\/index.php\/category\/abisuak\/"},"img":{"alt_text":"","src":"","width":0,"height":0},"classes":[]},{"id":18480,"url":"https:\/\/iratiirratia.eus\/index.php\/2023\/05\/19\/arte-garaikidea-denon-eskura-maiatzaren-27a-bitarte-agoitzen\/","url_meta":{"origin":22795,"position":1},"title":"Arte garaikidea denon eskura maiatzaren 27a bitarte Agoitzen","author":"Irati Irratia","date":"19 maiatza, 2023","format":false,"excerpt":"Arte garaikidea zenbaitetan ulertezina izan da eta baita eskuraezina ere. Museoetan egiten den artetzat hartu izan da eta horri buelta emateko Uharte Arte Garaikideko zentroak abiatu zuen Uholdeak programa, arte garaikidea Nafarroako txoko desberdinetara iris zedin. Honen baitan kokatzen da Materialak Amatu erakusketa zeina\u00a0 zaintzaren, amatasunaren edota ez-amatasunaren inguruko ikuspegi\u2026","rel":"","context":"In &quot;Agoitz&quot;","block_context":{"text":"Agoitz","link":"https:\/\/iratiirratia.eus\/index.php\/category\/agoitz\/"},"img":{"alt_text":"","src":"https:\/\/i0.wp.com\/iratiirratia.eus\/wp-content\/uploads\/2023\/05\/materialakamatu-1-e1684483362679.jpg?fit=554%2C628&ssl=1&resize=350%2C200","width":350,"height":200,"srcset":"https:\/\/i0.wp.com\/iratiirratia.eus\/wp-content\/uploads\/2023\/05\/materialakamatu-1-e1684483362679.jpg?fit=554%2C628&ssl=1&resize=350%2C200 1x, https:\/\/i0.wp.com\/iratiirratia.eus\/wp-content\/uploads\/2023\/05\/materialakamatu-1-e1684483362679.jpg?fit=554%2C628&ssl=1&resize=525%2C300 1.5x"},"classes":[]},{"id":14054,"url":"https:\/\/iratiirratia.eus\/index.php\/2019\/10\/08\/nafarroako-artisten-lanak-ikusgai-agoitzen\/","url_meta":{"origin":22795,"position":2},"title":"Nafarroako artisten lanak ikusgai Agoitzen","author":"Irati Irratia","date":"8 urria, 2019","format":false,"excerpt":"Arte garaikide erakusketa paratu dute Agoitzko kultur etxean Uholdeak - mahaian izenburupean. Huarte arte zentroko Oskia Abarzuza izan da gurekin Irati irratian. Amaia Molinet, Maia Villot, Ferm\u00edn Jim\u00e9nez Landa, Greta Alfaro, Leire Urbeltz eta Ferm\u00edn D\u00edez de Ulzurrun artisten lanei buruz mintzatu zaigu arte ekoizpenaren arduraduna. Oskia Abarzuza Irati irratian.\u2026","rel":"","context":"In &quot;Berriak&quot;","block_context":{"text":"Berriak","link":"https:\/\/iratiirratia.eus\/index.php\/category\/berriak\/"},"img":{"alt_text":"","src":"https:\/\/i0.wp.com\/iratiirratia.eus\/wp-content\/uploads\/2019\/10\/uharte.png?fit=552%2C250&ssl=1&resize=350%2C200","width":350,"height":200,"srcset":"https:\/\/i0.wp.com\/iratiirratia.eus\/wp-content\/uploads\/2019\/10\/uharte.png?fit=552%2C250&ssl=1&resize=350%2C200 1x, https:\/\/i0.wp.com\/iratiirratia.eus\/wp-content\/uploads\/2019\/10\/uharte.png?fit=552%2C250&ssl=1&resize=525%2C300 1.5x"},"classes":[]},{"id":23133,"url":"https:\/\/iratiirratia.eus\/index.php\/2026\/01\/16\/botanika-erakusketa-martxan-agoizko-argazkilari-taldearen-eskutik\/","url_meta":{"origin":22795,"position":3},"title":"Botanika erakusketa martxan Agoizko Argazkilari Taldearen eskutik","author":"Eneko Villegas","date":"16 urtarrila, 2026","format":false,"excerpt":"15 lagun biltzen dituen Agoizko Argazkilari taldeak erakusketa berri bat jarri du martxan Agoizko Kultur etxean. Botanika izenburupean talde honetako 9 lagunek euren ikuspegi berezia plazaratu nahi izan dute, ostiraletan egindako irteeretan ateratako argazkiekin. Aurtengo erakusketako gaia Agoitz Loretan jaialditik hartu zuten, hori izan baitzen ideia honen pizgarri.\u00a0Ostiralean irekiera ekitaldi\u2026","rel":"","context":"In &quot;Agoitz&quot;","block_context":{"text":"Agoitz","link":"https:\/\/iratiirratia.eus\/index.php\/category\/agoitz\/"},"img":{"alt_text":"","src":"https:\/\/i0.wp.com\/iratiirratia.eus\/wp-content\/uploads\/2026\/01\/612481223_1331475909020623_4190894911170714066_n.jpg?resize=350%2C200&ssl=1","width":350,"height":200,"srcset":"https:\/\/i0.wp.com\/iratiirratia.eus\/wp-content\/uploads\/2026\/01\/612481223_1331475909020623_4190894911170714066_n.jpg?resize=350%2C200&ssl=1 1x, https:\/\/i0.wp.com\/iratiirratia.eus\/wp-content\/uploads\/2026\/01\/612481223_1331475909020623_4190894911170714066_n.jpg?resize=525%2C300&ssl=1 1.5x, https:\/\/i0.wp.com\/iratiirratia.eus\/wp-content\/uploads\/2026\/01\/612481223_1331475909020623_4190894911170714066_n.jpg?resize=700%2C400&ssl=1 2x, https:\/\/i0.wp.com\/iratiirratia.eus\/wp-content\/uploads\/2026\/01\/612481223_1331475909020623_4190894911170714066_n.jpg?resize=1050%2C600&ssl=1 3x, https:\/\/i0.wp.com\/iratiirratia.eus\/wp-content\/uploads\/2026\/01\/612481223_1331475909020623_4190894911170714066_n.jpg?resize=1400%2C800&ssl=1 4x"},"classes":[]},{"id":17811,"url":"https:\/\/iratiirratia.eus\/index.php\/2022\/09\/22\/agoitzeko-historiaren-inguruko-erakusketa-abian-irailaren-23tik-urriaren-8ra\/","url_meta":{"origin":22795,"position":4},"title":"Agoitzeko historiaren inguruko erakusketa abian irailaren 23tik urriaren 8ra","author":"Irati Irratia","date":"22 iraila, 2022","format":false,"excerpt":"Lau urte luzeetako lanak ikusiko du argia erakusketa eder baten bitartez. Hidea lantaldeak sortu du erakusketa hau, Alfredo Leon parte duelarik eta gaurkoan berarekin batu gara erakusketa honetaz eta honen sortze prozesuaz solasteko. Dokumentazio lan itzel honek espero dezagun gustoko izatea. \u00a0 Alfredo Leon Irati Irratian: \u00a0","rel":"","context":"In &quot;Agoitz&quot;","block_context":{"text":"Agoitz","link":"https:\/\/iratiirratia.eus\/index.php\/category\/agoitz\/"},"img":{"alt_text":"","src":"https:\/\/i0.wp.com\/iratiirratia.eus\/wp-content\/uploads\/2022\/09\/AgoitzHistoriaEr.jpg?resize=350%2C200&ssl=1","width":350,"height":200,"srcset":"https:\/\/i0.wp.com\/iratiirratia.eus\/wp-content\/uploads\/2022\/09\/AgoitzHistoriaEr.jpg?resize=350%2C200&ssl=1 1x, https:\/\/i0.wp.com\/iratiirratia.eus\/wp-content\/uploads\/2022\/09\/AgoitzHistoriaEr.jpg?resize=525%2C300&ssl=1 1.5x, https:\/\/i0.wp.com\/iratiirratia.eus\/wp-content\/uploads\/2022\/09\/AgoitzHistoriaEr.jpg?resize=700%2C400&ssl=1 2x, https:\/\/i0.wp.com\/iratiirratia.eus\/wp-content\/uploads\/2022\/09\/AgoitzHistoriaEr.jpg?resize=1050%2C600&ssl=1 3x"},"classes":[]},{"id":19876,"url":"https:\/\/iratiirratia.eus\/index.php\/2024\/05\/03\/soinua-eta-musikari-eskainitako-erakusketa-dakar-uholdeak-24-programa-agoitzera\/","url_meta":{"origin":22795,"position":5},"title":"Soinua eta musikari eskainitako erakusketa dakar Uholdeak 24 programa Agoitzera","author":"Eneko Villegas","date":"3 maiatza, 2024","format":false,"excerpt":"Audiolab kultur elkartea da ekintza honen komisario lanak egiten dituena Xabier Erkiziaren eskuetan. Uharteko Arte Garaikideko Zentroak aurrera eramaten duen Uholdeak 24 programaren baitan etorri da Bat Bitan. Oharrak, zirriborroak, partiturak eta beste hainbat belarrirako idazkerak izenburua duen erakusketa. Ixila den soinu eta musikaren inguruko erakusketa bat izanik gonbidapena luzatzen\u2026","rel":"","context":"In &quot;Agoitz&quot;","block_context":{"text":"Agoitz","link":"https:\/\/iratiirratia.eus\/index.php\/category\/agoitz\/"},"img":{"alt_text":"","src":"https:\/\/i0.wp.com\/iratiirratia.eus\/wp-content\/uploads\/2024\/05\/Xabier_Erkizia.jpg?fit=1000%2C666&ssl=1&resize=350%2C200","width":350,"height":200,"srcset":"https:\/\/i0.wp.com\/iratiirratia.eus\/wp-content\/uploads\/2024\/05\/Xabier_Erkizia.jpg?fit=1000%2C666&ssl=1&resize=350%2C200 1x, https:\/\/i0.wp.com\/iratiirratia.eus\/wp-content\/uploads\/2024\/05\/Xabier_Erkizia.jpg?fit=1000%2C666&ssl=1&resize=525%2C300 1.5x, https:\/\/i0.wp.com\/iratiirratia.eus\/wp-content\/uploads\/2024\/05\/Xabier_Erkizia.jpg?fit=1000%2C666&ssl=1&resize=700%2C400 2x"},"classes":[]}],"_links":{"self":[{"href":"https:\/\/iratiirratia.eus\/index.php\/wp-json\/wp\/v2\/posts\/22795"}],"collection":[{"href":"https:\/\/iratiirratia.eus\/index.php\/wp-json\/wp\/v2\/posts"}],"about":[{"href":"https:\/\/iratiirratia.eus\/index.php\/wp-json\/wp\/v2\/types\/post"}],"author":[{"embeddable":true,"href":"https:\/\/iratiirratia.eus\/index.php\/wp-json\/wp\/v2\/users\/6"}],"replies":[{"embeddable":true,"href":"https:\/\/iratiirratia.eus\/index.php\/wp-json\/wp\/v2\/comments?post=22795"}],"version-history":[{"count":1,"href":"https:\/\/iratiirratia.eus\/index.php\/wp-json\/wp\/v2\/posts\/22795\/revisions"}],"predecessor-version":[{"id":22797,"href":"https:\/\/iratiirratia.eus\/index.php\/wp-json\/wp\/v2\/posts\/22795\/revisions\/22797"}],"wp:featuredmedia":[{"embeddable":true,"href":"https:\/\/iratiirratia.eus\/index.php\/wp-json\/wp\/v2\/media\/22796"}],"wp:attachment":[{"href":"https:\/\/iratiirratia.eus\/index.php\/wp-json\/wp\/v2\/media?parent=22795"}],"wp:term":[{"taxonomy":"category","embeddable":true,"href":"https:\/\/iratiirratia.eus\/index.php\/wp-json\/wp\/v2\/categories?post=22795"},{"taxonomy":"post_tag","embeddable":true,"href":"https:\/\/iratiirratia.eus\/index.php\/wp-json\/wp\/v2\/tags?post=22795"}],"curies":[{"name":"wp","href":"https:\/\/api.w.org\/{rel}","templated":true}]}}