{"id":24237,"date":"2026-09-02T12:09:06","date_gmt":"2026-09-02T10:09:06","guid":{"rendered":"https:\/\/iratiirratia.eus\/?p=24237"},"modified":"2026-09-02T12:33:39","modified_gmt":"2026-09-02T10:33:39","slug":"asteburuan-mezkiritzen-bost-kirola-protagonista","status":"publish","type":"post","link":"https:\/\/iratiirratia.eus\/index.php\/2026\/09\/02\/asteburuan-mezkiritzen-bost-kirola-protagonista\/","title":{"rendered":"Asteburuan Mezkiritzen Bost Kirola protagonista"},"content":{"rendered":"<p><strong>1982an hasi zen Bost Kirol ekimena martxan. Pilotari bakoitzak erreminta desberdinetan euren doaiak erakustea zuen helburua eta hoberenak lortzen zuen Joxe Ulibarrenak ondutako garaikurra. Historia asko duen kirol ekimena da eta tarte batez ospatu ez bazen ere duela bi urte Nafarroako Pilota Federazioak, Mezkiritzeko kontzejuak, Herriko Txoko elkarteak eta Leku Ona taldeak ekimena berreskuratzeari ekin zioten. Hala ere moldaketa txiki bat, norbanakoak izan ordez bi talde izanen ziren lehian eta formula arrakastatsua erdietsi dutela esan genezake. Honekin, aurten 30. edizioa dugu, edizio borobila zeinak izanen ditun berezitasun zenbait. Alde batetik, asteburuan zehar izango den Joxe Ulibarrenak eginiko garaikurren eta eskulturen erakusketa. Bestetik, Orreaga abesbatzak finalen aurretik Bost Kirolaren ereserkia abestu eginen du. Ondoren pilotariak izanen dira protagonista bost modalitate desberdinetan.<\/strong><\/p>\n<p><strong>Hau guztiaz aritu gara Bea Dufur Bost Kirol ekimenaren antolatzailearekin. Ekimen ederra dela esan digu eta bertaratzera gonbidatu gaitu.<\/strong><\/p>\n<p><strong>P.D. Larruzko palan aldaketa izan da eta Berrogi-Egearen aurka arituko da<\/strong><\/p>\n<p><strong>\u00a0<\/strong><\/p>\n<p><strong>Bea Dufur<\/strong> <em>Irati Irratian <\/em><\/p>\n<p><!--StartFragment--><\/p>\n\n\n<figure class=\"wp-block-audio\"><audio controls src=\"http:\/\/iratiirratia.eus\/audio\/26-09-02BeaBostKirol.mp3\"><\/audio><\/figure>\n\n\n\n<figure class=\"wp-block-image size-large\"><img data-attachment-id=\"24238\" data-permalink=\"https:\/\/iratiirratia.eus\/index.php\/2026\/09\/02\/asteburuan-mezkiritzen-bost-kirola-protagonista\/whatsapp-image-2026-08-29-at-11-17-31\/\" data-orig-file=\"https:\/\/i0.wp.com\/iratiirratia.eus\/wp-content\/uploads\/2026\/09\/WhatsApp-Image-2026-08-29-at-11.17.31.jpeg?fit=1080%2C1574&amp;ssl=1\" data-orig-size=\"1080,1574\" data-comments-opened=\"1\" data-image-meta=\"{&quot;aperture&quot;:&quot;0&quot;,&quot;credit&quot;:&quot;&quot;,&quot;camera&quot;:&quot;&quot;,&quot;caption&quot;:&quot;&quot;,&quot;created_timestamp&quot;:&quot;0&quot;,&quot;copyright&quot;:&quot;&quot;,&quot;focal_length&quot;:&quot;0&quot;,&quot;iso&quot;:&quot;0&quot;,&quot;shutter_speed&quot;:&quot;0&quot;,&quot;title&quot;:&quot;&quot;,&quot;orientation&quot;:&quot;0&quot;}\" data-image-title=\"WhatsApp-Image-2026-08-29-at-11.17.31\" data-image-description=\"\" data-image-caption=\"\" data-medium-file=\"https:\/\/i0.wp.com\/iratiirratia.eus\/wp-content\/uploads\/2026\/09\/WhatsApp-Image-2026-08-29-at-11.17.31.jpeg?fit=206%2C300&amp;ssl=1\" data-large-file=\"https:\/\/i0.wp.com\/iratiirratia.eus\/wp-content\/uploads\/2026\/09\/WhatsApp-Image-2026-08-29-at-11.17.31.jpeg?fit=640%2C932&amp;ssl=1\" decoding=\"async\" loading=\"lazy\" width=\"640\" height=\"932\" src=\"https:\/\/i0.wp.com\/iratiirratia.eus\/wp-content\/uploads\/2026\/09\/WhatsApp-Image-2026-08-29-at-11.17.31-703x1024.jpeg?resize=640%2C932&#038;ssl=1\" alt=\"\" class=\"wp-image-24238\" srcset=\"https:\/\/i0.wp.com\/iratiirratia.eus\/wp-content\/uploads\/2026\/09\/WhatsApp-Image-2026-08-29-at-11.17.31.jpeg?resize=703%2C1024&amp;ssl=1 703w, https:\/\/i0.wp.com\/iratiirratia.eus\/wp-content\/uploads\/2026\/09\/WhatsApp-Image-2026-08-29-at-11.17.31.jpeg?resize=206%2C300&amp;ssl=1 206w, https:\/\/i0.wp.com\/iratiirratia.eus\/wp-content\/uploads\/2026\/09\/WhatsApp-Image-2026-08-29-at-11.17.31.jpeg?resize=768%2C1119&amp;ssl=1 768w, https:\/\/i0.wp.com\/iratiirratia.eus\/wp-content\/uploads\/2026\/09\/WhatsApp-Image-2026-08-29-at-11.17.31.jpeg?resize=1054%2C1536&amp;ssl=1 1054w, https:\/\/i0.wp.com\/iratiirratia.eus\/wp-content\/uploads\/2026\/09\/WhatsApp-Image-2026-08-29-at-11.17.31.jpeg?resize=700%2C1020&amp;ssl=1 700w, https:\/\/i0.wp.com\/iratiirratia.eus\/wp-content\/uploads\/2026\/09\/WhatsApp-Image-2026-08-29-at-11.17.31.jpeg?w=1080&amp;ssl=1 1080w\" sizes=\"(max-width: 640px) 100vw, 640px\" data-recalc-dims=\"1\" \/><\/figure>\n","protected":false},"excerpt":{"rendered":"<p>1982an hasi zen Bost Kirol ekimena martxan. Pilotari bakoitzak erreminta desberdinetan euren doaiak erakustea zuen helburua eta hoberenak lortzen zuen Joxe Ulibarrenak ondutako garaikurra. Historia asko duen kirol ekimena da eta tarte batez ospatu ez bazen ere duela bi urte Nafarroako Pilota Federazioak, Mezkiritzeko kontzejuak, Herriko Txoko elkarteak eta Leku Ona taldeak ekimena berreskuratzeari ekin [&hellip;]<\/p>\n","protected":false},"author":6,"featured_media":24238,"comment_status":"open","ping_status":"open","sticky":false,"template":"","format":"standard","meta":{"jetpack_post_was_ever_published":false,"_jetpack_newsletter_access":"","_jetpack_newsletter_tier_id":0,"jetpack_publicize_message":"","jetpack_is_tweetstorm":false,"jetpack_publicize_feature_enabled":true,"jetpack_social_post_already_shared":true,"jetpack_social_options":{"image_generator_settings":{"template":"highway","enabled":false}}},"categories":[2,6,228,1093],"tags":[3253,3252,4387,802,356],"jetpack_publicize_connections":[],"jetpack_featured_media_url":"https:\/\/i0.wp.com\/iratiirratia.eus\/wp-content\/uploads\/2026\/09\/WhatsApp-Image-2026-08-29-at-11.17.31.jpeg?fit=1080%2C1574&ssl=1","jetpack_shortlink":"https:\/\/wp.me\/p7eaXY-6iV","jetpack_sharing_enabled":true,"jetpack-related-posts":[{"id":22520,"url":"https:\/\/iratiirratia.eus\/index.php\/2025\/09\/03\/larunbatean-ospatuko-da-mezkiritzen-bost-kirolaren-39-edizioa\/","url_meta":{"origin":24237,"position":0},"title":"Larunbatean ospatuko da Mezkiritzen Bost Kirolaren 39. edizioa","author":"Eneko Villegas","date":"3 iraila, 2025","format":false,"excerpt":"Pilotaririk osatuena bilatzea xedez sortu zen Bost Kirol egitasmoa 1982an. Bertan eskarmentu handiko pilotariak aritu ziren urtez-urte bere doaiak azaleratzen. Ondoren, tarte batez utzi zitzaion antolatzeari eta iaz berreskuratzeko ideia otu zitzaien. Bertan bi talde aritu eginen ziren bata bestearen aurka modalitate desberdinetan eta arrakasta haundia izan zuen. Iazko esperientzia\u2026","rel":"","context":"In &quot;Berriak&quot;","block_context":{"text":"Berriak","link":"https:\/\/iratiirratia.eus\/index.php\/category\/berriak\/"},"img":{"alt_text":"","src":"https:\/\/i0.wp.com\/iratiirratia.eus\/wp-content\/uploads\/2025\/09\/BostKirol2025.jpg?fit=834%2C1200&ssl=1&resize=350%2C200","width":350,"height":200,"srcset":"https:\/\/i0.wp.com\/iratiirratia.eus\/wp-content\/uploads\/2025\/09\/BostKirol2025.jpg?fit=834%2C1200&ssl=1&resize=350%2C200 1x, https:\/\/i0.wp.com\/iratiirratia.eus\/wp-content\/uploads\/2025\/09\/BostKirol2025.jpg?fit=834%2C1200&ssl=1&resize=525%2C300 1.5x, https:\/\/i0.wp.com\/iratiirratia.eus\/wp-content\/uploads\/2025\/09\/BostKirol2025.jpg?fit=834%2C1200&ssl=1&resize=700%2C400 2x"},"classes":[]},{"id":20434,"url":"https:\/\/iratiirratia.eus\/index.php\/2024\/09\/07\/larunbata-honetan-bueltatuko-da-mezkiritzeko-bost-kirola\/","url_meta":{"origin":24237,"position":1},"title":"Larunbata honetan bueltatuko da Mezkiritzeko Bost Kirola","author":"Eneko Villegas","date":"7 iraila, 2024","format":false,"excerpt":"16 urteren ondoren bueltan izanen da Mezkiritzeko Bost Kirol egitasmoa. Kirol ekinaldi hau 1982an izan zuen hasiera eta elkargune garrantzitsua izan zen garaian zonaldeko jendearentzat. Lehen norbanakoek jokatzen bazuten ere, gogorregia zenez, gaur egun taldeka lehiatuko dira bi talde Ligezta eta Lezemotz, bosna partaide dituztelarik. Izanen diren modalitateak eskua, xare,\u2026","rel":"","context":"In &quot;Berriak&quot;","block_context":{"text":"Berriak","link":"https:\/\/iratiirratia.eus\/index.php\/category\/berriak\/"},"img":{"alt_text":"","src":"https:\/\/i0.wp.com\/iratiirratia.eus\/wp-content\/uploads\/2024\/09\/Bostkirol.jpg?fit=848%2C1200&ssl=1&resize=350%2C200","width":350,"height":200,"srcset":"https:\/\/i0.wp.com\/iratiirratia.eus\/wp-content\/uploads\/2024\/09\/Bostkirol.jpg?fit=848%2C1200&ssl=1&resize=350%2C200 1x, https:\/\/i0.wp.com\/iratiirratia.eus\/wp-content\/uploads\/2024\/09\/Bostkirol.jpg?fit=848%2C1200&ssl=1&resize=525%2C300 1.5x, https:\/\/i0.wp.com\/iratiirratia.eus\/wp-content\/uploads\/2024\/09\/Bostkirol.jpg?fit=848%2C1200&ssl=1&resize=700%2C400 2x"},"classes":[]},{"id":12070,"url":"https:\/\/iratiirratia.eus\/index.php\/2018\/04\/26\/gurs-en-izandako-auriztarrak-gogoan\/","url_meta":{"origin":24237,"position":2},"title":"Gurs-en izandako auriztarrak gogoan","author":"Irati Irratia","date":"26 apirila, 2018","format":false,"excerpt":"Gaurko saioan Joxepe Irigaray izan dugu, Oroit ezazu Gurseko Auriztarrak liburuaren egilea. Bost izen identifikatu zituen iaz Nafar Gobernuak ateratako zerrendetan eta ikerketarekin hasi zen. 5 izen horien historia ezagutu eta partekatu behar zuela adierazi digu. Oroimena lantzea dela helburua ere aitortu digu, herri bezala duten oroimena. Klikatu hemen elkarrizketa\u2026","rel":"","context":"In &quot;Berriak&quot;","block_context":{"text":"Berriak","link":"https:\/\/iratiirratia.eus\/index.php\/category\/berriak\/"},"img":{"alt_text":"","src":"https:\/\/i0.wp.com\/iratiirratia.eus\/wp-content\/uploads\/2018\/04\/WhatsApp-Image-2018-04-26-at-14.52.55-1-e1524747759581.jpeg?fit=684%2C288&ssl=1&resize=350%2C200","width":350,"height":200,"srcset":"https:\/\/i0.wp.com\/iratiirratia.eus\/wp-content\/uploads\/2018\/04\/WhatsApp-Image-2018-04-26-at-14.52.55-1-e1524747759581.jpeg?fit=684%2C288&ssl=1&resize=350%2C200 1x, https:\/\/i0.wp.com\/iratiirratia.eus\/wp-content\/uploads\/2018\/04\/WhatsApp-Image-2018-04-26-at-14.52.55-1-e1524747759581.jpeg?fit=684%2C288&ssl=1&resize=525%2C300 1.5x"},"classes":[]},{"id":6660,"url":"https:\/\/iratiirratia.eus\/index.php\/2015\/09\/02\/javi-luismi-eta-inaki-xabi-bikoteak-lehiatuko-dira-garaioako-pala-goma-txapelketako-finalean\/","url_meta":{"origin":24237,"position":3},"title":"Javi-Luismi eta I\u00f1aki-Xabi bikoteak lehiatuko dira Garaioako pala goma txapelketako finalean","author":"Irati Irratia","date":"2 iraila, 2015","format":false,"excerpt":"Bostgarren aldiz pala goma txapelketa egin dute Garaioan. Udan egin dituzte partiduak, eta asteburu honetan finalak jokatuko dira Herri Aldea pilotalekuan. Laugarren urtez, gainera, frontenis txikiko txapelketa ere egin dute. Pala gomari dagokionez, Javi-Diego eta Alberto-Arturo bikoteen artean izango dira hirugarren eta laugarren postuak. Finalean, berriz, Javi-Luismi eta I\u00f1aki-Xabi bikoteak\u2026","rel":"","context":"In &quot;Berriak&quot;","block_context":{"text":"Berriak","link":"https:\/\/iratiirratia.eus\/index.php\/category\/berriak\/"},"img":{"alt_text":"IMG-20150901-WA0001","src":"https:\/\/i0.wp.com\/iratiirratia.eus\/wp-content\/uploads\/2015\/09\/IMG-20150901-WA0001.jpg?resize=350%2C200","width":350,"height":200,"srcset":"https:\/\/i0.wp.com\/iratiirratia.eus\/wp-content\/uploads\/2015\/09\/IMG-20150901-WA0001.jpg?resize=350%2C200 1x, https:\/\/i0.wp.com\/iratiirratia.eus\/wp-content\/uploads\/2015\/09\/IMG-20150901-WA0001.jpg?resize=525%2C300 1.5x, https:\/\/i0.wp.com\/iratiirratia.eus\/wp-content\/uploads\/2015\/09\/IMG-20150901-WA0001.jpg?resize=700%2C400 2x"},"classes":[]},{"id":21523,"url":"https:\/\/iratiirratia.eus\/index.php\/2025\/02\/12\/euskal-pilotaren-historia-ardatz-hitzaldia-eta-erakusketa-bana-izanen-dira-agoitzen\/","url_meta":{"origin":24237,"position":4},"title":"Euskal Pilotaren historia ardatz hitzaldia eta erakusketa bana izanen dira Agoitzen","author":"Eneko Villegas","date":"12 otsaila, 2025","format":false,"excerpt":"Historian zehar toki askotan jolastu izan da pilotekin, hala ere ohitura hori bereganatu eta nortasunaren zati bilakatzeraino soilik hemen gertatu da, Euskal Herrian eta batez ere Nafarroan. XVIII. mendean heldu zen gutxi gora behera pilota gurera eta ezkeroztik ezinbesteko gizarte topagune bilakatu. Honen ikerketa eta ondarearen jasoketaz arduratzen da Napike\u2026","rel":"","context":"In &quot;Agoitz&quot;","block_context":{"text":"Agoitz","link":"https:\/\/iratiirratia.eus\/index.php\/category\/agoitz\/"},"img":{"alt_text":"","src":"https:\/\/i0.wp.com\/iratiirratia.eus\/wp-content\/uploads\/2025\/02\/Logo-napike-b.png?fit=681%2C264&ssl=1&resize=350%2C200","width":350,"height":200,"srcset":"https:\/\/i0.wp.com\/iratiirratia.eus\/wp-content\/uploads\/2025\/02\/Logo-napike-b.png?fit=681%2C264&ssl=1&resize=350%2C200 1x, https:\/\/i0.wp.com\/iratiirratia.eus\/wp-content\/uploads\/2025\/02\/Logo-napike-b.png?fit=681%2C264&ssl=1&resize=525%2C300 1.5x"},"classes":[]},{"id":5414,"url":"https:\/\/iratiirratia.eus\/index.php\/2014\/10\/24\/paris-365-bost-urte\/","url_meta":{"origin":24237,"position":5},"title":"Paris 365, bost urte","author":"Irati Irratia","date":"24 urria, 2014","format":false,"excerpt":"Izenburua: Paris 365, bost urte Iraupena: 0:15 min Klikatu hemen saioa jaisteko [audio:http:\/\/iratiirratia.net\/audio\/5parisa365.mp3|titles=Egun on, Au\u00f1amendi! 14-10-24]","rel":"","context":"In &quot;Egun on, Au\u00f1amendi!&quot;","block_context":{"text":"Egun on, Au\u00f1amendi!","link":"https:\/\/iratiirratia.eus\/index.php\/category\/egunon-aunamendi\/"},"img":{"alt_text":"","src":"","width":0,"height":0},"classes":[]}],"_links":{"self":[{"href":"https:\/\/iratiirratia.eus\/index.php\/wp-json\/wp\/v2\/posts\/24237"}],"collection":[{"href":"https:\/\/iratiirratia.eus\/index.php\/wp-json\/wp\/v2\/posts"}],"about":[{"href":"https:\/\/iratiirratia.eus\/index.php\/wp-json\/wp\/v2\/types\/post"}],"author":[{"embeddable":true,"href":"https:\/\/iratiirratia.eus\/index.php\/wp-json\/wp\/v2\/users\/6"}],"replies":[{"embeddable":true,"href":"https:\/\/iratiirratia.eus\/index.php\/wp-json\/wp\/v2\/comments?post=24237"}],"version-history":[{"count":2,"href":"https:\/\/iratiirratia.eus\/index.php\/wp-json\/wp\/v2\/posts\/24237\/revisions"}],"predecessor-version":[{"id":24242,"href":"https:\/\/iratiirratia.eus\/index.php\/wp-json\/wp\/v2\/posts\/24237\/revisions\/24242"}],"wp:featuredmedia":[{"embeddable":true,"href":"https:\/\/iratiirratia.eus\/index.php\/wp-json\/wp\/v2\/media\/24238"}],"wp:attachment":[{"href":"https:\/\/iratiirratia.eus\/index.php\/wp-json\/wp\/v2\/media?parent=24237"}],"wp:term":[{"taxonomy":"category","embeddable":true,"href":"https:\/\/iratiirratia.eus\/index.php\/wp-json\/wp\/v2\/categories?post=24237"},{"taxonomy":"post_tag","embeddable":true,"href":"https:\/\/iratiirratia.eus\/index.php\/wp-json\/wp\/v2\/tags?post=24237"}],"curies":[{"name":"wp","href":"https:\/\/api.w.org\/{rel}","templated":true}]}}