{"id":461,"date":"2011-04-18T13:05:15","date_gmt":"2011-04-18T11:05:15","guid":{"rendered":"http:\/\/iratiirratia.net\/?p=461"},"modified":"2011-04-18T13:05:15","modified_gmt":"2011-04-18T11:05:15","slug":"el-irati-k-100-urte-beteko-ditu","status":"publish","type":"post","link":"https:\/\/iratiirratia.eus\/index.php\/2011\/04\/18\/el-irati-k-100-urte-beteko-ditu\/","title":{"rendered":"&#8216;El Irati&#8217;-k 100 urte beteko ditu"},"content":{"rendered":"<p>Diario de Noticias-en artikulua:<\/p>\n<p>&#8216;El Irati&#8217; 100 a\u00f1os de su primer viaje<br \/>\nEl 23 de abril de 1911 el ferrocarril el\u00e9ctrico hac\u00eda su primer servicio, revolucionando la merindad de Sang\u00fcesa<\/p>\n<p>http:\/\/www.noticiasdenavarra.com\/2011\/04\/18\/vecinos\/sangesapirineos\/el-irati-100-anos-de-su-primer-viaje<\/p>\n","protected":false},"excerpt":{"rendered":"<p>Diario de Noticias-en artikulua: &#8216;El Irati&#8217; 100 a\u00f1os de su primer viaje El 23 de abril de 1911 el ferrocarril el\u00e9ctrico hac\u00eda su primer servicio, revolucionando la merindad de Sang\u00fcesa http:\/\/www.noticiasdenavarra.com\/2011\/04\/18\/vecinos\/sangesapirineos\/el-irati-100-anos-de-su-primer-viaje<\/p>\n","protected":false},"author":1,"featured_media":0,"comment_status":"open","ping_status":"open","sticky":false,"template":"","format":"standard","meta":{"jetpack_post_was_ever_published":false,"_jetpack_newsletter_access":"","_jetpack_newsletter_tier_id":0,"jetpack_publicize_message":"","jetpack_is_tweetstorm":false,"jetpack_publicize_feature_enabled":true,"jetpack_social_post_already_shared":false,"jetpack_social_options":{"image_generator_settings":{"template":"highway","enabled":false}}},"categories":[2],"tags":[],"jetpack_publicize_connections":[],"jetpack_featured_media_url":"","jetpack_shortlink":"https:\/\/wp.me\/p7eaXY-7r","jetpack_sharing_enabled":true,"jetpack-related-posts":[{"id":20890,"url":"https:\/\/iratiirratia.eus\/index.php\/2024\/10\/17\/el-grupo-diraki-ya-ha-terminado-sus-trabajos-de-grabacion-de-su-proximo-trabajo-un-disco-compartido-con-el-grupo-aingura-hablamos-con-javi-uranga-miembro-del-grupo\/","url_meta":{"origin":461,"position":0},"title":"El grupo &#8220;Diraki&#8221; ya ha terminado sus trabajos de grabaci\u00f3n de su pr\u00f3ximo trabajo. Un disco compartido con el grupo &#8220;Aingura&#8221;. Hablamos con Javi Uranga miembro del grupo.","author":"Eneko Villegas","date":"17 urria, 2024","format":false,"excerpt":"El grupo navarro Diraki ha terminado de grabar el que ser\u00e1 su \u00faltimo trabajo en los estudios Sound of Sirens de Iru\u00f1a. Hablamos con Javi Uranga cantante y guitarra del grupo. El aezkoarra nos cuenta el proceso de grabaci\u00f3n en el estudio y el devenir del grupo a partir de\u2026","rel":"","context":"In &quot;Elkarrizketak&quot;","block_context":{"text":"Elkarrizketak","link":"https:\/\/iratiirratia.eus\/index.php\/category\/elkarrizketak\/"},"img":{"alt_text":"","src":"https:\/\/i0.wp.com\/iratiirratia.eus\/wp-content\/uploads\/2024\/10\/diraki.jpg?fit=1200%2C199&ssl=1&resize=350%2C200","width":350,"height":200,"srcset":"https:\/\/i0.wp.com\/iratiirratia.eus\/wp-content\/uploads\/2024\/10\/diraki.jpg?fit=1200%2C199&ssl=1&resize=350%2C200 1x, https:\/\/i0.wp.com\/iratiirratia.eus\/wp-content\/uploads\/2024\/10\/diraki.jpg?fit=1200%2C199&ssl=1&resize=525%2C300 1.5x, https:\/\/i0.wp.com\/iratiirratia.eus\/wp-content\/uploads\/2024\/10\/diraki.jpg?fit=1200%2C199&ssl=1&resize=700%2C400 2x, https:\/\/i0.wp.com\/iratiirratia.eus\/wp-content\/uploads\/2024\/10\/diraki.jpg?fit=1200%2C199&ssl=1&resize=1050%2C600 3x"},"classes":[]},{"id":4146,"url":"https:\/\/iratiirratia.eus\/index.php\/2013\/09\/18\/entrevista-a-pello-gerra-ri-elkarrizketa-sobre-su-ultima-novela-el-libro-de-la-navarra-perdida\/","url_meta":{"origin":461,"position":1},"title":"Entrevista a Pello Gerra-ri elkarrizketa (Sobre su \u00faltima novela: &#8216;El libro de la Navarra perdida&#8217;)","author":"Irati Irratia","date":"18 iraila, 2013","format":false,"excerpt":"Izenburua: Entrevista a Pello Gerra-ri elkarrizketa Iraupena: 0:25 ordu Klikatu hemen saioa jaisteko [audio:http:\/\/iratiirratia.net\/audio\/3pello_gerra.mp3|titles=Egunon Au\u00f1amendi! 3pello_gerra]","rel":"","context":"In &quot;Egun on, Au\u00f1amendi!&quot;","block_context":{"text":"Egun on, Au\u00f1amendi!","link":"https:\/\/iratiirratia.eus\/index.php\/category\/egunon-aunamendi\/"},"img":{"alt_text":"","src":"","width":0,"height":0},"classes":[]},{"id":7501,"url":"https:\/\/iratiirratia.eus\/index.php\/2015\/12\/10\/orbaizetako-olan-kokatutako-nobela-beltz-bat-aurkeztu-digu-ibon-martinek\/","url_meta":{"origin":461,"position":2},"title":"Orbaizetako Olan kokatutako nobela beltz bat aurkeztu digu Ibon Martin idazleak","author":"Irati Irratia","date":"10 abendua, 2015","format":false,"excerpt":"La F\u00e1brica de las Sombras liburua ezagutu dugu. Ibon Martin idazle donostiarrak idatzitako nobela beltza da. Harekin izan gara gaur liburuan topatuko dugunaz solasean. [audio:http:\/\/iratiirratia.eus\/audio\/15-12-10_Lafabricadelassombras.mp3|titles= Ibon Martin] Klikatu hemen elkarrizketa jaisteko Anochece en el norte de Navarra. Una fr\u00eda niebla flota entre los \u00e1rboles de la selva de Irati, que\u2026","rel":"","context":"In &quot;Berriak&quot;","block_context":{"text":"Berriak","link":"https:\/\/iratiirratia.eus\/index.php\/category\/berriak\/"},"img":{"alt_text":"","src":"https:\/\/i0.wp.com\/iratiirratia.eus\/wp-content\/uploads\/2015\/12\/orbaitzeta-ojodigi-e1449749996369.jpg?fit=900%2C236&ssl=1&resize=350%2C200","width":350,"height":200,"srcset":"https:\/\/i0.wp.com\/iratiirratia.eus\/wp-content\/uploads\/2015\/12\/orbaitzeta-ojodigi-e1449749996369.jpg?fit=900%2C236&ssl=1&resize=350%2C200 1x, https:\/\/i0.wp.com\/iratiirratia.eus\/wp-content\/uploads\/2015\/12\/orbaitzeta-ojodigi-e1449749996369.jpg?fit=900%2C236&ssl=1&resize=525%2C300 1.5x, https:\/\/i0.wp.com\/iratiirratia.eus\/wp-content\/uploads\/2015\/12\/orbaitzeta-ojodigi-e1449749996369.jpg?fit=900%2C236&ssl=1&resize=700%2C400 2x"},"classes":[]},{"id":14408,"url":"https:\/\/iratiirratia.eus\/index.php\/2020\/01\/10\/bertso-eta-natura-artean\/","url_meta":{"origin":461,"position":3},"title":"Bertso eta natura artean","author":"Irati Irratia","date":"10 urtarrila, 2020","format":false,"excerpt":"Larunbata 19:00tan Agoitzeko kultur etxean poesiarekin zita bat dugu. Bertan \"El Azar de los Nombres\" liburua aurkeztuko da eta aldi berean \"Naturaleza Versal\" ekimeneko hainbat parte-hartzaile arituko dira euren poemak irakurtzen. Guzti honetaz, Socorro Latasarekin hitz egin dugu, bera baita \"El azar de los nombres\" liburuaren egilea. Gure gozamenerako ere\u2026","rel":"","context":"In &quot;Berriak&quot;","block_context":{"text":"Berriak","link":"https:\/\/iratiirratia.eus\/index.php\/category\/berriak\/"},"img":{"alt_text":"","src":"https:\/\/i0.wp.com\/iratiirratia.eus\/wp-content\/uploads\/2020\/01\/Poetas-de-Naturaleza-Versal.jpg?fit=736%2C391&ssl=1&resize=350%2C200","width":350,"height":200,"srcset":"https:\/\/i0.wp.com\/iratiirratia.eus\/wp-content\/uploads\/2020\/01\/Poetas-de-Naturaleza-Versal.jpg?fit=736%2C391&ssl=1&resize=350%2C200 1x, https:\/\/i0.wp.com\/iratiirratia.eus\/wp-content\/uploads\/2020\/01\/Poetas-de-Naturaleza-Versal.jpg?fit=736%2C391&ssl=1&resize=525%2C300 1.5x, https:\/\/i0.wp.com\/iratiirratia.eus\/wp-content\/uploads\/2020\/01\/Poetas-de-Naturaleza-Versal.jpg?fit=736%2C391&ssl=1&resize=700%2C400 2x"},"classes":[]},{"id":14033,"url":"https:\/\/iratiirratia.eus\/index.php\/2019\/10\/04\/sentimentuetara-bidaia-anjanaren-eskutik\/","url_meta":{"origin":461,"position":4},"title":"Sentimentuetara bidaia Anjanaren eskutik","author":"Irati Irratia","date":"4 urria, 2019","format":false,"excerpt":"Beste behin ere izan dugu Miren Nekane Anjana gurekin. Gaurkoan liburu berri baten aurkezpena aitzakitzat hartuta izan dugu gurean. Liburu hori \"El viaje al mundo de los sentidos- Concimiento\" dauka titulutzat. Berarekin luze eta zabal aritu gara honen inguruan solasean. Gogoratu gaur 19:00tan Auzperriko liburutegian Entzun edo jeitsi elkarrizketa. [audio:http:\/\/iratiirratia.eus\/audio\/19-10-04MirenSentimientos.mp3]","rel":"","context":"In &quot;Aurizberriko Liburutegi Publikoa&quot;","block_context":{"text":"Aurizberriko Liburutegi Publikoa","link":"https:\/\/iratiirratia.eus\/index.php\/category\/aurizberriko-liburutegi-publikoa\/"},"img":{"alt_text":"","src":"https:\/\/i0.wp.com\/iratiirratia.eus\/wp-content\/uploads\/2019\/10\/WhatsApp-Image-2019-10-04-at-14.36.11-1-e1570193657739.jpeg?fit=1131%2C420&ssl=1&resize=350%2C200","width":350,"height":200,"srcset":"https:\/\/i0.wp.com\/iratiirratia.eus\/wp-content\/uploads\/2019\/10\/WhatsApp-Image-2019-10-04-at-14.36.11-1-e1570193657739.jpeg?fit=1131%2C420&ssl=1&resize=350%2C200 1x, https:\/\/i0.wp.com\/iratiirratia.eus\/wp-content\/uploads\/2019\/10\/WhatsApp-Image-2019-10-04-at-14.36.11-1-e1570193657739.jpeg?fit=1131%2C420&ssl=1&resize=525%2C300 1.5x, https:\/\/i0.wp.com\/iratiirratia.eus\/wp-content\/uploads\/2019\/10\/WhatsApp-Image-2019-10-04-at-14.36.11-1-e1570193657739.jpeg?fit=1131%2C420&ssl=1&resize=700%2C400 2x, https:\/\/i0.wp.com\/iratiirratia.eus\/wp-content\/uploads\/2019\/10\/WhatsApp-Image-2019-10-04-at-14.36.11-1-e1570193657739.jpeg?fit=1131%2C420&ssl=1&resize=1050%2C600 3x"},"classes":[]},{"id":20679,"url":"https:\/\/iratiirratia.eus\/index.php\/2024\/10\/10\/vecinas-diversas-vecinas-dispersas-el-teatro-llega-a-luzaide-valcarlos-el-sabado-a-las-1930\/","url_meta":{"origin":461,"position":5},"title":"&#8220;Vecinas Diversas Vecinas Dispersas&#8221; el teatro llega a Luzaide-Valcarlos el s\u00e1bado a las 19:30","author":"Eneko Villegas","date":"10 urria, 2024","format":false,"excerpt":"Hablamos con Ainhoa Ruiz actriz y parte de la cooperativa de mujeres dedicadas a las artes esc\u00e9nicas \"TDiferencia\". Esta cooperativa son las encargadas de traer su teatro \"Vecinas Diversas Vecinas Dispersas\" este s\u00e1bado 12 de octubre en la sala de cine del ayuntamiento de Luzaide-Valcarlos a las 19:30 de la\u2026","rel":"","context":"In &quot;Elkarrizketak&quot;","block_context":{"text":"Elkarrizketak","link":"https:\/\/iratiirratia.eus\/index.php\/category\/elkarrizketak\/"},"img":{"alt_text":"","src":"https:\/\/i0.wp.com\/iratiirratia.eus\/wp-content\/uploads\/2024\/10\/vecinas.jpg?fit=566%2C800&ssl=1&resize=350%2C200","width":350,"height":200,"srcset":"https:\/\/i0.wp.com\/iratiirratia.eus\/wp-content\/uploads\/2024\/10\/vecinas.jpg?fit=566%2C800&ssl=1&resize=350%2C200 1x, https:\/\/i0.wp.com\/iratiirratia.eus\/wp-content\/uploads\/2024\/10\/vecinas.jpg?fit=566%2C800&ssl=1&resize=525%2C300 1.5x"},"classes":[]}],"_links":{"self":[{"href":"https:\/\/iratiirratia.eus\/index.php\/wp-json\/wp\/v2\/posts\/461"}],"collection":[{"href":"https:\/\/iratiirratia.eus\/index.php\/wp-json\/wp\/v2\/posts"}],"about":[{"href":"https:\/\/iratiirratia.eus\/index.php\/wp-json\/wp\/v2\/types\/post"}],"author":[{"embeddable":true,"href":"https:\/\/iratiirratia.eus\/index.php\/wp-json\/wp\/v2\/users\/1"}],"replies":[{"embeddable":true,"href":"https:\/\/iratiirratia.eus\/index.php\/wp-json\/wp\/v2\/comments?post=461"}],"version-history":[{"count":0,"href":"https:\/\/iratiirratia.eus\/index.php\/wp-json\/wp\/v2\/posts\/461\/revisions"}],"wp:attachment":[{"href":"https:\/\/iratiirratia.eus\/index.php\/wp-json\/wp\/v2\/media?parent=461"}],"wp:term":[{"taxonomy":"category","embeddable":true,"href":"https:\/\/iratiirratia.eus\/index.php\/wp-json\/wp\/v2\/categories?post=461"},{"taxonomy":"post_tag","embeddable":true,"href":"https:\/\/iratiirratia.eus\/index.php\/wp-json\/wp\/v2\/tags?post=461"}],"curies":[{"name":"wp","href":"https:\/\/api.w.org\/{rel}","templated":true}]}}