{"id":481,"date":"2011-04-20T12:28:59","date_gmt":"2011-04-20T10:28:59","guid":{"rendered":"http:\/\/iratiirratia.net\/?p=481"},"modified":"2011-04-20T12:28:59","modified_gmt":"2011-04-20T10:28:59","slug":"m22-aezkoako-zerrendak","status":"publish","type":"post","link":"https:\/\/iratiirratia.eus\/index.php\/2011\/04\/20\/m22-aezkoako-zerrendak\/","title":{"rendered":"M22: Aezkoako zerrendak"},"content":{"rendered":"<p>Abaurrepea\/Abaurrea Baja<br \/>\nAGRUPACION ELECTORES SAN MARTIN (AESM) (R-166)<br \/>\n1. JUAN JOSE SALON AROZARENA<br \/>\n2. GREGORIO AROZARENA IRIARTE<br \/>\n3. MARIA ROSARIO SALON AROZARENA<\/p>\n<p>Aria<br \/>\nAGRUPACION INDEPENDIENTE DE ARIA ( A.I.A.) (R-97)<br \/>\n1. RAMON ITURRALDE RETEGUI<br \/>\n2. JUAN CARLOS INDAVE LARA<br \/>\n3. INES AMBROSIA JUANDEBURRE MAISTERRA<\/p>\n<p>Aribe<br \/>\nAGRUPACION INDEPENDIENTE DE ARIBE (R-122)<br \/>\n1. NICOLAS CIRIZA GONZALEZ<br \/>\n2. TEODORO BARRIO LAURENZ<br \/>\n3. JUAN MARTIN ELIZONDO MAISTERRA<\/p>\n<p>Orbaizeta<br \/>\nAGRUPACION ELECTORAL TXANTXALAN (R-197)<br \/>\n1. FERMIN ERDOZAIN LARRA\u00d1ETA<br \/>\n2. LAURA REDIN LOREA<br \/>\n3. KOLDO LANDA ARCELUS<br \/>\n4. DAVID ELIZONDO ALMIRANTEARENA<br \/>\n5. SERGIO MUGICA CHAPAR<\/p>\n<p>Orbara<br \/>\nAGRUPACION ELECTORAL DE ORBARA (R-188)<br \/>\n1. GORKA BEUNZA GONZALEZ<br \/>\n2. ASIER BEUNZA GONZALEZ<br \/>\n3. JAVIER BEUNZA ALCIBARARECHULUAGA<\/p>\n<p>Informazio gehiago: http:\/\/www.navarra.es\/home_es\/Actualidad\/BON\/Boletines\/2011\/77\/Anuncio-17\/<\/p>\n","protected":false},"excerpt":{"rendered":"<p>Abaurrepea\/Abaurrea Baja AGRUPACION ELECTORES SAN MARTIN (AESM) (R-166) 1. JUAN JOSE SALON AROZARENA 2. GREGORIO AROZARENA IRIARTE 3. MARIA ROSARIO SALON AROZARENA Aria AGRUPACION INDEPENDIENTE DE ARIA ( A.I.A.) (R-97) 1. RAMON ITURRALDE RETEGUI 2. JUAN CARLOS INDAVE LARA 3. INES AMBROSIA JUANDEBURRE MAISTERRA Aribe AGRUPACION INDEPENDIENTE DE ARIBE (R-122) 1. NICOLAS CIRIZA GONZALEZ 2. [&hellip;]<\/p>\n","protected":false},"author":1,"featured_media":0,"comment_status":"open","ping_status":"open","sticky":false,"template":"","format":"standard","meta":{"jetpack_post_was_ever_published":false,"_jetpack_newsletter_access":"","_jetpack_newsletter_tier_id":0,"jetpack_publicize_message":"","jetpack_is_tweetstorm":false,"jetpack_publicize_feature_enabled":true,"jetpack_social_post_already_shared":false,"jetpack_social_options":{"image_generator_settings":{"template":"highway","enabled":false}}},"categories":[2],"tags":[],"jetpack_publicize_connections":[],"jetpack_featured_media_url":"","jetpack_shortlink":"https:\/\/wp.me\/p7eaXY-7L","jetpack_sharing_enabled":true,"jetpack-related-posts":[{"id":483,"url":"https:\/\/iratiirratia.eus\/index.php\/2011\/04\/20\/m22erroko-zerrendak\/","url_meta":{"origin":481,"position":0},"title":"M22: Erroko zerrendak","author":"Irati Irratia","date":"20 apirila, 2011","format":false,"excerpt":"Erro AGRUPACION INDEPENDIENTE DEL VALLE DE ERRO (AIVE) (R-59) 1. ENRIQUE GARRALDA ERRO 2. JESUS ESTEBAN JUANARENA APESTEGUIA 3. MIGUEL ECHAMENDI HERNANDEZ 4. MIREN ORREAGA URTASUN ALEGRE 5. ALVARO VILLANUEVA AZCARATE 6. LAZARO JAVIER AINCIBURU ERNETA 7. VICENTE TORREA LARRAMENDI Suplentes 1. PABLO ITULAIN URRUTIA 2. JAVIER JAUQUICOA URDANIZ 3.\u2026","rel":"","context":"In &quot;Berriak&quot;","block_context":{"text":"Berriak","link":"https:\/\/iratiirratia.eus\/index.php\/category\/berriak\/"},"img":{"alt_text":"","src":"","width":0,"height":0},"classes":[]},{"id":485,"url":"https:\/\/iratiirratia.eus\/index.php\/2011\/04\/20\/m22-auritz-orreaga-luzaide-eta-orotz-beteluko\/","url_meta":{"origin":481,"position":1},"title":"M22: Auritz, Orreaga, Luzaide eta Orotz-Beteluko zerrendak","author":"Irati Irratia","date":"20 apirila, 2011","format":false,"excerpt":"Auritz\/Burguete EUZKO ALDERDI JETZALEA-PARTIDO NACIONALISTA VASCO (EAJ-PNV) (R-11) 1. LUIS ALFONSO POTESTAD TELLECHEA (Independiente) 2. JESUS MARTINEZ RICO 3. PEDRO JUAN KARRIKA NARBAITZ 4. ALBERTO IGNACIO HUARTE RECA (Independiente) 5. ARKAITZ KARRIKA IRIBARREN 6. I\u00d1AKI XABIER YOLLER URDIROZ (Independiente) 7. I\u00d1AKI ETXENIKE GUTIERREZ (Independiente) AGRUPACION INDEPENDIENTE ARANANDI (R-25) 1. JOSE\u2026","rel":"","context":"In &quot;Berriak&quot;","block_context":{"text":"Berriak","link":"https:\/\/iratiirratia.eus\/index.php\/category\/berriak\/"},"img":{"alt_text":"","src":"","width":0,"height":0},"classes":[]},{"id":7716,"url":"https:\/\/iratiirratia.eus\/index.php\/2015\/11\/20\/abenduaren-20an-izango-dira-garralda-eta-oroz-beteluko-hauteskundeak\/","url_meta":{"origin":481,"position":2},"title":"Abenduaren 20an izango dira Garralda eta Oroz Beteluko hauteskundeak","author":"Irati Irratia","date":"20 azaroa, 2015","format":false,"excerpt":"Maiatzeko hauteskundeetan hautagaitzarik izan ez zuten udaletan ere abenduaren 20an egingo dituzte hauteskundeak, Espainiako Estatuko hauteskunde orokorrekin batera. Kontzejuetan ere izanen dira hauteskundeak egun berean. Asteazkenean, Nafarroako Aldizkari Ofizialean argitaratu zituzten aurkeztutako hautagaitzak. Garralda eta Oroz Betelun hautagaitza bakarra izanen da; baita Saragueta eta Arrietako kontzejuetan. Luzaiden eta Hiriberrin, berriz,\u2026","rel":"","context":"In &quot;Berriak&quot;","block_context":{"text":"Berriak","link":"https:\/\/iratiirratia.eus\/index.php\/category\/berriak\/"},"img":{"alt_text":"","src":"https:\/\/i0.wp.com\/sinetiquetas.org\/wp-content\/uploads\/2015\/10\/elecciones.jpg?resize=350%2C200","width":350,"height":200,"srcset":"https:\/\/i0.wp.com\/sinetiquetas.org\/wp-content\/uploads\/2015\/10\/elecciones.jpg?resize=350%2C200 1x, https:\/\/i0.wp.com\/sinetiquetas.org\/wp-content\/uploads\/2015\/10\/elecciones.jpg?resize=525%2C300 1.5x, https:\/\/i0.wp.com\/sinetiquetas.org\/wp-content\/uploads\/2015\/10\/elecciones.jpg?resize=700%2C400 2x, https:\/\/i0.wp.com\/sinetiquetas.org\/wp-content\/uploads\/2015\/10\/elecciones.jpg?resize=1050%2C600 3x, https:\/\/i0.wp.com\/sinetiquetas.org\/wp-content\/uploads\/2015\/10\/elecciones.jpg?resize=1400%2C800 4x"},"classes":[]},{"id":1914,"url":"https:\/\/iratiirratia.eus\/index.php\/2011\/11\/16\/hautagaiak-gure-herrietan\/","url_meta":{"origin":481,"position":3},"title":"Hautagaiak gure herrietan","author":"Irati Irratia","date":"16 azaroa, 2011","format":false,"excerpt":"Igande honetan gure eskualdeko hainbat herrietan udaletxeak osatuko dira, hauek dira zerrendak: Abaurregaina Agrupaci\u00f3n de electores Gazteluberri: Francisco Javier Encaje Ara\u00f1a, Jos\u00e9 Ignacio Arregui Legaz, Asier Vidondo Arostegui, Ioseba Ordo\u00f1ez Carballo eta Javier Merino Legaz Garralda Agrupaci\u00f3n Oxarta de Garralda: Alberto Mandacen Larra\u00f1eta, Edurne Pedroarena Galdeano, Francisco Javier Juanperez Huarte,\u2026","rel":"","context":"In &quot;Oharrak&quot;","block_context":{"text":"Oharrak","link":"https:\/\/iratiirratia.eus\/index.php\/category\/abisuak\/"},"img":{"alt_text":"","src":"","width":0,"height":0},"classes":[]},{"id":9020,"url":"https:\/\/iratiirratia.eus\/index.php\/2016\/06\/21\/aunamendi-pilota-txapelketako-emaitzak\/","url_meta":{"origin":481,"position":4},"title":"Au\u00f1amendi pilota txapelketako emaitzak","author":"Irati Irratia","date":"21 ekaina, 2016","format":false,"excerpt":"Ekainaren 4an jokatu ziren Ederrena pilotalekuan Au\u00f1amendi Pilota Eskolak antolatutako txapelketako finalak. 27. edizioak parte hartze zabala izan du eta Toki ederra (Agoitz), Cantolagua (Sang\u00fcesa), Erronkari, Zaraitzu, Esteribar, Mendillorri, Lagunak (Bara\u00f1ain) eta Au\u00f1amendi eskoletako 86 pelotarik hartu dute parte (52 mutil eta 32 neska). Honela amaitu ziren pardidak: PALAZ Txikiak:\u2026","rel":"","context":"In &quot;Berriak&quot;","block_context":{"text":"Berriak","link":"https:\/\/iratiirratia.eus\/index.php\/category\/berriak\/"},"img":{"alt_text":"","src":"https:\/\/i0.wp.com\/iratiirratia.eus\/wp-content\/uploads\/2016\/06\/Sin-t\u00edtulo.png?fit=1056%2C264&ssl=1&resize=350%2C200","width":350,"height":200,"srcset":"https:\/\/i0.wp.com\/iratiirratia.eus\/wp-content\/uploads\/2016\/06\/Sin-t\u00edtulo.png?fit=1056%2C264&ssl=1&resize=350%2C200 1x, https:\/\/i0.wp.com\/iratiirratia.eus\/wp-content\/uploads\/2016\/06\/Sin-t\u00edtulo.png?fit=1056%2C264&ssl=1&resize=525%2C300 1.5x, https:\/\/i0.wp.com\/iratiirratia.eus\/wp-content\/uploads\/2016\/06\/Sin-t\u00edtulo.png?fit=1056%2C264&ssl=1&resize=700%2C400 2x, https:\/\/i0.wp.com\/iratiirratia.eus\/wp-content\/uploads\/2016\/06\/Sin-t\u00edtulo.png?fit=1056%2C264&ssl=1&resize=1050%2C600 3x"},"classes":[]},{"id":770,"url":"https:\/\/iratiirratia.eus\/index.php\/2011\/05\/23\/udalen-eta-kontsejuen-emaitzak\/","url_meta":{"origin":481,"position":5},"title":"Udalen eta kontsejuen emaitzak","author":"Irati Irratia","date":"23 maiatza, 2011","format":false,"excerpt":"UDALAK AURITZ Agrupacion Independiente Aranandi 5 zinegotzi: 123\u00a0 %62,44 EAJ\u00a0 2\u00a0 zinegotzi:\u00a0 60 ; %30,46 ERROIBAR AIVE\u00a0 5 zinegotzi:\u00a0 325 ; %61,32 Bildu\u00a0 1 zinegotzi:\u00a0 114 ; %21,51 Etorkizuna\u00a0 1 zinegotzi:\u00a0 76 ; %14,34 ORREAGA AIR 1 zinegotzi: 14 ; %70 UPN\u00a0 1 zinegotzi: 6 ; %30 KONTSEJUAK AURIZBERRI Juan\u2026","rel":"","context":"In &quot;Oharrak&quot;","block_context":{"text":"Oharrak","link":"https:\/\/iratiirratia.eus\/index.php\/category\/abisuak\/"},"img":{"alt_text":"","src":"","width":0,"height":0},"classes":[]}],"_links":{"self":[{"href":"https:\/\/iratiirratia.eus\/index.php\/wp-json\/wp\/v2\/posts\/481"}],"collection":[{"href":"https:\/\/iratiirratia.eus\/index.php\/wp-json\/wp\/v2\/posts"}],"about":[{"href":"https:\/\/iratiirratia.eus\/index.php\/wp-json\/wp\/v2\/types\/post"}],"author":[{"embeddable":true,"href":"https:\/\/iratiirratia.eus\/index.php\/wp-json\/wp\/v2\/users\/1"}],"replies":[{"embeddable":true,"href":"https:\/\/iratiirratia.eus\/index.php\/wp-json\/wp\/v2\/comments?post=481"}],"version-history":[{"count":0,"href":"https:\/\/iratiirratia.eus\/index.php\/wp-json\/wp\/v2\/posts\/481\/revisions"}],"wp:attachment":[{"href":"https:\/\/iratiirratia.eus\/index.php\/wp-json\/wp\/v2\/media?parent=481"}],"wp:term":[{"taxonomy":"category","embeddable":true,"href":"https:\/\/iratiirratia.eus\/index.php\/wp-json\/wp\/v2\/categories?post=481"},{"taxonomy":"post_tag","embeddable":true,"href":"https:\/\/iratiirratia.eus\/index.php\/wp-json\/wp\/v2\/tags?post=481"}],"curies":[{"name":"wp","href":"https:\/\/api.w.org\/{rel}","templated":true}]}}