{"id":485,"date":"2011-04-20T12:42:41","date_gmt":"2011-04-20T10:42:41","guid":{"rendered":"http:\/\/iratiirratia.net\/?p=485"},"modified":"2011-04-20T12:42:41","modified_gmt":"2011-04-20T10:42:41","slug":"m22-auritz-orreaga-luzaide-eta-orotz-beteluko","status":"publish","type":"post","link":"https:\/\/iratiirratia.eus\/index.php\/2011\/04\/20\/m22-auritz-orreaga-luzaide-eta-orotz-beteluko\/","title":{"rendered":"M22: Auritz, Orreaga, Luzaide eta Orotz-Beteluko zerrendak"},"content":{"rendered":"<p>Auritz\/Burguete<br \/>\nEUZKO ALDERDI JETZALEA-PARTIDO NACIONALISTA VASCO (EAJ-PNV) (R-11)<br \/>\n1. LUIS ALFONSO POTESTAD TELLECHEA (Independiente)<br \/>\n2. JESUS MARTINEZ RICO<br \/>\n3. PEDRO JUAN KARRIKA NARBAITZ<br \/>\n4. ALBERTO IGNACIO HUARTE RECA (Independiente)<br \/>\n5. ARKAITZ KARRIKA IRIBARREN<br \/>\n6. I\u00d1AKI XABIER YOLLER URDIROZ (Independiente)<br \/>\n7. I\u00d1AKI ETXENIKE GUTIERREZ (Independiente)<\/p>\n<p>AGRUPACION INDEPENDIENTE ARANANDI (R-25)<br \/>\n1. JOSE IRIGARAY GIL (Independiente)<br \/>\n2. MARIA ARANTZAZU OYARBIDE LAPAZARAN (Independiente)<br \/>\n3. ALEJANDRO OTEGUI ECHEVERRIA (Independiente)<br \/>\n4. MARIA RONCESVALLES AZANZA BURUSCO (Independiente)<br \/>\n5. JUAN MANUEL AZANZA BURUSCO (Independiente)<br \/>\n6. IKER OROZ GARATE (Independiente)<br \/>\n7. FRANCISCO JAVIER LERGA ESPARZA (Independiente)<\/p>\n<p>Oroz-Betelu<br \/>\nURRIZKAIN (R-118)<br \/>\n1. MIREN AINHOA MENDIA ORRADRE<br \/>\n2. FRANCISCO JAVIER ARCELUS GARRALDA<br \/>\n3. PEDRO MARIA VILLANUEVA NUIN<br \/>\n4. ITZIAR ARCELUS LECUMBERRI<br \/>\n5. ANA VICENTA ARANAZ CORDEIRO<\/p>\n<p>Orreaga\/Roncesvalles<br \/>\nUNION DEL PUEBLO NAVARRO (UPN) (R-6)<br \/>\n1. INMACULADA DE LA PALMA CAPILLA FRIAS<br \/>\nCANDIDATURA INDEPENDIENTE DE RONCESVALLES (C.I.R.) (R-51)<br \/>\n1. JESUS IDOATE GIL<br \/>\nAGRUPACION INDEPENDIENTE DE RONCESVALLES (A.I.R.) (R-66)<br \/>\n1. LUIS ECHEVERRIA ECHAVARREN<\/p>\n<p>Luzaide\/Valcarlos<br \/>\nLUZAIDEGATIK (R-183)<br \/>\n1. FERNANDO ALZON ALDAVE<br \/>\n2. PEIO HUALDE IRIBARREN<br \/>\n3. MARIA ELENA AIZPURU ZUBIZARRETA<br \/>\n4. JUAN FERMIN GARCIA AINCIBURU<br \/>\n5. CESAR FERNANDO ECHEVERRI TAPIA<br \/>\n6. FRANCISCO JAVIER JAURENA AINCIBURU<br \/>\n7. ARANTXA GO\u00d1I ARRICABERRI<br \/>\nSuplentes<br \/>\n1. MARTIN ALZON ALDAVE<br \/>\n2. DAVID VERGARA MENDAZA<\/p>\n","protected":false},"excerpt":{"rendered":"<p>Auritz\/Burguete EUZKO ALDERDI JETZALEA-PARTIDO NACIONALISTA VASCO (EAJ-PNV) (R-11) 1. LUIS ALFONSO POTESTAD TELLECHEA (Independiente) 2. JESUS MARTINEZ RICO 3. PEDRO JUAN KARRIKA NARBAITZ 4. ALBERTO IGNACIO HUARTE RECA (Independiente) 5. ARKAITZ KARRIKA IRIBARREN 6. I\u00d1AKI XABIER YOLLER URDIROZ (Independiente) 7. I\u00d1AKI ETXENIKE GUTIERREZ (Independiente) AGRUPACION INDEPENDIENTE ARANANDI (R-25) 1. JOSE IRIGARAY GIL (Independiente) 2. MARIA [&hellip;]<\/p>\n","protected":false},"author":1,"featured_media":0,"comment_status":"open","ping_status":"open","sticky":false,"template":"","format":"standard","meta":{"jetpack_post_was_ever_published":false,"_jetpack_newsletter_access":"","_jetpack_newsletter_tier_id":0,"jetpack_publicize_message":"","jetpack_is_tweetstorm":false,"jetpack_publicize_feature_enabled":true,"jetpack_social_post_already_shared":false,"jetpack_social_options":{"image_generator_settings":{"template":"highway","enabled":false}}},"categories":[2],"tags":[],"jetpack_publicize_connections":[],"jetpack_featured_media_url":"","jetpack_shortlink":"https:\/\/wp.me\/p7eaXY-7P","jetpack_sharing_enabled":true,"jetpack-related-posts":[{"id":483,"url":"https:\/\/iratiirratia.eus\/index.php\/2011\/04\/20\/m22erroko-zerrendak\/","url_meta":{"origin":485,"position":0},"title":"M22: Erroko zerrendak","author":"Irati Irratia","date":"20 apirila, 2011","format":false,"excerpt":"Erro AGRUPACION INDEPENDIENTE DEL VALLE DE ERRO (AIVE) (R-59) 1. ENRIQUE GARRALDA ERRO 2. JESUS ESTEBAN JUANARENA APESTEGUIA 3. MIGUEL ECHAMENDI HERNANDEZ 4. MIREN ORREAGA URTASUN ALEGRE 5. ALVARO VILLANUEVA AZCARATE 6. LAZARO JAVIER AINCIBURU ERNETA 7. VICENTE TORREA LARRAMENDI Suplentes 1. PABLO ITULAIN URRUTIA 2. JAVIER JAUQUICOA URDANIZ 3.\u2026","rel":"","context":"In &quot;Berriak&quot;","block_context":{"text":"Berriak","link":"https:\/\/iratiirratia.eus\/index.php\/category\/berriak\/"},"img":{"alt_text":"","src":"","width":0,"height":0},"classes":[]},{"id":481,"url":"https:\/\/iratiirratia.eus\/index.php\/2011\/04\/20\/m22-aezkoako-zerrendak\/","url_meta":{"origin":485,"position":1},"title":"M22: Aezkoako zerrendak","author":"Irati Irratia","date":"20 apirila, 2011","format":false,"excerpt":"Abaurrepea\/Abaurrea Baja AGRUPACION ELECTORES SAN MARTIN (AESM) (R-166) 1. JUAN JOSE SALON AROZARENA 2. GREGORIO AROZARENA IRIARTE 3. MARIA ROSARIO SALON AROZARENA Aria AGRUPACION INDEPENDIENTE DE ARIA ( A.I.A.) (R-97) 1. RAMON ITURRALDE RETEGUI 2. JUAN CARLOS INDAVE LARA 3. INES AMBROSIA JUANDEBURRE MAISTERRA Aribe AGRUPACION INDEPENDIENTE DE ARIBE (R-122)\u2026","rel":"","context":"In &quot;Berriak&quot;","block_context":{"text":"Berriak","link":"https:\/\/iratiirratia.eus\/index.php\/category\/berriak\/"},"img":{"alt_text":"","src":"","width":0,"height":0},"classes":[]},{"id":7716,"url":"https:\/\/iratiirratia.eus\/index.php\/2015\/11\/20\/abenduaren-20an-izango-dira-garralda-eta-oroz-beteluko-hauteskundeak\/","url_meta":{"origin":485,"position":2},"title":"Abenduaren 20an izango dira Garralda eta Oroz Beteluko hauteskundeak","author":"Irati Irratia","date":"20 azaroa, 2015","format":false,"excerpt":"Maiatzeko hauteskundeetan hautagaitzarik izan ez zuten udaletan ere abenduaren 20an egingo dituzte hauteskundeak, Espainiako Estatuko hauteskunde orokorrekin batera. Kontzejuetan ere izanen dira hauteskundeak egun berean. Asteazkenean, Nafarroako Aldizkari Ofizialean argitaratu zituzten aurkeztutako hautagaitzak. Garralda eta Oroz Betelun hautagaitza bakarra izanen da; baita Saragueta eta Arrietako kontzejuetan. Luzaiden eta Hiriberrin, berriz,\u2026","rel":"","context":"In &quot;Berriak&quot;","block_context":{"text":"Berriak","link":"https:\/\/iratiirratia.eus\/index.php\/category\/berriak\/"},"img":{"alt_text":"","src":"https:\/\/i0.wp.com\/sinetiquetas.org\/wp-content\/uploads\/2015\/10\/elecciones.jpg?resize=350%2C200","width":350,"height":200,"srcset":"https:\/\/i0.wp.com\/sinetiquetas.org\/wp-content\/uploads\/2015\/10\/elecciones.jpg?resize=350%2C200 1x, https:\/\/i0.wp.com\/sinetiquetas.org\/wp-content\/uploads\/2015\/10\/elecciones.jpg?resize=525%2C300 1.5x, https:\/\/i0.wp.com\/sinetiquetas.org\/wp-content\/uploads\/2015\/10\/elecciones.jpg?resize=700%2C400 2x, https:\/\/i0.wp.com\/sinetiquetas.org\/wp-content\/uploads\/2015\/10\/elecciones.jpg?resize=1050%2C600 3x, https:\/\/i0.wp.com\/sinetiquetas.org\/wp-content\/uploads\/2015\/10\/elecciones.jpg?resize=1400%2C800 4x"},"classes":[]},{"id":7528,"url":"https:\/\/iratiirratia.eus\/index.php\/2015\/12\/21\/a20-hauteskundeak-udaletako-eta-kontzejuetako-emaitzak\/","url_meta":{"origin":485,"position":3},"title":"A20 HAUTESKUNDEAK: Udaletako eta kontzejuetako emaitzak","author":"Irati Irratia","date":"21 abendua, 2015","format":false,"excerpt":"UDALERRIAK GARRALDA Agurpaci\u00f3n independiente Aranea 76\u00a0\u00a0\u00a0\u00a0\u00a0\u00a0 Francisco Javier Juamperez Huarte 52 \u00a0\u00a0\u00a0\u00a0\u00a0 Jose Angel Barberena Erro 51 \u00a0\u00a0\u00a0\u00a0\u00a0 Daniel Irigoyen Pedroarena 45 \u00a0\u00a0\u00a0\u00a0\u00a0 Miguel Jose Barberena del Rio 37 \u00a0\u00a0\u00a0\u00a0\u00a0 Angel Maria Loperena Rota 6\u00a0\u00a0 \u00a0 \u00a0 \u00a0 Baliogabe 8 \u00a0 \u00a0 \u00a0 \u00a0 Zuri 170 \u00a0 \u00a0 Errolda OROZ\u2026","rel":"","context":"In &quot;Berriak&quot;","block_context":{"text":"Berriak","link":"https:\/\/iratiirratia.eus\/index.php\/category\/berriak\/"},"img":{"alt_text":"","src":"","width":0,"height":0},"classes":[]},{"id":770,"url":"https:\/\/iratiirratia.eus\/index.php\/2011\/05\/23\/udalen-eta-kontsejuen-emaitzak\/","url_meta":{"origin":485,"position":4},"title":"Udalen eta kontsejuen emaitzak","author":"Irati Irratia","date":"23 maiatza, 2011","format":false,"excerpt":"UDALAK AURITZ Agrupacion Independiente Aranandi 5 zinegotzi: 123\u00a0 %62,44 EAJ\u00a0 2\u00a0 zinegotzi:\u00a0 60 ; %30,46 ERROIBAR AIVE\u00a0 5 zinegotzi:\u00a0 325 ; %61,32 Bildu\u00a0 1 zinegotzi:\u00a0 114 ; %21,51 Etorkizuna\u00a0 1 zinegotzi:\u00a0 76 ; %14,34 ORREAGA AIR 1 zinegotzi: 14 ; %70 UPN\u00a0 1 zinegotzi: 6 ; %30 KONTSEJUAK AURIZBERRI Juan\u2026","rel":"","context":"In &quot;Oharrak&quot;","block_context":{"text":"Oharrak","link":"https:\/\/iratiirratia.eus\/index.php\/category\/abisuak\/"},"img":{"alt_text":"","src":"","width":0,"height":0},"classes":[]},{"id":1914,"url":"https:\/\/iratiirratia.eus\/index.php\/2011\/11\/16\/hautagaiak-gure-herrietan\/","url_meta":{"origin":485,"position":5},"title":"Hautagaiak gure herrietan","author":"Irati Irratia","date":"16 azaroa, 2011","format":false,"excerpt":"Igande honetan gure eskualdeko hainbat herrietan udaletxeak osatuko dira, hauek dira zerrendak: Abaurregaina Agrupaci\u00f3n de electores Gazteluberri: Francisco Javier Encaje Ara\u00f1a, Jos\u00e9 Ignacio Arregui Legaz, Asier Vidondo Arostegui, Ioseba Ordo\u00f1ez Carballo eta Javier Merino Legaz Garralda Agrupaci\u00f3n Oxarta de Garralda: Alberto Mandacen Larra\u00f1eta, Edurne Pedroarena Galdeano, Francisco Javier Juanperez Huarte,\u2026","rel":"","context":"In &quot;Oharrak&quot;","block_context":{"text":"Oharrak","link":"https:\/\/iratiirratia.eus\/index.php\/category\/abisuak\/"},"img":{"alt_text":"","src":"","width":0,"height":0},"classes":[]}],"_links":{"self":[{"href":"https:\/\/iratiirratia.eus\/index.php\/wp-json\/wp\/v2\/posts\/485"}],"collection":[{"href":"https:\/\/iratiirratia.eus\/index.php\/wp-json\/wp\/v2\/posts"}],"about":[{"href":"https:\/\/iratiirratia.eus\/index.php\/wp-json\/wp\/v2\/types\/post"}],"author":[{"embeddable":true,"href":"https:\/\/iratiirratia.eus\/index.php\/wp-json\/wp\/v2\/users\/1"}],"replies":[{"embeddable":true,"href":"https:\/\/iratiirratia.eus\/index.php\/wp-json\/wp\/v2\/comments?post=485"}],"version-history":[{"count":0,"href":"https:\/\/iratiirratia.eus\/index.php\/wp-json\/wp\/v2\/posts\/485\/revisions"}],"wp:attachment":[{"href":"https:\/\/iratiirratia.eus\/index.php\/wp-json\/wp\/v2\/media?parent=485"}],"wp:term":[{"taxonomy":"category","embeddable":true,"href":"https:\/\/iratiirratia.eus\/index.php\/wp-json\/wp\/v2\/categories?post=485"},{"taxonomy":"post_tag","embeddable":true,"href":"https:\/\/iratiirratia.eus\/index.php\/wp-json\/wp\/v2\/tags?post=485"}],"curies":[{"name":"wp","href":"https:\/\/api.w.org\/{rel}","templated":true}]}}