{"id":772,"date":"2011-05-23T14:20:50","date_gmt":"2011-05-23T12:20:50","guid":{"rendered":"http:\/\/iratiirratia.net\/?p=772"},"modified":"2011-05-23T14:20:50","modified_gmt":"2011-05-23T12:20:50","slug":"nafarroako-parlamentua-herriz-herri","status":"publish","type":"post","link":"https:\/\/iratiirratia.eus\/index.php\/2011\/05\/23\/nafarroako-parlamentua-herriz-herri\/","title":{"rendered":"Nafarroako Parlamentua herriz herri"},"content":{"rendered":"<p><a href=\"https:\/\/i0.wp.com\/iratiirratia.net\/wp-content\/uploads\/2011\/05\/Parlamentukoak.jpg\"><img data-attachment-id=\"773\" data-permalink=\"https:\/\/iratiirratia.eus\/parlamentukoak\/\" data-orig-file=\"https:\/\/i0.wp.com\/iratiirratia.eus\/wp-content\/uploads\/2011\/05\/Parlamentukoak.jpg?fit=671%2C462&amp;ssl=1\" data-orig-size=\"671,462\" data-comments-opened=\"1\" data-image-meta=\"{&quot;aperture&quot;:&quot;0&quot;,&quot;credit&quot;:&quot;&quot;,&quot;camera&quot;:&quot;&quot;,&quot;caption&quot;:&quot;&quot;,&quot;created_timestamp&quot;:&quot;0&quot;,&quot;copyright&quot;:&quot;&quot;,&quot;focal_length&quot;:&quot;0&quot;,&quot;iso&quot;:&quot;0&quot;,&quot;shutter_speed&quot;:&quot;0&quot;,&quot;title&quot;:&quot;&quot;,&quot;orientation&quot;:&quot;0&quot;}\" data-image-title=\"Parlamentukoak\" data-image-description=\"\" data-image-caption=\"\" data-medium-file=\"https:\/\/i0.wp.com\/iratiirratia.eus\/wp-content\/uploads\/2011\/05\/Parlamentukoak.jpg?fit=300%2C207&amp;ssl=1\" data-large-file=\"https:\/\/i0.wp.com\/iratiirratia.eus\/wp-content\/uploads\/2011\/05\/Parlamentukoak.jpg?fit=640%2C441&amp;ssl=1\" decoding=\"async\" loading=\"lazy\" class=\"aligncenter size-medium wp-image-773\" title=\"Parlamentukoak\" src=\"https:\/\/i0.wp.com\/iratiirratia.net\/wp-content\/uploads\/2011\/05\/Parlamentukoak-300x206.jpg?resize=300%2C206\" alt=\"\" width=\"300\" height=\"206\" data-recalc-dims=\"1\" \/><\/a><\/p>\n","protected":false},"excerpt":{"rendered":"","protected":false},"author":1,"featured_media":0,"comment_status":"open","ping_status":"open","sticky":false,"template":"","format":"standard","meta":{"jetpack_post_was_ever_published":false,"_jetpack_newsletter_access":"","_jetpack_newsletter_tier_id":0,"jetpack_publicize_message":"","jetpack_is_tweetstorm":false,"jetpack_publicize_feature_enabled":true,"jetpack_social_post_already_shared":false,"jetpack_social_options":{"image_generator_settings":{"template":"highway","enabled":false}}},"categories":[15],"tags":[],"jetpack_publicize_connections":[],"jetpack_featured_media_url":"","jetpack_shortlink":"https:\/\/wp.me\/p7eaXY-cs","jetpack_sharing_enabled":true,"jetpack-related-posts":[{"id":2359,"url":"https:\/\/iratiirratia.eus\/index.php\/2012\/02\/15\/aurizko-igautreak\/","url_meta":{"origin":772,"position":0},"title":"Aurizko igautreak","author":"Irati Irratia","date":"15 otsaila, 2012","format":false,"excerpt":"10:00etan hamarretakoa Frontoiko tabernan. Ondoren herriko etxeetan zehar puskabiltza. 14:30tan Kixkok egindako bazkari goxoa. Osteguna baino lehen Auritzeko Gazteriari idatzi apuntatzeko edo 627623877 zenbakira deitu. 17:00etan Auritzeko paleta gomazko txapelketako 3. eta 4. postuko partidua eta finala: - 3. eta 4. postuko partidua: Castellot - Iosu \/ Eneko - Oscar\u2026","rel":"","context":"In &quot;Oharrak&quot;","block_context":{"text":"Oharrak","link":"https:\/\/iratiirratia.eus\/index.php\/category\/abisuak\/"},"img":{"alt_text":"","src":"","width":0,"height":0},"classes":[]},{"id":2680,"url":"https:\/\/iratiirratia.eus\/index.php\/2012\/05\/15\/herrira-goazen-plazara\/","url_meta":{"origin":772,"position":1},"title":"Herrira: Goazen plazara","author":"Irati Irratia","date":"15 maiatza, 2012","format":false,"excerpt":"Maiatzaren 19an, Ariben, Goazen Plazara.","rel":"","context":"In &quot;Oharrak&quot;","block_context":{"text":"Oharrak","link":"https:\/\/iratiirratia.eus\/index.php\/category\/abisuak\/"},"img":{"alt_text":"","src":"https:\/\/i0.wp.com\/iratiirratia.net\/wp-content\/uploads\/2012\/05\/herrira-212x300.jpg?resize=350%2C200","width":350,"height":200},"classes":[]},{"id":3441,"url":"https:\/\/iratiirratia.eus\/index.php\/2012\/11\/19\/esteribarko-viii-herri-lasterketa\/","url_meta":{"origin":772,"position":2},"title":"Esteribarko VIII. herri-lasterketa","author":"Irati Irratia","date":"19 azaroa, 2012","format":false,"excerpt":"Igandean, goizeko 11:00etan, hasiko da Esteribarko VIII. herri-lasterketa. Anima zaitez eta parte hartu!","rel":"","context":"In &quot;Oharrak&quot;","block_context":{"text":"Oharrak","link":"https:\/\/iratiirratia.eus\/index.php\/category\/abisuak\/"},"img":{"alt_text":"","src":"https:\/\/i0.wp.com\/iratiirratia.net\/wp-content\/uploads\/2012\/11\/esteribar-211x300.jpg?resize=350%2C200","width":350,"height":200},"classes":[]},{"id":9616,"url":"https:\/\/iratiirratia.eus\/index.php\/2016\/11\/24\/pirineo-5-minutu-ekimena\/","url_meta":{"origin":772,"position":3},"title":"Pirineo 5 minutu ekimena","author":"Irati Irratia","date":"24 azaroa, 2016","format":false,"excerpt":"Pirinioan lan eta bizi herri ekimenak eta Bizirik gaude elkarteak sinadura bilketa abiarazi dute change.org webgunean. Sinaduren bilketaren helburua izanen da Nafarroako parlamentariei eskatu nahi die Parlamentuan lege bat onartu behar duten bakoitzean 5 minutuz hausnar dezaten horrek nolako eragina izanen duen nafarroako ekialdeko Pirinioetan. Sinadura bilketaren linka: https:\/\/www.change.org\/p\/pirineo-5min","rel":"","context":"In &quot;Berriak&quot;","block_context":{"text":"Berriak","link":"https:\/\/iratiirratia.eus\/index.php\/category\/berriak\/"},"img":{"alt_text":"","src":"https:\/\/i0.wp.com\/iratiirratia.eus\/wp-content\/uploads\/2015\/12\/pirinioak-kartela2015-01-e1448975293343.jpg?fit=1200%2C318&ssl=1&resize=350%2C200","width":350,"height":200,"srcset":"https:\/\/i0.wp.com\/iratiirratia.eus\/wp-content\/uploads\/2015\/12\/pirinioak-kartela2015-01-e1448975293343.jpg?fit=1200%2C318&ssl=1&resize=350%2C200 1x, https:\/\/i0.wp.com\/iratiirratia.eus\/wp-content\/uploads\/2015\/12\/pirinioak-kartela2015-01-e1448975293343.jpg?fit=1200%2C318&ssl=1&resize=525%2C300 1.5x, https:\/\/i0.wp.com\/iratiirratia.eus\/wp-content\/uploads\/2015\/12\/pirinioak-kartela2015-01-e1448975293343.jpg?fit=1200%2C318&ssl=1&resize=700%2C400 2x, https:\/\/i0.wp.com\/iratiirratia.eus\/wp-content\/uploads\/2015\/12\/pirinioak-kartela2015-01-e1448975293343.jpg?fit=1200%2C318&ssl=1&resize=1050%2C600 3x"},"classes":[]},{"id":1914,"url":"https:\/\/iratiirratia.eus\/index.php\/2011\/11\/16\/hautagaiak-gure-herrietan\/","url_meta":{"origin":772,"position":4},"title":"Hautagaiak gure herrietan","author":"Irati Irratia","date":"16 azaroa, 2011","format":false,"excerpt":"Igande honetan gure eskualdeko hainbat herrietan udaletxeak osatuko dira, hauek dira zerrendak: Abaurregaina Agrupaci\u00f3n de electores Gazteluberri: Francisco Javier Encaje Ara\u00f1a, Jos\u00e9 Ignacio Arregui Legaz, Asier Vidondo Arostegui, Ioseba Ordo\u00f1ez Carballo eta Javier Merino Legaz Garralda Agrupaci\u00f3n Oxarta de Garralda: Alberto Mandacen Larra\u00f1eta, Edurne Pedroarena Galdeano, Francisco Javier Juanperez Huarte,\u2026","rel":"","context":"In &quot;Oharrak&quot;","block_context":{"text":"Oharrak","link":"https:\/\/iratiirratia.eus\/index.php\/category\/abisuak\/"},"img":{"alt_text":"","src":"","width":0,"height":0},"classes":[]},{"id":3496,"url":"https:\/\/iratiirratia.eus\/index.php\/2012\/11\/28\/festa-txikiak-auritzen\/","url_meta":{"origin":772,"position":5},"title":"Festa txikiak Auritzen","author":"Irati Irratia","date":"28 azaroa, 2012","format":false,"excerpt":"Auritzeko festa txikiak abenduaren 5ean hasiko dira. Egun honetako lehenengo hitzordua Auritzeko III.txapelketaren azken fasea da, 19:00etan 3. eta 4. sailkapenerako partidua jokatuko da eta ondoren, 20:00etan, final handia ospatuko da. La Borda hotelean txapelketako afariarekin jarraituko dugu eta Biltoki 70n gaupasa izango dugu. Abenduaren 6an, San Nikolas \u00a0eguna ospatuko\u2026","rel":"","context":"In &quot;Oharrak&quot;","block_context":{"text":"Oharrak","link":"https:\/\/iratiirratia.eus\/index.php\/category\/abisuak\/"},"img":{"alt_text":"","src":"","width":0,"height":0},"classes":[]}],"_links":{"self":[{"href":"https:\/\/iratiirratia.eus\/index.php\/wp-json\/wp\/v2\/posts\/772"}],"collection":[{"href":"https:\/\/iratiirratia.eus\/index.php\/wp-json\/wp\/v2\/posts"}],"about":[{"href":"https:\/\/iratiirratia.eus\/index.php\/wp-json\/wp\/v2\/types\/post"}],"author":[{"embeddable":true,"href":"https:\/\/iratiirratia.eus\/index.php\/wp-json\/wp\/v2\/users\/1"}],"replies":[{"embeddable":true,"href":"https:\/\/iratiirratia.eus\/index.php\/wp-json\/wp\/v2\/comments?post=772"}],"version-history":[{"count":0,"href":"https:\/\/iratiirratia.eus\/index.php\/wp-json\/wp\/v2\/posts\/772\/revisions"}],"wp:attachment":[{"href":"https:\/\/iratiirratia.eus\/index.php\/wp-json\/wp\/v2\/media?parent=772"}],"wp:term":[{"taxonomy":"category","embeddable":true,"href":"https:\/\/iratiirratia.eus\/index.php\/wp-json\/wp\/v2\/categories?post=772"},{"taxonomy":"post_tag","embeddable":true,"href":"https:\/\/iratiirratia.eus\/index.php\/wp-json\/wp\/v2\/tags?post=772"}],"curies":[{"name":"wp","href":"https:\/\/api.w.org\/{rel}","templated":true}]}}