{"id":8535,"date":"2016-03-17T13:25:30","date_gmt":"2016-03-17T12:25:30","guid":{"rendered":"http:\/\/iratiirratia.eus\/?p=8535"},"modified":"2016-03-18T13:44:20","modified_gmt":"2016-03-18T12:44:20","slug":"egun-on-aunamendi-594","status":"publish","type":"post","link":"https:\/\/iratiirratia.eus\/index.php\/2016\/03\/17\/egun-on-aunamendi-594\/","title":{"rendered":"Egun on, Au\u00f1amendi!"},"content":{"rendered":"<p>Mingain urdinari buruzko elkarrizketa batekin abiatu dugu gaurkoan prentsa irakurri ondoren egiten dugun tartea. Birusa gurera iritsiko dela diote. Ondoren, Aimar Karrika bertsolaria izan dugu gurean. Obario Maldikoak izeneko taldearekin Bardoak txapelketako finalera iritsi da. Etxarri Aranatzen jokatuko da, larunbatean. Idoia Zabalza euskara teknikaria ere izan dugu saioan. Agendan apuntatu beharreko data bat aipatu digu: apirilaren 16a.<\/p>\n<p><img data-attachment-id=\"535\" data-permalink=\"https:\/\/iratiirratia.eus\/egunon\/\" data-orig-file=\"https:\/\/i0.wp.com\/iratiirratia.eus\/wp-content\/uploads\/2011\/04\/egunon.jpg?fit=132%2C125&amp;ssl=1\" data-orig-size=\"132,125\" data-comments-opened=\"1\" data-image-meta=\"{&quot;aperture&quot;:&quot;0&quot;,&quot;credit&quot;:&quot;&quot;,&quot;camera&quot;:&quot;&quot;,&quot;caption&quot;:&quot;&quot;,&quot;created_timestamp&quot;:&quot;0&quot;,&quot;copyright&quot;:&quot;&quot;,&quot;focal_length&quot;:&quot;0&quot;,&quot;iso&quot;:&quot;0&quot;,&quot;shutter_speed&quot;:&quot;0&quot;,&quot;title&quot;:&quot;&quot;,&quot;orientation&quot;:&quot;0&quot;}\" data-image-title=\"egunon\" data-image-description=\"\" data-image-caption=\"\" data-medium-file=\"https:\/\/i0.wp.com\/iratiirratia.eus\/wp-content\/uploads\/2011\/04\/egunon.jpg?fit=132%2C125&amp;ssl=1\" data-large-file=\"https:\/\/i0.wp.com\/iratiirratia.eus\/wp-content\/uploads\/2011\/04\/egunon.jpg?fit=132%2C125&amp;ssl=1\" decoding=\"async\" loading=\"lazy\" width=\"132\" height=\"125\" class=\"size-full wp-image-535\" style=\"float: left; margin: 0; margin-right: 20px;\" title=\"egunon\" src=\"https:\/\/i0.wp.com\/iratiirratia.eus\/wp-content\/uploads\/2011\/04\/egunon.jpg?resize=132%2C125\" alt=\"Egun on, Au\u00f1amendi!\" data-recalc-dims=\"1\" \/><\/p>\n<div style=\"padding-left: 20px;\">\n<p><strong>Izenburua:<\/strong> Matxoaren 17ko saioa<\/p>\n<p><strong>Iraupena:<\/strong> 2:30 ordu<\/p>\n<p><a title=\"Martxoaren 17ko saioa\" href=\"http:\/\/iratiirratia.eus\/audio\/16-03-17.mp3\" target=\"_blank\">Klikatu hemen saioa jaisteko<\/a><\/p>\n<p class=\"audioplayer_container\"><span style=\"display:block;padding:5px;border:1px solid #dddddd;background:#f8f8f8\" id=\"audioplayer_1\">Audio clip: Adobe Flash Player (version 9 or above) is required to play this audio clip. Download the latest version <a href=\"http:\/\/www.adobe.com\/shockwave\/download\/download.cgi?P1_Prod_Version=ShockwaveFlash&amp;promoid=BIOW\" title=\"Download Adobe Flash Player\">here<\/a>. You also need to have JavaScript enabled in your browser.<\/span><\/p>\n<\/div>\n<p>&nbsp;<\/p>\n","protected":false},"excerpt":{"rendered":"<p>Mingain urdinari buruzko elkarrizketa batekin abiatu dugu gaurkoan prentsa irakurri ondoren egiten dugun tartea. Birusa gurera iritsiko dela diote. Ondoren, Aimar Karrika bertsolaria izan dugu gurean. Obario Maldikoak izeneko taldearekin Bardoak txapelketako finalera iritsi da. Etxarri Aranatzen jokatuko da, larunbatean. Idoia Zabalza euskara teknikaria ere izan dugu saioan. Agendan apuntatu beharreko data bat aipatu digu: [&hellip;]<\/p>\n","protected":false},"author":1,"featured_media":0,"comment_status":"open","ping_status":"open","sticky":false,"template":"","format":"standard","meta":{"jetpack_post_was_ever_published":false,"_jetpack_newsletter_access":"","_jetpack_newsletter_tier_id":0,"jetpack_publicize_message":"","jetpack_is_tweetstorm":false,"jetpack_publicize_feature_enabled":true,"jetpack_social_post_already_shared":true,"jetpack_social_options":{"image_generator_settings":{"template":"highway","enabled":false}}},"categories":[4],"tags":[],"jetpack_publicize_connections":[],"jetpack_featured_media_url":"","jetpack_shortlink":"https:\/\/wp.me\/p7eaXY-2dF","jetpack_sharing_enabled":true,"jetpack-related-posts":[{"id":13083,"url":"https:\/\/iratiirratia.eus\/index.php\/2019\/01\/16\/egun-on-aunamendi-1230\/","url_meta":{"origin":8535,"position":0},"title":"Egun on, Au\u00f1amendi!","author":"Irati Irratia","date":"16 urtarrila, 2019","format":false,"excerpt":"Gaurko saioa Unai Zabaleta bisitatzen hasi dugu Leitzaldeko kronika jasotzeko. Ondoren bidaia baten, Itzalztura iritsi gara eta bertan Gartxot egunaren baitan aritu gara Maite Aranbururekin. Bukatzeko ostegunetan izan ohi dugun kolaborazioa izan dugu, Mari Mar Agosena zeina Berragu liburutegi ibiltariari eginen zaion harrera jaia azaldu digun.Eta nola ez eguneko berriak,\u2026","rel":"","context":"In &quot;Egun on, Au\u00f1amendi!&quot;","block_context":{"text":"Egun on, Au\u00f1amendi!","link":"https:\/\/iratiirratia.eus\/index.php\/category\/egunon-aunamendi\/"},"img":{"alt_text":"","src":"","width":0,"height":0},"classes":[]},{"id":14675,"url":"https:\/\/iratiirratia.eus\/index.php\/2020\/03\/24\/egun-on-aunamendi-nafarroaren-eguna-mikel-antza-eta-pirinioko-soinu-bandaren-5-atala\/","url_meta":{"origin":8535,"position":1},"title":"Egun on, Au\u00f1amendi! Nafarroaren Eguna, Mikel Antza eta Pirinioko Soinu Bandaren 5. atala","author":"Irati Irratia","date":"24 martxoa, 2020","format":false,"excerpt":"Gaurko saioa Nafarroaren eguna bertan behera geratu dela ohartaraziz hasi dugu. Ondoren, Mikel Albisu, Mikel Antzak prestatutako audio testua jarri dugu gaur egungo egoeraren hausnarketa eginez. Bukatzeko 10 kantuen erronkarekin jarraitu dugu eta gaur Garraldako Negukoen txanda izan da Izenburua: Martxoaren 24ko saioa Iraupena: 3 ordu Klikatu hemen saioa jaisteko\u2026","rel":"","context":"In &quot;Egun on, Au\u00f1amendi!&quot;","block_context":{"text":"Egun on, Au\u00f1amendi!","link":"https:\/\/iratiirratia.eus\/index.php\/category\/egunon-aunamendi\/"},"img":{"alt_text":"","src":"","width":0,"height":0},"classes":[]},{"id":5841,"url":"https:\/\/iratiirratia.eus\/index.php\/2015\/04\/23\/alderdiekin-egindako-mahai-inguruako-audioa-audio-de-la-mesa-redonda-con-los-partidos\/","url_meta":{"origin":8535,"position":2},"title":"Alderdiekin egindako mahai-inguruko audioa &#8211; Audio de la mesa redonda con los partidos","author":"Irati Irratia","date":"23 apirila, 2015","format":false,"excerpt":"Izenburua: Mahai-inguruko audioa Iraupena: 2:30 ordu Klikatu hemen saioa jaisteko [audio:http:\/\/iratiirratia.eus\/audio\/Mahai_ingurua.MP3|titles=Egun on, Au\u00f1amendi! 15-04-23]","rel":"","context":"In &quot;Egun on, Au\u00f1amendi!&quot;","block_context":{"text":"Egun on, Au\u00f1amendi!","link":"https:\/\/iratiirratia.eus\/index.php\/category\/egunon-aunamendi\/"},"img":{"alt_text":"","src":"","width":0,"height":0},"classes":[]},{"id":6533,"url":"https:\/\/iratiirratia.eus\/index.php\/2015\/08\/17\/egun-on-aunamendi-478\/","url_meta":{"origin":8535,"position":3},"title":"Egun on, Au\u00f1amendi!","author":"Irati Irratia","date":"17 abuztua, 2015","format":false,"excerpt":"Getzen egitekoa den hiltegi berriaren inguruko kontrako iritsiak jaso ditugu gaurkoan. No al Matadero de Salinas plataformako Rodrigo Monteverdi izan dugu gurekin. Hezkuntzaren inguruan osatu berri den Nafarroako Gobernuak egingo edo egingo ez dituen aldaketen inguruan solastu gara, Steilaseko Amaia Zubietarekin. Enekoizar landa etxera ere gertutatu gara, Abaurregaina ongi ezagutzeko\u2026","rel":"","context":"In &quot;Egun on, Au\u00f1amendi!&quot;","block_context":{"text":"Egun on, Au\u00f1amendi!","link":"https:\/\/iratiirratia.eus\/index.php\/category\/egunon-aunamendi\/"},"img":{"alt_text":"","src":"","width":0,"height":0},"classes":[]},{"id":8455,"url":"https:\/\/iratiirratia.eus\/index.php\/2016\/03\/03\/egun-on-aunamendi-584\/","url_meta":{"origin":8535,"position":4},"title":"Egun on, Au\u00f1amendi!","author":"Irati Irratia","date":"3 martxoa, 2016","format":false,"excerpt":"Udaberrian Nafarroara iritsiko omen den mingaina urdina gaixotasunari buruz hitz egin dugu gaur Nafarroako Gobernuko Animali Osasun saileko buru Cesar Fernandezekin. Karrape irratia bisitatu dugu eta Idoia Zabalza euskara teknikariak euskara eta genero berdinatsunaren inguruko ikerketak gerturatu dizkigu. Amaitzeko, Aurizberriko liburutegira jo du, eta berri asko jaso ditugu bertatik. Izenburua:\u2026","rel":"","context":"In &quot;Egun on, Au\u00f1amendi!&quot;","block_context":{"text":"Egun on, Au\u00f1amendi!","link":"https:\/\/iratiirratia.eus\/index.php\/category\/egunon-aunamendi\/"},"img":{"alt_text":"","src":"","width":0,"height":0},"classes":[]},{"id":3777,"url":"https:\/\/iratiirratia.eus\/index.php\/2013\/03\/12\/egun-on-aunamendi-41\/","url_meta":{"origin":8535,"position":5},"title":"Egun on, Au\u00f1amendi!","author":"Irati Irratia","date":"12 martxoa, 2013","format":false,"excerpt":"<div> <div style=\"margin: 0 20px 20px 6px;\"> \u00a0 <img class=\"size-full wp-image-535\" style=\"float: left; margin: 0;margin-right:20px;\" title=\"egunon\" src=\"http:\/\/iratiirratia.net\/wp-content\/uploads\/2011\/04\/egunon.jpg\" alt=\"\" \/> \u00a0 <\/div> \u00a0 <div style=\"padding-left:20px;\"> <p> <strong>Izenburua:<\/strong> Martxoaren 12ko saioa \u00a0 <strong>Iraupena:<\/strong> 2:30 ordu \u00a0 <a title=\" Martxoaren 12ko saioa\" href=\"http:\/\/iratiirratia.net\/audio\/13-03-12.mp3\" target=\"_blank\">Klikatu hemen saioa jaisteko<\/a> \u00a0 [audio:http:\/\/iratiirratia.net\/audio\/13-03-12.mp3|titles=Egunon Au\u00f1amendi! 13-03-12] <\/p> <\/div>\u2026","rel":"","context":"In &quot;Egun on, Au\u00f1amendi!&quot;","block_context":{"text":"Egun on, Au\u00f1amendi!","link":"https:\/\/iratiirratia.eus\/index.php\/category\/egunon-aunamendi\/"},"img":{"alt_text":"","src":"","width":0,"height":0},"classes":[]}],"_links":{"self":[{"href":"https:\/\/iratiirratia.eus\/index.php\/wp-json\/wp\/v2\/posts\/8535"}],"collection":[{"href":"https:\/\/iratiirratia.eus\/index.php\/wp-json\/wp\/v2\/posts"}],"about":[{"href":"https:\/\/iratiirratia.eus\/index.php\/wp-json\/wp\/v2\/types\/post"}],"author":[{"embeddable":true,"href":"https:\/\/iratiirratia.eus\/index.php\/wp-json\/wp\/v2\/users\/1"}],"replies":[{"embeddable":true,"href":"https:\/\/iratiirratia.eus\/index.php\/wp-json\/wp\/v2\/comments?post=8535"}],"version-history":[{"count":2,"href":"https:\/\/iratiirratia.eus\/index.php\/wp-json\/wp\/v2\/posts\/8535\/revisions"}],"predecessor-version":[{"id":8539,"href":"https:\/\/iratiirratia.eus\/index.php\/wp-json\/wp\/v2\/posts\/8535\/revisions\/8539"}],"wp:attachment":[{"href":"https:\/\/iratiirratia.eus\/index.php\/wp-json\/wp\/v2\/media?parent=8535"}],"wp:term":[{"taxonomy":"category","embeddable":true,"href":"https:\/\/iratiirratia.eus\/index.php\/wp-json\/wp\/v2\/categories?post=8535"},{"taxonomy":"post_tag","embeddable":true,"href":"https:\/\/iratiirratia.eus\/index.php\/wp-json\/wp\/v2\/tags?post=8535"}],"curies":[{"name":"wp","href":"https:\/\/api.w.org\/{rel}","templated":true}]}}