{"id":9158,"date":"2016-08-02T13:08:43","date_gmt":"2016-08-02T11:08:43","guid":{"rendered":"http:\/\/iratiirratia.eus\/?p=9158"},"modified":"2016-08-02T13:08:43","modified_gmt":"2016-08-02T11:08:43","slug":"orreagako-gudua-gogoratuko-dute-etxabarrengoa-kultur-elkarteak-eta-orreaga-fundazioak-abuztuaren-14ean","status":"publish","type":"post","link":"https:\/\/iratiirratia.eus\/index.php\/2016\/08\/02\/orreagako-gudua-gogoratuko-dute-etxabarrengoa-kultur-elkarteak-eta-orreaga-fundazioak-abuztuaren-14ean\/","title":{"rendered":"Orreagako gudua gogoratuko dute Etxabarrengoa Kultur Elkarteak eta Orreaga Fundazioak abuztuaren 14ean"},"content":{"rendered":"<p>Urtero legez, Etxabarrengoa Kultur Elkarteak eta Orreaga Fundazioak Orreagako gudua gogoratuko dute. Aurten aldaketa zenbatekin datoz. Abuztuaren 14an ospatuko dute eguna, eta ekitaldi nagusia gauez izanen da, Orreagan. Orreaga Fundazioko <strong>Koldo Amatria<\/strong>rekin hitz egin dugu irratian: <\/p>\n<p class=\"audioplayer_container\"><span style=\"display:block;padding:5px;border:1px solid #dddddd;background:#f8f8f8\" id=\"audioplayer_1\">Audio clip: Adobe Flash Player (version 9 or above) is required to play this audio clip. Download the latest version <a href=\"http:\/\/www.adobe.com\/shockwave\/download\/download.cgi?P1_Prod_Version=ShockwaveFlash&amp;promoid=BIOW\" title=\"Download Adobe Flash Player\">here<\/a>. You also need to have JavaScript enabled in your browser.<\/span><\/p>\n<p><a title=\"Koldo Amatria\" href=\"http:\/\/iratiirratia.eus\/audio\/Koldo_Amatria.mp3\" target=\"_blank\">Klikatu hemen elkarrizketa jaisteko<\/a><\/p>\n<p>Hasierako filosofiari jarraiki, helburua garai hartako gertakariak ezagutzera ematea da eta, bidez batez, gaurkotasun politikoan ezartzea. Iaz bezala, Ibai\u00f1etako lepoan eta Orreagan bakarrik ez, Iru\u00f1ean ere gogoratuko da bataila. Abuztuaren 6an, Karlomagnok Iru\u00f1ean egindako suntsiketa ekarriko da gogora, Iru\u00f1eko Redingo Bastioian. Eta. aurten ere, ordezkaritza instituzionala izanen da ekitaldian.<\/p>\n<p>Abuztuaren 15an izan zen Orreagako bataila. Hura gogoratzeko eguna, baina, bezperara aldatu dute. 14ean, Orreagan izanen da lehenengo hitzordua, oroitarriaren aitzinean, eta bertan urtero bezala omenaldia eginen da. Bigarrena, berriz, Iba\u00f1etako lepoan izanen da. Bertan historia berridatzi egingo dute bertaratutakoek, bertan gertatukoa gogoraraziz eta aldarrikatuz. Historiarekin izango den hitzorduarekin jarraitzeko, bazkari herrikoia eginen da Garraldan. Izena eman nahi dutenek ibaineta778@gmail.com helbidera idatzi beharko dute.<\/p>\n<p>Nafarroa Behereatik eginiko proposamen baten ildotik, gatazkaren antzezlan sinbolikoa egin zuten orain bi urte. Inoiz baino jendetsuagoa izan zen, eta jasotako iritzi positiboak bultzatuta iaz errepikatu egin zen. Aurten, ordea, buelta bat eman diote irudikapenari. Gauez izanen da, 21:30ean, eta lehen aldiz, Orreagako herrian.<\/p>\n<p>Egunak ere irakurketa politikoa egiteko aukera ematen du. Horiek horrela, Euskal Herriko historiarekin edota kulturarekin harremana duen pertsona ezagun batek idazten edo irakurtzen du pregoia. Aurten Be\u00f1i Agirre historialariak hartu du ardura.<\/p>\n<p>Etxabarrengoa Kultur Elkarteak eta Orreaga Fundazioak antolatu dute eguna, eskualdeko hainbat eragile biltzen dituen, eta duela bi urte sortutako Iba\u00f1eta 778 lan-taldearekin batera. Tokiko baliabideak erabiliz osatu dute egitaraua, eta bertakoek hartu dute parte aurtengo ekitaldien diseinu eta prestaketan<\/p>\n","protected":false},"excerpt":{"rendered":"<p>Urtero legez, Etxabarrengoa Kultur Elkarteak eta Orreaga Fundazioak Orreagako gudua gogoratuko dute. Aurten aldaketa zenbatekin datoz. Abuztuaren 14an ospatuko dute eguna, eta ekitaldi nagusia gauez izanen da, Orreagan. Orreaga Fundazioko Koldo Amatriarekin hitz egin dugu irratian: [Audio clip: view full post to listen] Klikatu hemen elkarrizketa jaisteko Hasierako filosofiari jarraiki, helburua garai hartako gertakariak ezagutzera [&hellip;]<\/p>\n","protected":false},"author":1,"featured_media":9160,"comment_status":"open","ping_status":"open","sticky":false,"template":"","format":"standard","meta":{"jetpack_post_was_ever_published":false,"_jetpack_newsletter_access":"","_jetpack_newsletter_tier_id":0,"jetpack_publicize_message":"","jetpack_is_tweetstorm":false,"jetpack_publicize_feature_enabled":true,"jetpack_social_post_already_shared":true,"jetpack_social_options":{"image_generator_settings":{"template":"highway","enabled":false}}},"categories":[2,6],"tags":[],"jetpack_publicize_connections":[],"jetpack_featured_media_url":"https:\/\/i0.wp.com\/iratiirratia.eus\/wp-content\/uploads\/2016\/08\/Prentsaurrekoa2-e1470136042205.jpeg?fit=954%2C357&ssl=1","jetpack_shortlink":"https:\/\/wp.me\/p7eaXY-2nI","jetpack_sharing_enabled":true,"jetpack-related-posts":[{"id":24123,"url":"https:\/\/iratiirratia.eus\/index.php\/2026\/08\/12\/larunbatean-ospatuko-da-orreagako-gudaren-oroimen-ekitaldia\/","url_meta":{"origin":9158,"position":0},"title":"Larunbatean ospatuko da Orreagako Gudaren oroimen ekitaldia","author":"Eneko Villegas","date":"12 abuztua, 2026","format":false,"excerpt":"Urtero lez Etxabarrengoa elkarteak eta Orreaga Fundazioak Baskoien garaipena gogoratuko dute larunbatean Orreagan eta Iba\u00f1etan. Honen inguruan Orreaga fundazioko kide den Koldo Amatria izan dugu solasean.Orreagako Gudaren oroimen ekitaldia izanen da larunbatean (Errotzabaleko guda ere deiturikoa) Etxabarrengoak eta Orreaga Fundazioak antolaturik. 778an Baskoiek Iru\u00f1ea erre zutela ikusita Errotzabal gunean Karlomagnoren\u2026","rel":"","context":"In &quot;Berriak&quot;","block_context":{"text":"Berriak","link":"https:\/\/iratiirratia.eus\/index.php\/category\/berriak\/"},"img":{"alt_text":"","src":"https:\/\/i0.wp.com\/iratiirratia.eus\/wp-content\/uploads\/2026\/08\/WhatsApp-Image-2026-08-10-at-09.55.29.jpeg?fit=417%2C589&ssl=1&resize=350%2C200","width":350,"height":200},"classes":[]},{"id":22391,"url":"https:\/\/iratiirratia.eus\/index.php\/2025\/08\/13\/orreagako-gatazkaren-inguruko-omenaldia-ostirala-honetan-burutuko-du-orreaga-fundazioak\/","url_meta":{"origin":9158,"position":1},"title":"Orreagako gatazkaren inguruko omenaldia ostirala honetan burutuko du Orreaga Fundazioak","author":"Eneko Villegas","date":"13 abuztua, 2025","format":false,"excerpt":"Abuztuaren 15ean Orreagan izandako gatazka oroituko dute Orreaga Fundazioko eta Etxabarrengoa Elkarteko kideek. 778an Karlomagnoren ejertzitua Zaragozatik bueltan Iru\u00f1ea erre egin zuen eta horrek bertakoengan piztutako erantzun grina izanen da berriz ere aurten oroituko dutena. Iru\u00f1eko Erresumaren sorburutzat hartzen den gatazka honek Orreagako inguruak hartu zituen eta bertan Karlomagnoren ejerzituak\u2026","rel":"","context":"In &quot;Berriak&quot;","block_context":{"text":"Berriak","link":"https:\/\/iratiirratia.eus\/index.php\/category\/berriak\/"},"img":{"alt_text":"","src":"https:\/\/i0.wp.com\/iratiirratia.eus\/wp-content\/uploads\/2025\/08\/Imagen-de-WhatsApp-2025-08-08-a-las-09.41.01_430927bc.jpg?fit=848%2C1200&ssl=1&resize=350%2C200","width":350,"height":200,"srcset":"https:\/\/i0.wp.com\/iratiirratia.eus\/wp-content\/uploads\/2025\/08\/Imagen-de-WhatsApp-2025-08-08-a-las-09.41.01_430927bc.jpg?fit=848%2C1200&ssl=1&resize=350%2C200 1x, https:\/\/i0.wp.com\/iratiirratia.eus\/wp-content\/uploads\/2025\/08\/Imagen-de-WhatsApp-2025-08-08-a-las-09.41.01_430927bc.jpg?fit=848%2C1200&ssl=1&resize=525%2C300 1.5x, https:\/\/i0.wp.com\/iratiirratia.eus\/wp-content\/uploads\/2025\/08\/Imagen-de-WhatsApp-2025-08-08-a-las-09.41.01_430927bc.jpg?fit=848%2C1200&ssl=1&resize=700%2C400 2x"},"classes":[]},{"id":9163,"url":"https:\/\/iratiirratia.eus\/index.php\/2016\/08\/02\/egun-on-aunamendi-678\/","url_meta":{"origin":9158,"position":2},"title":"Egun on, Au\u00f1amendi!","author":"Irati Irratia","date":"2 abuztua, 2016","format":false,"excerpt":"Orreaga Fundazioak eta Etxabarrengoa Kultur Elkarteak Orreagako bataila gogoratuko dute abuztuaren 14ean. Aurretik, gainera, larunbatean, Iru\u00f1eko suntsiketa oroituko dute. Gaur egin dute prentsaren aurrean aurkezpena, Koldo Amatriarekin hitz egin dugu guk. Garaitzeko Asi elkarteko Amaiarekin bigarren eskuko azokaz aritu gara. Zientziari tarte bat utzi diogu, eta denboraren makinan iazko berri\u2026","rel":"","context":"In &quot;Egun on, Au\u00f1amendi!&quot;","block_context":{"text":"Egun on, Au\u00f1amendi!","link":"https:\/\/iratiirratia.eus\/index.php\/category\/egunon-aunamendi\/"},"img":{"alt_text":"","src":"","width":0,"height":0},"classes":[]},{"id":20305,"url":"https:\/\/iratiirratia.eus\/index.php\/2024\/08\/14\/iruneko-erresumaren-sorreraren-1200-urteurrena-aintzat-hartuko-dute-aurtengo-orreagako-batailaren-omenaldian\/","url_meta":{"origin":9158,"position":3},"title":"Iru\u00f1eko Erresumaren sorreraren 1200. urteurrena aintzat hartuko dute aurtengo Orreagako batailaren omenaldian","author":"Eneko Villegas","date":"14 abuztua, 2024","format":false,"excerpt":"778. urteko abuztuan izan zen Orreagako edo Errotzabalgo bataila, zeinetan baskoiek Karlaundiren tropak garaitu zituzten. Honen karietara urtero Orreaga eta Iba\u00f1etan Orreaga Fundazioaren eta Etxabarrengoa elkartearen deiari jarraiki oroimen ekitaldia burutzen dela agorrilaren 15ean. Aurten espreski Iru\u00f1eko Erresumaren sorreraren 1200. urteurrena izanen dute hizpide, 824ko batailaren ostean eman baitzen gertakari\u2026","rel":"","context":"In &quot;Berriak&quot;","block_context":{"text":"Berriak","link":"https:\/\/iratiirratia.eus\/index.php\/category\/berriak\/"},"img":{"alt_text":"","src":"https:\/\/i0.wp.com\/iratiirratia.eus\/wp-content\/uploads\/2024\/08\/OrreagaAg15.jpg?fit=848%2C1200&ssl=1&resize=350%2C200","width":350,"height":200,"srcset":"https:\/\/i0.wp.com\/iratiirratia.eus\/wp-content\/uploads\/2024\/08\/OrreagaAg15.jpg?fit=848%2C1200&ssl=1&resize=350%2C200 1x, https:\/\/i0.wp.com\/iratiirratia.eus\/wp-content\/uploads\/2024\/08\/OrreagaAg15.jpg?fit=848%2C1200&ssl=1&resize=525%2C300 1.5x, https:\/\/i0.wp.com\/iratiirratia.eus\/wp-content\/uploads\/2024\/08\/OrreagaAg15.jpg?fit=848%2C1200&ssl=1&resize=700%2C400 2x"},"classes":[]},{"id":18866,"url":"https:\/\/iratiirratia.eus\/index.php\/2023\/08\/11\/errotzabal-orreagako-gudaren-oroimena-hainbat-ekimenekin-landuko-dituzte-egun-hauetan\/","url_meta":{"origin":9158,"position":4},"title":"Errotzabal\/Orreagako gudaren oroimena hainbat ekimenekin landuko dituzte egun hauetan","author":"Irati Irratia","date":"11 abuztua, 2023","format":false,"excerpt":"Urtero lez abuztuaren 15aren inguruan izan ohi da Errotzabal\/Orreagako gudaren inguruko oroimen ekitaldia. Aurten ekitaldi andana antolatu dituzte Orreaga Fundazioak, Etxabarrengoak eta Luzaideko Udalak elkarlanean. Honen inguruan solasteko Orreaga fundazioko kidea den Koldo Amatria izan dugu gaurkoan. Egitaraua:Agorrilak 12- 19:00 Luzaideko Elizan Auzperri abesbatzaren kontzertuaAgorrilak 13- 11:30 Luzaideko monumentuaren inauguruazioaAgorrilak\u2026","rel":"","context":"In &quot;Berriak&quot;","block_context":{"text":"Berriak","link":"https:\/\/iratiirratia.eus\/index.php\/category\/berriak\/"},"img":{"alt_text":"","src":"https:\/\/i0.wp.com\/iratiirratia.eus\/wp-content\/uploads\/2023\/08\/364808594_2220067678384030_8296311656252442803_n.jpg?resize=350%2C200&ssl=1","width":350,"height":200},"classes":[]},{"id":24154,"url":"https:\/\/iratiirratia.eus\/index.php\/2026\/08\/18\/orreagako-gudaren-oroimen-ekitaldia-ospatu-dute-orreagan\/","url_meta":{"origin":9158,"position":5},"title":"Orreagako gudaren oroimen ekitaldia ospatu dute Orreagan","author":"Eneko Villegas","date":"18 abuztua, 2026","format":false,"excerpt":"Urtero lez Orreaga Fundazioak eta Etxabarrengoa Elkarteak Orreagako gudan aritutako baskoien oroimen ekitaldia egin zuten abuztuaren 15ean. 12etan izan zen zita Orreagan eta bertan Koldobike Valenciaren irrintziak ireki zuen ekitaldia. Pello Zabalza eta Fernando Zigandaren txalaparta hotsek eman zioten ekitaldiari segida. Aurkezle lanetan aritu ziren Etxabarrengoako Nere Ubau eta Karmele\u2026","rel":"","context":"In &quot;Berriak&quot;","block_context":{"text":"Berriak","link":"https:\/\/iratiirratia.eus\/index.php\/category\/berriak\/"},"img":{"alt_text":"","src":"https:\/\/i0.wp.com\/iratiirratia.eus\/wp-content\/uploads\/2026\/08\/WhatsApp-Image-2026-08-18-at-13.34.17.jpeg?fit=1200%2C900&ssl=1&resize=350%2C200","width":350,"height":200,"srcset":"https:\/\/i0.wp.com\/iratiirratia.eus\/wp-content\/uploads\/2026\/08\/WhatsApp-Image-2026-08-18-at-13.34.17.jpeg?fit=1200%2C900&ssl=1&resize=350%2C200 1x, https:\/\/i0.wp.com\/iratiirratia.eus\/wp-content\/uploads\/2026\/08\/WhatsApp-Image-2026-08-18-at-13.34.17.jpeg?fit=1200%2C900&ssl=1&resize=525%2C300 1.5x, https:\/\/i0.wp.com\/iratiirratia.eus\/wp-content\/uploads\/2026\/08\/WhatsApp-Image-2026-08-18-at-13.34.17.jpeg?fit=1200%2C900&ssl=1&resize=700%2C400 2x, https:\/\/i0.wp.com\/iratiirratia.eus\/wp-content\/uploads\/2026\/08\/WhatsApp-Image-2026-08-18-at-13.34.17.jpeg?fit=1200%2C900&ssl=1&resize=1050%2C600 3x"},"classes":[]}],"_links":{"self":[{"href":"https:\/\/iratiirratia.eus\/index.php\/wp-json\/wp\/v2\/posts\/9158"}],"collection":[{"href":"https:\/\/iratiirratia.eus\/index.php\/wp-json\/wp\/v2\/posts"}],"about":[{"href":"https:\/\/iratiirratia.eus\/index.php\/wp-json\/wp\/v2\/types\/post"}],"author":[{"embeddable":true,"href":"https:\/\/iratiirratia.eus\/index.php\/wp-json\/wp\/v2\/users\/1"}],"replies":[{"embeddable":true,"href":"https:\/\/iratiirratia.eus\/index.php\/wp-json\/wp\/v2\/comments?post=9158"}],"version-history":[{"count":1,"href":"https:\/\/iratiirratia.eus\/index.php\/wp-json\/wp\/v2\/posts\/9158\/revisions"}],"predecessor-version":[{"id":9162,"href":"https:\/\/iratiirratia.eus\/index.php\/wp-json\/wp\/v2\/posts\/9158\/revisions\/9162"}],"wp:featuredmedia":[{"embeddable":true,"href":"https:\/\/iratiirratia.eus\/index.php\/wp-json\/wp\/v2\/media\/9160"}],"wp:attachment":[{"href":"https:\/\/iratiirratia.eus\/index.php\/wp-json\/wp\/v2\/media?parent=9158"}],"wp:term":[{"taxonomy":"category","embeddable":true,"href":"https:\/\/iratiirratia.eus\/index.php\/wp-json\/wp\/v2\/categories?post=9158"},{"taxonomy":"post_tag","embeddable":true,"href":"https:\/\/iratiirratia.eus\/index.php\/wp-json\/wp\/v2\/tags?post=9158"}],"curies":[{"name":"wp","href":"https:\/\/api.w.org\/{rel}","templated":true}]}}